{"id":157360,"date":"2023-05-15T20:22:22","date_gmt":"2023-05-15T20:22:22","guid":{"rendered":"https:\/\/tecscience.tec.mx\/en\/?p=157360"},"modified":"2023-05-31T19:18:50","modified_gmt":"2023-05-31T19:18:50","slug":"dora-elvira-garcia-gonzalez","status":"publish","type":"post","link":"https:\/\/tecscience.tec.mx\/en\/human-social\/dora-elvira-garcia-gonzalez\/","title":{"rendered":"Dora Elvira Garc\u00eda Gonz\u00e1lez: \u201cPhilosophy raises awareness\u201d"},"content":{"rendered":"\n<p>By An\u00edbal Santiago <br><\/p>\n\n\n\n<p>\u201cBe punctual,\u201d was Dora Elvira Garc\u00eda Gonz\u00e1lez\u2019s request to the <em>TecScience<\/em> team coming to her home to interview and photograph her. Arriving on time, I spot her house from the rustic pathway that used to be the San \u00c1ngel river a century ago. She smiles as she answers the door, impeccably turned out in an orange jacket. \u201cHello,\u201d she says. Time is not wasted. In the space of 20 seconds, we\u2019re in her study overlooking the garden. Innumerable objects are piled on top of each other and squeezed onto shelves stacked with books around her desk: everything you can imagine.<\/p>\n\n\n\n<p>Sitting before me is <strong>one of this country\u2019s most important thinkers<\/strong>, whose reflections scratch Mexico\u2019s deepest wounds: gender and violence, abuse, injustice, exclusion, and inequality. Dora Elvira has a fixed and attentive gaze, as if she were digging into the internal world of whoever she is looking at.<\/p>\n\n\n\n<p>She notices my interest in a painting hanging over her head behind her desk. \u201cIt\u2019s the <a href=\"https:\/\/en.wikipedia.org\/wiki\/The_School_of_Athens\" target=\"_blank\" rel=\"noreferrer noopener\">School of Athens&#8230; <\/a>Raphael painted each philosopher according to what they thought,\u201d she explains. Explaining is her vocation, beginning over four decades ago when she became a teacher. Aristotle is pointing at the spectator: \u201cAs he spoke about context\u201d (ideas are based on the physical world). \u201cPlato is pointing at the sky because he speaks about topos hyperuranios (the \u201creal\u201d world is the spiritual realm of abstract ideas).\u201d I decide it best to lower my gaze to the physical world, her crowded desk.<\/p>\n\n\n\n<div style=\"height:25px\" aria-hidden=\"true\" class=\"wp-block-spacer\"><\/div>\n\n\n\n<p><strong><em>What\u2019s your research process like?<\/em><\/strong><\/p>\n\n\n\n<p>I read. One book takes you to another book, and that one takes you to another. I make notes in the margins and underline things. My desk is so untidy because I work on many books at once. I get up at 6:30 a.m. At that time, I\u2019m happy to sit at my desk and read in absolute silence, drinking coffee and water. Reading steals a lot of time away from spending time with my husband. Here, I read books for research. I read literature on the couch.<\/p>\n\n\n\n<p><em>Born in 1957, Dora Elvira was the third of five children in a family from San Pedro de los Pinos: \u201cI used to go cycling with my friends; I\u2019ve always loved cycling. It was a peaceful neighborhood of families who all knew each other. We\u2019d all relax in Pombo park,\u201d she recalls.<\/em><\/p>\n\n\n\n<p><strong><em>What was the intellectual life of your family like?&nbsp;<\/em><\/strong><\/p>\n\n\n\n<p>I grew up surrounded by books. Although my dad was a public accountant, he encouraged his children to read. He recommended books to us from his extensive library. In the evenings, he\u2019d read on the couch in his room. At the weekends, he\u2019d go into his study to read about history and philosophy. Classical music was also important: I took flamenco classes and learned to play piano and accordion from an early age.<\/p>\n\n\n\n<p>Besides my family, I was also influenced by my school: Colegio Madrid. They were teachers with revolutionary left-wing ideas who\u2019d been exiled from Spain, who influenced my thirst for knowledge. Anger and my desire to build a better world have marked me since elementary school. At high school, my teacher Laura Freij\u00f3o introduced me to philosophy. She suggested authors such as Ortega y Gasset, for whom philosophy was marked by its time.<\/p>\n\n\n\n<p><em>Dora Elvira received the <a href=\"https:\/\/premioromulogarza.tec.mx\/es\/premios-anteriores\" target=\"_blank\" rel=\"noreferrer noopener\">Romulo Garza Insignia Award in 2020,<\/a> the highest recognition a Tec researcher can receive. Her study is a universe of objects, a kind of museum that serves thought: sculptures, pens, photos, pages covered in handwriting, China seals, a Don Quixote bookmark, a printer, a glass of water, folders, a cup of coffee, and Dali\u2019s melted clock (life here runs counterclockwise).<\/em><\/p>\n\n\n\n<p><strong><em>Which books made an impression on you when you were little?<\/em><\/strong><\/p>\n\n\n\n<p><em>Little Women<\/em>, and from Mexican literature, <em>The Bandits from R\u00edo Fr\u00edo<\/em> by Manuel Payno, and <em>Clemencia<\/em> by Manuel Altamirano.<\/p>\n\n\n\n<p><strong><em>Why did you study philosophy?<\/em><\/strong><\/p>\n\n\n\n<p>To understand inequality, injustice, exclusion, and poverty. I wanted to study at the UNAM, but my dad refused because of all the strikes: the 1968 movement was brimming over. I studied at Universidad Iberoamericana, which questioned the status quo less. Although the Jesuits were open, brave, and committed to society, their line was a religious one. We barely studied Marxism. At the UIA, my interest inclined toward political ethics, theories of justice, overcoming violence, and philosophy of peace.&nbsp;<\/p>\n\n\n\n<p><strong><em>What was it like studying philosophy in a sexist country?<\/em><\/strong><\/p>\n\n\n\n<p>I got married very young and my desire to teach was questioned. It wasn\u2019t the path marked out for me by society; it wasn\u2019t a matter for debate in my home, but I put my foot down: I wanted to teach after college. My dad asked me: \u201cWhy work if your husband Jos\u00e9 Luis already has a job? You\u2019re in charge of raising your kids; you\u2019ll neglect them.\u201d But he wasn\u2019t going to limit my passion. I spent ten years studying for a master\u2019s and a PhD while bringing up three kids and giving classes. I did everything I had to, although the moms of my kids\u2019 friends excluded me because I didn\u2019t go to their breakfasts or inconsequential meetings. They thought: \u201cPoor woman, she has to give classes.\u201d They didn\u2019t know that I was fortunate to give classes.<\/p>\n\n\n\n<p><\/p>\n\n\n\n<figure class=\"wp-block-image alignleft size-full is-resized\"><picture>\r\n                <source srcset=\"https:\/\/tecscience.tec.mx\/en\/wp-content\/uploads\/sites\/9\/2023\/05\/WhatsApp-Image-2023-05-15-at-11.04.29-AM.webp\" type=\"image\/webp\">\r\n                <img fetchpriority=\"high\" decoding=\"async\" src=\"https:\/\/tecscience.tec.mx\/en\/wp-content\/uploads\/sites\/9\/2023\/05\/WhatsApp-Image-2023-05-15-at-11.04.29-AM.jpeg\" alt=\"Family of 5 members \" class=\"wp-image-157364\" width=\"229\" height=\"371\" srcset=\"https:\/\/tecscience.tec.mx\/en\/wp-content\/uploads\/sites\/9\/2023\/05\/WhatsApp-Image-2023-05-15-at-11.04.29-AM.jpeg 591w, https:\/\/tecscience.tec.mx\/en\/wp-content\/uploads\/sites\/9\/2023\/05\/WhatsApp-Image-2023-05-15-at-11.04.29-AM-185x300.jpeg 185w\" sizes=\"(max-width: 229px) 100vw, 229px\" \/>\r\n            <\/picture><figcaption class=\"wp-element-caption\">Dora Elvira with her husband, Jos\u00e9 Luis, and their three children. (Photo: Courtesy)<\/figcaption><\/figure>\n\n\n\n<div style=\"height:0px\" aria-hidden=\"true\" class=\"wp-block-spacer\"><\/div>\n\n\n\n<h2 class=\"wp-block-heading\">The importance of teaching philosophy <\/h2>\n\n\n\n<p><em>Dora Elvira, who is the Coordinator of the <a href=\"https:\/\/www.cecupa.org\/blank\" target=\"_blank\" rel=\"noreferrer noopener\"><strong>UNESCO Chair for Ethics, Culture of Peace, and Human Rights, <\/strong><\/a>author of books such as <\/em>Del poder pol\u00edtico al amor al mundo<em>, <\/em>Hermen\u00e9utica anal\u00f3gica, pol\u00edtica y cultura<em>, and <\/em><a href=\"https:\/\/www.scribd.com\/document\/426492317\/ETICA-PROFESION-Y-CIUDADANIA\" target=\"_blank\" rel=\"noreferrer noopener\">\u00c9tica, profesi\u00f3n y ciudadan\u00eda<\/a><em>, knows how to listen. She looks you in the eye, never interrupts, and keeps long silences before answering. Before responding, she processes the words that she doles out.<\/em><\/p>\n\n\n\n<p><strong><em>Describe yourself as a teacher.<\/em><\/strong><\/p>\n\n\n\n<p>I\u2019ve prepared my classes all my life; I make a lesson plan. But if there are any questions or detours to current issues, I go off course. What students say is as important and valuable as what I have to say.<\/p>\n\n\n\n<p><strong><em>How do you feel you can improve in that area?<\/em><\/strong><\/p>\n\n\n\n<p>I have an immense challenge: translating complicated and deep subjects for students with prejudices about philosophy. They think that all you have to do is make big speeches. They\u2019re prejudiced about any form of self-examination. Philosophy raises awareness: the kids who are going to run companies or public agencies can help make a difference.<\/p>\n\n\n\n<p><strong><em>Should philosophy be taught to children?<\/em><\/strong><\/p>\n\n\n\n<p>It would be a great success. Children are deeply philosophical: they question everything. School stops them asking questions; kids who ask a lot of questions are made to feel uncomfortable. Critical children could become capable people in any subject. If nobody shuts them up and puts them in their place, they ask questions, find problems, they\u2019re critical (her hand comes down on the table three times to mark these phrases, making her bracelets shake).<\/p>\n\n\n\n<p><strong><em>Is the current government unphilosophical? The official line is: \u201cDon\u2019t question, don\u2019t ask; the world is black and white.\u201d<\/em><\/strong><\/p>\n\n\n\n<p>Polarizations are a huge mistake. They don\u2019t provide solutions to a society that is already divided, resentful, and iniquitous. Valuable thinking is not just about black and white, but the gray spaces in between, not whether we toe the official line or not. There\u2019s a lot of regressive thinking.<\/p>\n\n\n\n<p><em>She began giving classes at the Tec 20 years ago \u201cto help students think clearly and understand the world through philosophy.\u201d Her academic community introduced \u201ccross-cutting ethics\u201d so that reflections on humanity from different disciplines were close to what professors, directors, and employees were doing.<\/em><\/p>\n\n\n\n<p><\/p>\n\n\n\n<h2 class=\"wp-block-heading\">To build a better world<\/h2>\n\n\n\n<p><em>There are thousands of books everywhere, in front and behind. Dora Elvira, who holds a master\u2019s and a PhD from the UNAM, an Insignia Award from the Tec, and was Research Director at the <a href=\"https:\/\/sitios.itesm.mx\/ehe\/\" target=\"_blank\" rel=\"noreferrer noopener\">School of Education, Humanities, and Social Sciences at the Tec,<\/a> as well as director of the institution\u2019s journal <\/em><a href=\"https:\/\/www.enclavesdelpensamiento.mx\/index.php\/enclaves\" target=\"_blank\" rel=\"noreferrer noopener\">En-claves del Pensamiento<em>,<\/em><\/a><em> is embraced by a world of books. Looking around at random, I spot <\/em>Utopia and Disenchantment<em> by Claudio Magris; <\/em>Time of the Magicians<em> by Wolfram Eilenberger; and one of her own: <\/em>Trascender la violencia.<\/p>\n\n\n\n<p><strong><em>Which book would you suggest reading to someone taking up philosophy?<\/em><\/strong><\/p>\n\n\n\n<p><em>The Human Condition<\/em> by Hannah Arendt. It\u2019s enlightening. She opened my eyes.<\/p>\n\n\n\n<p><strong><em>Now that you\u2019ve received the Mujer Tec Award for your research on gender perspective, what do you think of feminism in Mexico?<\/em><\/strong><\/p>\n\n\n\n<p>Although we\u2019ve made progress, there\u2019s a lot of reticence due to a lack of knowledge and prejudice. Feminism implies involving the masculine: <strong>men and women lose in this system. We have to deconstruct the model so that both can live to the full.<\/strong> We need our higher education to investigate and speak about it. If youngsters don\u2019t stop to think about the importance of these subjects and don\u2019t do the theoretical work, it will be hard to make any change. For instance, they have to know that women everywhere have spoken up about ecocide. They look at the farms, the polluted water, and the lack of water because it was taken out of the springs nearby or because it doesn\u2019t rain anymore after the forests were cut down.<\/p>\n\n\n\n<p><strong><em>What does the School of Humanities want to do now?<\/em><\/strong><\/p>\n\n\n\n<p>To provide instruments for being critical, valuing the dignity of people and their actions, from human perspectives and not necessarily from the statistical, technological, and economic perspectives the world is suffering from. It seeks to build a better world.<\/p>\n\n\n\n<p><em>This mother of three is now a grandmother: \u201cI enjoy and dedicate myself body and soul to my grandchildren. I read them stories, we run around in the garden, and we play ball. I have many things to do, but I give them quality time.\u201d<\/em><\/p>\n\n\n\n<p><em>Time, as always. Elvira looks at the clock and gets up. The interview is over: there are many things to do.<\/em><\/p>\n","protected":false},"excerpt":{"rendered":"<p>Winner of the 2023 Mujer Tec Award due to her promotion of gender equality and eradication of violence, remarks that Mexico would overcome many of its big problems if philosophy were an integral part of education from childhood.<\/p>\n","protected":false},"author":18,"featured_media":157362,"comment_status":"closed","ping_status":"closed","sticky":false,"template":"","format":"standard","meta":{"_acf_changed":false,"_eb_attr":"","footnotes":""},"categories":[89],"tags":[123],"class_list":["post-157360","post","type-post","status-publish","format-standard","has-post-thumbnail","hentry","category-human-social","tag-meet-the-scientist"],"acf":[],"yoast_head":"<!-- This site is optimized with the Yoast SEO Premium plugin v21.0 (Yoast SEO v27.4) - https:\/\/yoast.com\/product\/yoast-seo-premium-wordpress\/ -->\n<title>Dora Elvira Garc\u00eda Gonz\u00e1lez: \u201cPhilosophy raises awareness\u201d | TecScience<\/title>\n<meta name=\"description\" content=\"Dora Elvira Garc\u00eda, winner of the Women Tec 2023 award for her promotion of gender equality, is one of the greatest Mexican thinkers.\" \/>\n<meta name=\"robots\" content=\"index, follow, max-snippet:-1, max-image-preview:large, max-video-preview:-1\" \/>\n<link rel=\"canonical\" href=\"https:\/\/tecscience.tec.mx\/en\/human-social\/dora-elvira-garcia-gonzalez\/\" \/>\n<meta property=\"og:locale\" content=\"en_US\" \/>\n<meta property=\"og:type\" content=\"article\" \/>\n<meta property=\"og:title\" content=\"Dora Elvira Garc\u00eda Gonz\u00e1lez: \u201cPhilosophy raises awareness\u201d\" \/>\n<meta property=\"og:description\" content=\"Dora Elvira Garc\u00eda, winner of the Women Tec 2023 award for her promotion of gender equality, is one of the greatest Mexican thinkers.\" \/>\n<meta property=\"og:url\" content=\"https:\/\/tecscience.tec.mx\/en\/human-social\/dora-elvira-garcia-gonzalez\/\" \/>\n<meta property=\"og:site_name\" content=\"TecScience\" \/>\n<meta property=\"article:published_time\" content=\"2023-05-15T20:22:22+00:00\" \/>\n<meta property=\"article:modified_time\" content=\"2023-05-31T19:18:50+00:00\" \/>\n<meta property=\"og:image\" content=\"https:\/\/tecscience.tec.mx\/en\/wp-content\/uploads\/sites\/9\/2023\/05\/W6A0108_propuesta-02.jpg\" \/>\n\t<meta property=\"og:image:width\" content=\"1200\" \/>\n\t<meta property=\"og:image:height\" content=\"799\" \/>\n\t<meta property=\"og:image:type\" content=\"image\/jpeg\" \/>\n<meta name=\"author\" content=\"TecScience\" \/>\n<meta name=\"twitter:card\" content=\"summary_large_image\" \/>\n<meta name=\"twitter:label1\" content=\"Written by\" \/>\n\t<meta name=\"twitter:data1\" content=\"TecScience\" \/>\n\t<meta name=\"twitter:label2\" content=\"Est. reading time\" \/>\n\t<meta name=\"twitter:data2\" content=\"8 minutes\" \/>\n<script type=\"application\/ld+json\" class=\"yoast-schema-graph\">{\"@context\":\"https:\\\/\\\/schema.org\",\"@graph\":[{\"@type\":\"Article\",\"@id\":\"https:\\\/\\\/tecscience.tec.mx\\\/en\\\/human-social\\\/dora-elvira-garcia-gonzalez\\\/#article\",\"isPartOf\":{\"@id\":\"https:\\\/\\\/tecscience.tec.mx\\\/en\\\/human-social\\\/dora-elvira-garcia-gonzalez\\\/\"},\"author\":{\"name\":\"TecScience\",\"@id\":\"https:\\\/\\\/tecscience.tec.mx\\\/en\\\/#\\\/schema\\\/person\\\/2cb21529224a81080d5bb51f3ff1587e\"},\"headline\":\"Dora Elvira Garc\u00eda Gonz\u00e1lez: \u201cPhilosophy raises awareness\u201d\",\"datePublished\":\"2023-05-15T20:22:22+00:00\",\"dateModified\":\"2023-05-31T19:18:50+00:00\",\"mainEntityOfPage\":{\"@id\":\"https:\\\/\\\/tecscience.tec.mx\\\/en\\\/human-social\\\/dora-elvira-garcia-gonzalez\\\/\"},\"wordCount\":1701,\"publisher\":{\"@id\":\"https:\\\/\\\/tecscience.tec.mx\\\/en\\\/#organization\"},\"image\":{\"@id\":\"https:\\\/\\\/tecscience.tec.mx\\\/en\\\/human-social\\\/dora-elvira-garcia-gonzalez\\\/#primaryimage\"},\"thumbnailUrl\":\"https:\\\/\\\/tecscience.tec.mx\\\/en\\\/wp-content\\\/uploads\\\/sites\\\/9\\\/2023\\\/05\\\/W6A0108_propuesta-02.jpg\",\"keywords\":[\"meet the scientist\"],\"articleSection\":[\"Human &amp; Social\"],\"inLanguage\":\"en-US\"},{\"@type\":\"WebPage\",\"@id\":\"https:\\\/\\\/tecscience.tec.mx\\\/en\\\/human-social\\\/dora-elvira-garcia-gonzalez\\\/\",\"url\":\"https:\\\/\\\/tecscience.tec.mx\\\/en\\\/human-social\\\/dora-elvira-garcia-gonzalez\\\/\",\"name\":\"Dora Elvira Garc\u00eda Gonz\u00e1lez: \u201cPhilosophy raises awareness\u201d | TecScience\",\"isPartOf\":{\"@id\":\"https:\\\/\\\/tecscience.tec.mx\\\/en\\\/#website\"},\"primaryImageOfPage\":{\"@id\":\"https:\\\/\\\/tecscience.tec.mx\\\/en\\\/human-social\\\/dora-elvira-garcia-gonzalez\\\/#primaryimage\"},\"image\":{\"@id\":\"https:\\\/\\\/tecscience.tec.mx\\\/en\\\/human-social\\\/dora-elvira-garcia-gonzalez\\\/#primaryimage\"},\"thumbnailUrl\":\"https:\\\/\\\/tecscience.tec.mx\\\/en\\\/wp-content\\\/uploads\\\/sites\\\/9\\\/2023\\\/05\\\/W6A0108_propuesta-02.jpg\",\"datePublished\":\"2023-05-15T20:22:22+00:00\",\"dateModified\":\"2023-05-31T19:18:50+00:00\",\"description\":\"Dora Elvira Garc\u00eda, winner of the Women Tec 2023 award for her promotion of gender equality, is one of the greatest Mexican thinkers.\",\"breadcrumb\":{\"@id\":\"https:\\\/\\\/tecscience.tec.mx\\\/en\\\/human-social\\\/dora-elvira-garcia-gonzalez\\\/#breadcrumb\"},\"inLanguage\":\"en-US\",\"potentialAction\":[{\"@type\":\"ReadAction\",\"target\":[\"https:\\\/\\\/tecscience.tec.mx\\\/en\\\/human-social\\\/dora-elvira-garcia-gonzalez\\\/\"]}]},{\"@type\":\"ImageObject\",\"inLanguage\":\"en-US\",\"@id\":\"https:\\\/\\\/tecscience.tec.mx\\\/en\\\/human-social\\\/dora-elvira-garcia-gonzalez\\\/#primaryimage\",\"url\":\"https:\\\/\\\/tecscience.tec.mx\\\/en\\\/wp-content\\\/uploads\\\/sites\\\/9\\\/2023\\\/05\\\/W6A0108_propuesta-02.jpg\",\"contentUrl\":\"https:\\\/\\\/tecscience.tec.mx\\\/en\\\/wp-content\\\/uploads\\\/sites\\\/9\\\/2023\\\/05\\\/W6A0108_propuesta-02.jpg\",\"width\":1200,\"height\":799,\"caption\":\"She is one of the most important thinkers in our country, author of numerous books on ethics, politics, and equity. Winner of the R\u00f3mulo Garza Insignia Award 2020. (Photo: Rodrigo Oropeza \\\/ TecScience)\"},{\"@type\":\"BreadcrumbList\",\"@id\":\"https:\\\/\\\/tecscience.tec.mx\\\/en\\\/human-social\\\/dora-elvira-garcia-gonzalez\\\/#breadcrumb\",\"itemListElement\":[{\"@type\":\"ListItem\",\"position\":1,\"name\":\"Home\",\"item\":\"https:\\\/\\\/tecscience.tec.mx\\\/en\\\/\"},{\"@type\":\"ListItem\",\"position\":2,\"name\":\"Dora Elvira Garc\u00eda Gonz\u00e1lez: \u201cPhilosophy raises awareness\u201d\"}]},{\"@type\":\"WebSite\",\"@id\":\"https:\\\/\\\/tecscience.tec.mx\\\/en\\\/#website\",\"url\":\"https:\\\/\\\/tecscience.tec.mx\\\/en\\\/\",\"name\":\"TecScience\",\"description\":\"-\",\"publisher\":{\"@id\":\"https:\\\/\\\/tecscience.tec.mx\\\/en\\\/#organization\"},\"potentialAction\":[{\"@type\":\"SearchAction\",\"target\":{\"@type\":\"EntryPoint\",\"urlTemplate\":\"https:\\\/\\\/tecscience.tec.mx\\\/en\\\/?s={search_term_string}\"},\"query-input\":{\"@type\":\"PropertyValueSpecification\",\"valueRequired\":true,\"valueName\":\"search_term_string\"}}],\"inLanguage\":\"en-US\"},{\"@type\":\"Organization\",\"@id\":\"https:\\\/\\\/tecscience.tec.mx\\\/en\\\/#organization\",\"name\":\"TecScience\",\"url\":\"https:\\\/\\\/tecscience.tec.mx\\\/en\\\/\",\"logo\":{\"@type\":\"ImageObject\",\"inLanguage\":\"en-US\",\"@id\":\"https:\\\/\\\/tecscience.tec.mx\\\/en\\\/#\\\/schema\\\/logo\\\/image\\\/\",\"url\":\"https:\\\/\\\/tecscience.tec.mx\\\/en\\\/wp-content\\\/uploads\\\/sites\\\/9\\\/2022\\\/11\\\/logo-negro-tecscience.svg\",\"contentUrl\":\"https:\\\/\\\/tecscience.tec.mx\\\/en\\\/wp-content\\\/uploads\\\/sites\\\/9\\\/2022\\\/11\\\/logo-negro-tecscience.svg\",\"width\":250,\"height\":38,\"caption\":\"TecScience\"},\"image\":{\"@id\":\"https:\\\/\\\/tecscience.tec.mx\\\/en\\\/#\\\/schema\\\/logo\\\/image\\\/\"}},{\"@type\":\"Person\",\"@id\":\"https:\\\/\\\/tecscience.tec.mx\\\/en\\\/#\\\/schema\\\/person\\\/2cb21529224a81080d5bb51f3ff1587e\",\"name\":\"TecScience\",\"image\":{\"@type\":\"ImageObject\",\"inLanguage\":\"en-US\",\"@id\":\"https:\\\/\\\/secure.gravatar.com\\\/avatar\\\/e6a0e74259e313ed3fefde7854d31aa0a2caf7e52ddf9c0baa19e015b7bb5751?s=96&d=mm&r=g\",\"url\":\"https:\\\/\\\/secure.gravatar.com\\\/avatar\\\/e6a0e74259e313ed3fefde7854d31aa0a2caf7e52ddf9c0baa19e015b7bb5751?s=96&d=mm&r=g\",\"contentUrl\":\"https:\\\/\\\/secure.gravatar.com\\\/avatar\\\/e6a0e74259e313ed3fefde7854d31aa0a2caf7e52ddf9c0baa19e015b7bb5751?s=96&d=mm&r=g\",\"caption\":\"TecScience\"},\"url\":\"https:\\\/\\\/tecscience.tec.mx\\\/en\\\/author\\\/tscience\\\/\"}]}<\/script>\n<!-- \/ Yoast SEO Premium plugin. -->","yoast_head_json":{"title":"Dora Elvira Garc\u00eda Gonz\u00e1lez: \u201cPhilosophy raises awareness\u201d | TecScience","description":"Dora Elvira Garc\u00eda, winner of the Women Tec 2023 award for her promotion of gender equality, is one of the greatest Mexican thinkers.","robots":{"index":"index","follow":"follow","max-snippet":"max-snippet:-1","max-image-preview":"max-image-preview:large","max-video-preview":"max-video-preview:-1"},"canonical":"https:\/\/tecscience.tec.mx\/en\/human-social\/dora-elvira-garcia-gonzalez\/","og_locale":"en_US","og_type":"article","og_title":"Dora Elvira Garc\u00eda Gonz\u00e1lez: \u201cPhilosophy raises awareness\u201d","og_description":"Dora Elvira Garc\u00eda, winner of the Women Tec 2023 award for her promotion of gender equality, is one of the greatest Mexican thinkers.","og_url":"https:\/\/tecscience.tec.mx\/en\/human-social\/dora-elvira-garcia-gonzalez\/","og_site_name":"TecScience","article_published_time":"2023-05-15T20:22:22+00:00","article_modified_time":"2023-05-31T19:18:50+00:00","og_image":[{"width":1200,"height":799,"url":"https:\/\/tecscience.tec.mx\/en\/wp-content\/uploads\/sites\/9\/2023\/05\/W6A0108_propuesta-02.jpg","type":"image\/jpeg"}],"author":"TecScience","twitter_card":"summary_large_image","twitter_misc":{"Written by":"TecScience","Est. reading time":"8 minutes"},"schema":{"@context":"https:\/\/schema.org","@graph":[{"@type":"Article","@id":"https:\/\/tecscience.tec.mx\/en\/human-social\/dora-elvira-garcia-gonzalez\/#article","isPartOf":{"@id":"https:\/\/tecscience.tec.mx\/en\/human-social\/dora-elvira-garcia-gonzalez\/"},"author":{"name":"TecScience","@id":"https:\/\/tecscience.tec.mx\/en\/#\/schema\/person\/2cb21529224a81080d5bb51f3ff1587e"},"headline":"Dora Elvira Garc\u00eda Gonz\u00e1lez: \u201cPhilosophy raises awareness\u201d","datePublished":"2023-05-15T20:22:22+00:00","dateModified":"2023-05-31T19:18:50+00:00","mainEntityOfPage":{"@id":"https:\/\/tecscience.tec.mx\/en\/human-social\/dora-elvira-garcia-gonzalez\/"},"wordCount":1701,"publisher":{"@id":"https:\/\/tecscience.tec.mx\/en\/#organization"},"image":{"@id":"https:\/\/tecscience.tec.mx\/en\/human-social\/dora-elvira-garcia-gonzalez\/#primaryimage"},"thumbnailUrl":"https:\/\/tecscience.tec.mx\/en\/wp-content\/uploads\/sites\/9\/2023\/05\/W6A0108_propuesta-02.jpg","keywords":["meet the scientist"],"articleSection":["Human &amp; Social"],"inLanguage":"en-US"},{"@type":"WebPage","@id":"https:\/\/tecscience.tec.mx\/en\/human-social\/dora-elvira-garcia-gonzalez\/","url":"https:\/\/tecscience.tec.mx\/en\/human-social\/dora-elvira-garcia-gonzalez\/","name":"Dora Elvira Garc\u00eda Gonz\u00e1lez: \u201cPhilosophy raises awareness\u201d | TecScience","isPartOf":{"@id":"https:\/\/tecscience.tec.mx\/en\/#website"},"primaryImageOfPage":{"@id":"https:\/\/tecscience.tec.mx\/en\/human-social\/dora-elvira-garcia-gonzalez\/#primaryimage"},"image":{"@id":"https:\/\/tecscience.tec.mx\/en\/human-social\/dora-elvira-garcia-gonzalez\/#primaryimage"},"thumbnailUrl":"https:\/\/tecscience.tec.mx\/en\/wp-content\/uploads\/sites\/9\/2023\/05\/W6A0108_propuesta-02.jpg","datePublished":"2023-05-15T20:22:22+00:00","dateModified":"2023-05-31T19:18:50+00:00","description":"Dora Elvira Garc\u00eda, winner of the Women Tec 2023 award for her promotion of gender equality, is one of the greatest Mexican thinkers.","breadcrumb":{"@id":"https:\/\/tecscience.tec.mx\/en\/human-social\/dora-elvira-garcia-gonzalez\/#breadcrumb"},"inLanguage":"en-US","potentialAction":[{"@type":"ReadAction","target":["https:\/\/tecscience.tec.mx\/en\/human-social\/dora-elvira-garcia-gonzalez\/"]}]},{"@type":"ImageObject","inLanguage":"en-US","@id":"https:\/\/tecscience.tec.mx\/en\/human-social\/dora-elvira-garcia-gonzalez\/#primaryimage","url":"https:\/\/tecscience.tec.mx\/en\/wp-content\/uploads\/sites\/9\/2023\/05\/W6A0108_propuesta-02.jpg","contentUrl":"https:\/\/tecscience.tec.mx\/en\/wp-content\/uploads\/sites\/9\/2023\/05\/W6A0108_propuesta-02.jpg","width":1200,"height":799,"caption":"She is one of the most important thinkers in our country, author of numerous books on ethics, politics, and equity. Winner of the R\u00f3mulo Garza Insignia Award 2020. (Photo: Rodrigo Oropeza \/ TecScience)"},{"@type":"BreadcrumbList","@id":"https:\/\/tecscience.tec.mx\/en\/human-social\/dora-elvira-garcia-gonzalez\/#breadcrumb","itemListElement":[{"@type":"ListItem","position":1,"name":"Home","item":"https:\/\/tecscience.tec.mx\/en\/"},{"@type":"ListItem","position":2,"name":"Dora Elvira Garc\u00eda Gonz\u00e1lez: \u201cPhilosophy raises awareness\u201d"}]},{"@type":"WebSite","@id":"https:\/\/tecscience.tec.mx\/en\/#website","url":"https:\/\/tecscience.tec.mx\/en\/","name":"TecScience","description":"-","publisher":{"@id":"https:\/\/tecscience.tec.mx\/en\/#organization"},"potentialAction":[{"@type":"SearchAction","target":{"@type":"EntryPoint","urlTemplate":"https:\/\/tecscience.tec.mx\/en\/?s={search_term_string}"},"query-input":{"@type":"PropertyValueSpecification","valueRequired":true,"valueName":"search_term_string"}}],"inLanguage":"en-US"},{"@type":"Organization","@id":"https:\/\/tecscience.tec.mx\/en\/#organization","name":"TecScience","url":"https:\/\/tecscience.tec.mx\/en\/","logo":{"@type":"ImageObject","inLanguage":"en-US","@id":"https:\/\/tecscience.tec.mx\/en\/#\/schema\/logo\/image\/","url":"https:\/\/tecscience.tec.mx\/en\/wp-content\/uploads\/sites\/9\/2022\/11\/logo-negro-tecscience.svg","contentUrl":"https:\/\/tecscience.tec.mx\/en\/wp-content\/uploads\/sites\/9\/2022\/11\/logo-negro-tecscience.svg","width":250,"height":38,"caption":"TecScience"},"image":{"@id":"https:\/\/tecscience.tec.mx\/en\/#\/schema\/logo\/image\/"}},{"@type":"Person","@id":"https:\/\/tecscience.tec.mx\/en\/#\/schema\/person\/2cb21529224a81080d5bb51f3ff1587e","name":"TecScience","image":{"@type":"ImageObject","inLanguage":"en-US","@id":"https:\/\/secure.gravatar.com\/avatar\/e6a0e74259e313ed3fefde7854d31aa0a2caf7e52ddf9c0baa19e015b7bb5751?s=96&d=mm&r=g","url":"https:\/\/secure.gravatar.com\/avatar\/e6a0e74259e313ed3fefde7854d31aa0a2caf7e52ddf9c0baa19e015b7bb5751?s=96&d=mm&r=g","contentUrl":"https:\/\/secure.gravatar.com\/avatar\/e6a0e74259e313ed3fefde7854d31aa0a2caf7e52ddf9c0baa19e015b7bb5751?s=96&d=mm&r=g","caption":"TecScience"},"url":"https:\/\/tecscience.tec.mx\/en\/author\/tscience\/"}]}},"_links":{"self":[{"href":"https:\/\/tecscience.tec.mx\/en\/wp-json\/wp\/v2\/posts\/157360","targetHints":{"allow":["GET"]}}],"collection":[{"href":"https:\/\/tecscience.tec.mx\/en\/wp-json\/wp\/v2\/posts"}],"about":[{"href":"https:\/\/tecscience.tec.mx\/en\/wp-json\/wp\/v2\/types\/post"}],"author":[{"embeddable":true,"href":"https:\/\/tecscience.tec.mx\/en\/wp-json\/wp\/v2\/users\/18"}],"replies":[{"embeddable":true,"href":"https:\/\/tecscience.tec.mx\/en\/wp-json\/wp\/v2\/comments?post=157360"}],"version-history":[{"count":0,"href":"https:\/\/tecscience.tec.mx\/en\/wp-json\/wp\/v2\/posts\/157360\/revisions"}],"wp:featuredmedia":[{"embeddable":true,"href":"https:\/\/tecscience.tec.mx\/en\/wp-json\/wp\/v2\/media\/157362"}],"wp:attachment":[{"href":"https:\/\/tecscience.tec.mx\/en\/wp-json\/wp\/v2\/media?parent=157360"}],"wp:term":[{"taxonomy":"category","embeddable":true,"href":"https:\/\/tecscience.tec.mx\/en\/wp-json\/wp\/v2\/categories?post=157360"},{"taxonomy":"post_tag","embeddable":true,"href":"https:\/\/tecscience.tec.mx\/en\/wp-json\/wp\/v2\/tags?post=157360"}],"curies":[{"name":"wp","href":"https:\/\/api.w.org\/{rel}","templated":true}]}}