{"id":158438,"date":"2023-08-22T19:36:10","date_gmt":"2023-08-22T19:36:10","guid":{"rendered":"https:\/\/tecscience.tec.mx\/en\/?p=158438"},"modified":"2024-12-10T17:26:04","modified_gmt":"2024-12-10T23:26:04","slug":"eg-5","status":"publish","type":"post","link":"https:\/\/tecscience.tec.mx\/en\/health\/eg-5\/","title":{"rendered":"Should I worry about EG.5?"},"content":{"rendered":"\n<p>Although the COVID-19 health crisis ended in early May, it is important to remember that the virus continues to circulate among us.<\/p>\n\n\n\n<p>A new subvariant called EG.5, or Eris, is on the rise in countries such as the United States, China, Japan, Canada, and South Korea. On August 9, 2023, the <a href=\"https:\/\/www.who.int\/docs\/default-source\/coronaviruse\/09082023eg.5_ire_final.pdf?sfvrsn=2aa2daee_3\" target=\"_blank\" rel=\"noreferrer noopener\">World Health Organization (WHO) declared it as a variant of interest<\/a>. In Mexico, only two cases of Eris have been reported, both in Mexico City.<\/p>\n\n\n\n<p>&#8220;At the moment, this is not enough of a risk to decree that we are once again in a pandemic,&#8221; explains <a href=\"https:\/\/www.tecsalud.mx\/directorio-medico\/dr-michel-fernando-martinez-resendez\" target=\"_blank\" rel=\"noreferrer noopener\">Michel Mart\u00ednez Res\u00e9ndez<\/a>, an infectious disease specialist and leader of the Epidemiological Surveillance Unit at <a href=\"https:\/\/tecscience.tec.mx\/en\/tag\/tecsalud\/\" target=\"_blank\" rel=\"noreferrer noopener\">TecSalud<\/a>.<\/p>\n\n\n\n<h2 class=\"wp-block-heading\"><strong>Where did EG.5 come from and what are its features?<\/strong><\/h2>\n\n\n\n<p>EG.5 is a subvariant of XBB, a group of SARS-CoV-2 variants that are characterized by a faster spread and by being able to overcome immunity acquired against the virus through vaccination or previous infections, which makes them more contagious.<\/p>\n\n\n\n<p>The <a href=\"https:\/\/outbreak.info\/situation-reports?xmin=2023-02-22&amp;xmax=2023-08-22&amp;loc=USA&amp;loc=USA_US-CA&amp;loc=Worldwide&amp;loc=Worldwide&amp;pango=EG.5&amp;selected=Worldwide\" target=\"_blank\" rel=\"noreferrer noopener\">EG.5 version <\/a>of the virus presents mutations in the spike protein, which is related to its transmissibility.<\/p>\n\n\n\n<p>In the United States, the subvariant already represents 17% of new infections and  it is causing significant increases in new cases of this disease worldwide. Between July 10 and August 6, an 80% increase in new cases was reported compared to the previous month.<\/p>\n\n\n\n<p>&#8220;At the moment, it does not seem to be more severe in terms of clinical cases, but that doesn&#8217;t mean we shouldn&#8217;t be following this variant closely in the coming weeks,&#8221; says Mart\u00ednez.<\/p>\n\n\n\n<h2 class=\"wp-block-heading\"><strong>Recommendations to prevent infections<\/strong><\/h2>\n\n\n\n<p>For now, Mart\u00ednez recommends that people who have not received a vaccine booster for more than a year do so since approved vaccines that are available globally have been shown to protect against severe COVID-19 disease.<\/p>\n\n\n\n<p>If people are over 65 years of age or are immunocompromised by chemotherapy treatments against some type of cancer, cardiovascular disease, chronic liver disease, COPD, or chronic lung disease, it is important to reinforce safety measures and use face masks when they are in crowded places.<\/p>\n\n\n\n<p>People should take a rapid antigen test if they suspect they have COVID-19. If they test positive, they should see a doctor so they can be prescribed an antiviral.<\/p>\n\n\n\n<p>Currently, there are two antivirals that treat the disease, which are <strong>paxlovid and redemsivir<\/strong>.<\/p>\n\n\n\n<p>&#8220;The progression of COVID-19 is avoided by taking the antiviral within the first 5 days, maximum 7, of the condition starting,&#8221; explains Mart\u00ednez.<\/p>\n\n\n\n<h2 class=\"wp-block-heading\"><strong>RNA Vaccines and the future of COVID-19<\/strong><\/h2>\n\n\n\n<p>According to Mart\u00ednez, anyone who has access to the <a href=\"https:\/\/tecscience.tec.mx\/en\/biotechnology\/progress-on-rna-vaccines\/\" target=\"_blank\" rel=\"noreferrer noopener\">messenger RNA vaccines<\/a> that are about to come out (created by Pfizer and Moderna) should get them.<\/p>\n\n\n\n<p>These vaccines are designed to protect against the XBB group of variants, so their action in preventing severe illness from this virus is much more specific.<\/p>\n\n\n\n<p>For the expert, the fact that we now have effective antivirals and messenger RNA vaccines is really encouraging for combating future variants. In the wake of the pandemic, the technology to create new vaccines has advanced at unprecedented speeds.<\/p>\n\n\n\n<p>\u201cThese two things, having treatment and prevention, can change the course of this disease so that we don&#8217;t experience what we went through in 2020 and 2021 again,\u201d he concluded.<\/p>\n\n\n\n<p>However, it is important to remain alert to EG.5 and other subvariants and to follow the recommendations issued by the health authorities.<\/p>\n","protected":false},"excerpt":{"rendered":"<p>The World Health Organization (WHO) has declared that the EG.5 subvariant of Sars-CoV-2 is a variant of interest. <\/p>\n","protected":false},"author":12,"featured_media":158443,"comment_status":"closed","ping_status":"closed","sticky":false,"template":"","format":"standard","meta":{"_acf_changed":false,"_eb_attr":"","footnotes":""},"categories":[86],"tags":[169,224],"class_list":["post-158438","post","type-post","status-publish","format-standard","has-post-thumbnail","hentry","category-health","tag-covid-19","tag-health"],"acf":[],"yoast_head":"<!-- This site is optimized with the Yoast SEO Premium plugin v21.0 (Yoast SEO v27.4) - https:\/\/yoast.com\/product\/yoast-seo-premium-wordpress\/ -->\n<title>Should I worry about EG.5? | TecSience<\/title>\n<meta name=\"description\" content=\"The World Health Organization (WHO) has declared that the EG.5 subvariant of Sars-CoV-2 is a variant of interest.\" \/>\n<meta name=\"robots\" content=\"index, follow, max-snippet:-1, max-image-preview:large, max-video-preview:-1\" \/>\n<link rel=\"canonical\" href=\"https:\/\/tecscience.tec.mx\/en\/health\/eg-5\/\" \/>\n<meta property=\"og:locale\" content=\"en_US\" \/>\n<meta property=\"og:type\" content=\"article\" \/>\n<meta property=\"og:title\" content=\"Should I worry about EG.5?\" \/>\n<meta property=\"og:description\" content=\"The World Health Organization (WHO) has declared that the EG.5 subvariant of Sars-CoV-2 is a variant of interest.\" \/>\n<meta property=\"og:url\" content=\"https:\/\/tecscience.tec.mx\/en\/health\/eg-5\/\" \/>\n<meta property=\"og:site_name\" content=\"TecScience\" \/>\n<meta property=\"article:published_time\" content=\"2023-08-22T19:36:10+00:00\" \/>\n<meta property=\"article:modified_time\" content=\"2024-12-10T23:26:04+00:00\" \/>\n<meta property=\"og:image\" content=\"https:\/\/tecscience.tec.mx\/en\/wp-content\/uploads\/sites\/9\/2023\/08\/EG.5.webp\" \/>\n\t<meta property=\"og:image:width\" content=\"750\" \/>\n\t<meta property=\"og:image:height\" content=\"500\" \/>\n\t<meta property=\"og:image:type\" content=\"image\/webp\" \/>\n<meta name=\"author\" content=\"In\u00e9s Guti\u00e9rrez Jaber\" \/>\n<meta name=\"twitter:card\" content=\"summary_large_image\" \/>\n<meta name=\"twitter:label1\" content=\"Written by\" \/>\n\t<meta name=\"twitter:data1\" content=\"In\u00e9s Guti\u00e9rrez Jaber\" \/>\n\t<meta name=\"twitter:label2\" content=\"Est. reading time\" \/>\n\t<meta name=\"twitter:data2\" content=\"3 minutes\" \/>\n<script type=\"application\/ld+json\" class=\"yoast-schema-graph\">{\"@context\":\"https:\\\/\\\/schema.org\",\"@graph\":[{\"@type\":\"Article\",\"@id\":\"https:\\\/\\\/tecscience.tec.mx\\\/en\\\/health\\\/eg-5\\\/#article\",\"isPartOf\":{\"@id\":\"https:\\\/\\\/tecscience.tec.mx\\\/en\\\/health\\\/eg-5\\\/\"},\"author\":{\"name\":\"In\u00e9s Guti\u00e9rrez Jaber\",\"@id\":\"https:\\\/\\\/tecscience.tec.mx\\\/en\\\/#\\\/schema\\\/person\\\/72a3b50d0dbd7d1124452069e14a2db9\"},\"headline\":\"Should I worry about EG.5?\",\"datePublished\":\"2023-08-22T19:36:10+00:00\",\"dateModified\":\"2024-12-10T23:26:04+00:00\",\"mainEntityOfPage\":{\"@id\":\"https:\\\/\\\/tecscience.tec.mx\\\/en\\\/health\\\/eg-5\\\/\"},\"wordCount\":562,\"publisher\":{\"@id\":\"https:\\\/\\\/tecscience.tec.mx\\\/en\\\/#organization\"},\"image\":{\"@id\":\"https:\\\/\\\/tecscience.tec.mx\\\/en\\\/health\\\/eg-5\\\/#primaryimage\"},\"thumbnailUrl\":\"https:\\\/\\\/tecscience.tec.mx\\\/en\\\/wp-content\\\/uploads\\\/sites\\\/9\\\/2023\\\/08\\\/EG.5.webp\",\"keywords\":[\"Covid-19\",\"Health\"],\"articleSection\":[\"Health\"],\"inLanguage\":\"en-US\"},{\"@type\":\"WebPage\",\"@id\":\"https:\\\/\\\/tecscience.tec.mx\\\/en\\\/health\\\/eg-5\\\/\",\"url\":\"https:\\\/\\\/tecscience.tec.mx\\\/en\\\/health\\\/eg-5\\\/\",\"name\":\"Should I worry about EG.5? | TecSience\",\"isPartOf\":{\"@id\":\"https:\\\/\\\/tecscience.tec.mx\\\/en\\\/#website\"},\"primaryImageOfPage\":{\"@id\":\"https:\\\/\\\/tecscience.tec.mx\\\/en\\\/health\\\/eg-5\\\/#primaryimage\"},\"image\":{\"@id\":\"https:\\\/\\\/tecscience.tec.mx\\\/en\\\/health\\\/eg-5\\\/#primaryimage\"},\"thumbnailUrl\":\"https:\\\/\\\/tecscience.tec.mx\\\/en\\\/wp-content\\\/uploads\\\/sites\\\/9\\\/2023\\\/08\\\/EG.5.webp\",\"datePublished\":\"2023-08-22T19:36:10+00:00\",\"dateModified\":\"2024-12-10T23:26:04+00:00\",\"description\":\"The World Health Organization (WHO) has declared that the EG.5 subvariant of Sars-CoV-2 is a variant of interest.\",\"breadcrumb\":{\"@id\":\"https:\\\/\\\/tecscience.tec.mx\\\/en\\\/health\\\/eg-5\\\/#breadcrumb\"},\"inLanguage\":\"en-US\",\"potentialAction\":[{\"@type\":\"ReadAction\",\"target\":[\"https:\\\/\\\/tecscience.tec.mx\\\/en\\\/health\\\/eg-5\\\/\"]}]},{\"@type\":\"ImageObject\",\"inLanguage\":\"en-US\",\"@id\":\"https:\\\/\\\/tecscience.tec.mx\\\/en\\\/health\\\/eg-5\\\/#primaryimage\",\"url\":\"https:\\\/\\\/tecscience.tec.mx\\\/en\\\/wp-content\\\/uploads\\\/sites\\\/9\\\/2023\\\/08\\\/EG.5.webp\",\"contentUrl\":\"https:\\\/\\\/tecscience.tec.mx\\\/en\\\/wp-content\\\/uploads\\\/sites\\\/9\\\/2023\\\/08\\\/EG.5.webp\",\"width\":750,\"height\":500,\"caption\":\"According to the TecSalud expert, anyone who has access to the messenger RNA vaccines that are about to come out (created by Pfizer and Moderna) should get them. (Image: Getty Images)\"},{\"@type\":\"BreadcrumbList\",\"@id\":\"https:\\\/\\\/tecscience.tec.mx\\\/en\\\/health\\\/eg-5\\\/#breadcrumb\",\"itemListElement\":[{\"@type\":\"ListItem\",\"position\":1,\"name\":\"Home\",\"item\":\"https:\\\/\\\/tecscience.tec.mx\\\/en\\\/\"},{\"@type\":\"ListItem\",\"position\":2,\"name\":\"Should I worry about EG.5?\"}]},{\"@type\":\"WebSite\",\"@id\":\"https:\\\/\\\/tecscience.tec.mx\\\/en\\\/#website\",\"url\":\"https:\\\/\\\/tecscience.tec.mx\\\/en\\\/\",\"name\":\"TecScience\",\"description\":\"-\",\"publisher\":{\"@id\":\"https:\\\/\\\/tecscience.tec.mx\\\/en\\\/#organization\"},\"potentialAction\":[{\"@type\":\"SearchAction\",\"target\":{\"@type\":\"EntryPoint\",\"urlTemplate\":\"https:\\\/\\\/tecscience.tec.mx\\\/en\\\/?s={search_term_string}\"},\"query-input\":{\"@type\":\"PropertyValueSpecification\",\"valueRequired\":true,\"valueName\":\"search_term_string\"}}],\"inLanguage\":\"en-US\"},{\"@type\":\"Organization\",\"@id\":\"https:\\\/\\\/tecscience.tec.mx\\\/en\\\/#organization\",\"name\":\"TecScience\",\"url\":\"https:\\\/\\\/tecscience.tec.mx\\\/en\\\/\",\"logo\":{\"@type\":\"ImageObject\",\"inLanguage\":\"en-US\",\"@id\":\"https:\\\/\\\/tecscience.tec.mx\\\/en\\\/#\\\/schema\\\/logo\\\/image\\\/\",\"url\":\"https:\\\/\\\/tecscience.tec.mx\\\/en\\\/wp-content\\\/uploads\\\/sites\\\/9\\\/2022\\\/11\\\/logo-negro-tecscience.svg\",\"contentUrl\":\"https:\\\/\\\/tecscience.tec.mx\\\/en\\\/wp-content\\\/uploads\\\/sites\\\/9\\\/2022\\\/11\\\/logo-negro-tecscience.svg\",\"width\":250,\"height\":38,\"caption\":\"TecScience\"},\"image\":{\"@id\":\"https:\\\/\\\/tecscience.tec.mx\\\/en\\\/#\\\/schema\\\/logo\\\/image\\\/\"}},{\"@type\":\"Person\",\"@id\":\"https:\\\/\\\/tecscience.tec.mx\\\/en\\\/#\\\/schema\\\/person\\\/72a3b50d0dbd7d1124452069e14a2db9\",\"name\":\"In\u00e9s Guti\u00e9rrez Jaber\",\"image\":{\"@type\":\"ImageObject\",\"inLanguage\":\"en-US\",\"@id\":\"https:\\\/\\\/secure.gravatar.com\\\/avatar\\\/d136e90158f5aac8a8da8abe38806ceebb853d4d6d17967fb867b912b35483a9?s=96&d=mm&r=g\",\"url\":\"https:\\\/\\\/secure.gravatar.com\\\/avatar\\\/d136e90158f5aac8a8da8abe38806ceebb853d4d6d17967fb867b912b35483a9?s=96&d=mm&r=g\",\"contentUrl\":\"https:\\\/\\\/secure.gravatar.com\\\/avatar\\\/d136e90158f5aac8a8da8abe38806ceebb853d4d6d17967fb867b912b35483a9?s=96&d=mm&r=g\",\"caption\":\"In\u00e9s Guti\u00e9rrez Jaber\"},\"description\":\"Periodista de ciencia y artista visual. Mi trabajo ha sido publicado en medios como Science, Science News, Newsweek, Nexos, \u00bfC\u00f3mo ves?, entre otros. Estudi\u00e9 Biolog\u00eda en la Facultad de Ciencias de la UNAM y ah\u00ed descubr\u00ed mi pasi\u00f3n por comunicarle a todas las personas el conocimiento cient\u00edfico y su relevancia social. Creo que la ciencia, al fomentar el pensamiento cr\u00edtico, puede empoderar a la humanidad y, al ser la base de los avances tecnol\u00f3gicos, puede ayudarla a vivir en las mejores condiciones posibles.\",\"url\":\"https:\\\/\\\/tecscience.tec.mx\\\/en\\\/author\\\/igutierrez\\\/\"}]}<\/script>\n<!-- \/ Yoast SEO Premium plugin. -->","yoast_head_json":{"title":"Should I worry about EG.5? | TecSience","description":"The World Health Organization (WHO) has declared that the EG.5 subvariant of Sars-CoV-2 is a variant of interest.","robots":{"index":"index","follow":"follow","max-snippet":"max-snippet:-1","max-image-preview":"max-image-preview:large","max-video-preview":"max-video-preview:-1"},"canonical":"https:\/\/tecscience.tec.mx\/en\/health\/eg-5\/","og_locale":"en_US","og_type":"article","og_title":"Should I worry about EG.5?","og_description":"The World Health Organization (WHO) has declared that the EG.5 subvariant of Sars-CoV-2 is a variant of interest.","og_url":"https:\/\/tecscience.tec.mx\/en\/health\/eg-5\/","og_site_name":"TecScience","article_published_time":"2023-08-22T19:36:10+00:00","article_modified_time":"2024-12-10T23:26:04+00:00","og_image":[{"width":750,"height":500,"url":"https:\/\/tecscience.tec.mx\/en\/wp-content\/uploads\/sites\/9\/2023\/08\/EG.5.webp","type":"image\/webp"}],"author":"In\u00e9s Guti\u00e9rrez Jaber","twitter_card":"summary_large_image","twitter_misc":{"Written by":"In\u00e9s Guti\u00e9rrez Jaber","Est. reading time":"3 minutes"},"schema":{"@context":"https:\/\/schema.org","@graph":[{"@type":"Article","@id":"https:\/\/tecscience.tec.mx\/en\/health\/eg-5\/#article","isPartOf":{"@id":"https:\/\/tecscience.tec.mx\/en\/health\/eg-5\/"},"author":{"name":"In\u00e9s Guti\u00e9rrez Jaber","@id":"https:\/\/tecscience.tec.mx\/en\/#\/schema\/person\/72a3b50d0dbd7d1124452069e14a2db9"},"headline":"Should I worry about EG.5?","datePublished":"2023-08-22T19:36:10+00:00","dateModified":"2024-12-10T23:26:04+00:00","mainEntityOfPage":{"@id":"https:\/\/tecscience.tec.mx\/en\/health\/eg-5\/"},"wordCount":562,"publisher":{"@id":"https:\/\/tecscience.tec.mx\/en\/#organization"},"image":{"@id":"https:\/\/tecscience.tec.mx\/en\/health\/eg-5\/#primaryimage"},"thumbnailUrl":"https:\/\/tecscience.tec.mx\/en\/wp-content\/uploads\/sites\/9\/2023\/08\/EG.5.webp","keywords":["Covid-19","Health"],"articleSection":["Health"],"inLanguage":"en-US"},{"@type":"WebPage","@id":"https:\/\/tecscience.tec.mx\/en\/health\/eg-5\/","url":"https:\/\/tecscience.tec.mx\/en\/health\/eg-5\/","name":"Should I worry about EG.5? | TecSience","isPartOf":{"@id":"https:\/\/tecscience.tec.mx\/en\/#website"},"primaryImageOfPage":{"@id":"https:\/\/tecscience.tec.mx\/en\/health\/eg-5\/#primaryimage"},"image":{"@id":"https:\/\/tecscience.tec.mx\/en\/health\/eg-5\/#primaryimage"},"thumbnailUrl":"https:\/\/tecscience.tec.mx\/en\/wp-content\/uploads\/sites\/9\/2023\/08\/EG.5.webp","datePublished":"2023-08-22T19:36:10+00:00","dateModified":"2024-12-10T23:26:04+00:00","description":"The World Health Organization (WHO) has declared that the EG.5 subvariant of Sars-CoV-2 is a variant of interest.","breadcrumb":{"@id":"https:\/\/tecscience.tec.mx\/en\/health\/eg-5\/#breadcrumb"},"inLanguage":"en-US","potentialAction":[{"@type":"ReadAction","target":["https:\/\/tecscience.tec.mx\/en\/health\/eg-5\/"]}]},{"@type":"ImageObject","inLanguage":"en-US","@id":"https:\/\/tecscience.tec.mx\/en\/health\/eg-5\/#primaryimage","url":"https:\/\/tecscience.tec.mx\/en\/wp-content\/uploads\/sites\/9\/2023\/08\/EG.5.webp","contentUrl":"https:\/\/tecscience.tec.mx\/en\/wp-content\/uploads\/sites\/9\/2023\/08\/EG.5.webp","width":750,"height":500,"caption":"According to the TecSalud expert, anyone who has access to the messenger RNA vaccines that are about to come out (created by Pfizer and Moderna) should get them. (Image: Getty Images)"},{"@type":"BreadcrumbList","@id":"https:\/\/tecscience.tec.mx\/en\/health\/eg-5\/#breadcrumb","itemListElement":[{"@type":"ListItem","position":1,"name":"Home","item":"https:\/\/tecscience.tec.mx\/en\/"},{"@type":"ListItem","position":2,"name":"Should I worry about EG.5?"}]},{"@type":"WebSite","@id":"https:\/\/tecscience.tec.mx\/en\/#website","url":"https:\/\/tecscience.tec.mx\/en\/","name":"TecScience","description":"-","publisher":{"@id":"https:\/\/tecscience.tec.mx\/en\/#organization"},"potentialAction":[{"@type":"SearchAction","target":{"@type":"EntryPoint","urlTemplate":"https:\/\/tecscience.tec.mx\/en\/?s={search_term_string}"},"query-input":{"@type":"PropertyValueSpecification","valueRequired":true,"valueName":"search_term_string"}}],"inLanguage":"en-US"},{"@type":"Organization","@id":"https:\/\/tecscience.tec.mx\/en\/#organization","name":"TecScience","url":"https:\/\/tecscience.tec.mx\/en\/","logo":{"@type":"ImageObject","inLanguage":"en-US","@id":"https:\/\/tecscience.tec.mx\/en\/#\/schema\/logo\/image\/","url":"https:\/\/tecscience.tec.mx\/en\/wp-content\/uploads\/sites\/9\/2022\/11\/logo-negro-tecscience.svg","contentUrl":"https:\/\/tecscience.tec.mx\/en\/wp-content\/uploads\/sites\/9\/2022\/11\/logo-negro-tecscience.svg","width":250,"height":38,"caption":"TecScience"},"image":{"@id":"https:\/\/tecscience.tec.mx\/en\/#\/schema\/logo\/image\/"}},{"@type":"Person","@id":"https:\/\/tecscience.tec.mx\/en\/#\/schema\/person\/72a3b50d0dbd7d1124452069e14a2db9","name":"In\u00e9s Guti\u00e9rrez Jaber","image":{"@type":"ImageObject","inLanguage":"en-US","@id":"https:\/\/secure.gravatar.com\/avatar\/d136e90158f5aac8a8da8abe38806ceebb853d4d6d17967fb867b912b35483a9?s=96&d=mm&r=g","url":"https:\/\/secure.gravatar.com\/avatar\/d136e90158f5aac8a8da8abe38806ceebb853d4d6d17967fb867b912b35483a9?s=96&d=mm&r=g","contentUrl":"https:\/\/secure.gravatar.com\/avatar\/d136e90158f5aac8a8da8abe38806ceebb853d4d6d17967fb867b912b35483a9?s=96&d=mm&r=g","caption":"In\u00e9s Guti\u00e9rrez Jaber"},"description":"Periodista de ciencia y artista visual. Mi trabajo ha sido publicado en medios como Science, Science News, Newsweek, Nexos, \u00bfC\u00f3mo ves?, entre otros. Estudi\u00e9 Biolog\u00eda en la Facultad de Ciencias de la UNAM y ah\u00ed descubr\u00ed mi pasi\u00f3n por comunicarle a todas las personas el conocimiento cient\u00edfico y su relevancia social. Creo que la ciencia, al fomentar el pensamiento cr\u00edtico, puede empoderar a la humanidad y, al ser la base de los avances tecnol\u00f3gicos, puede ayudarla a vivir en las mejores condiciones posibles.","url":"https:\/\/tecscience.tec.mx\/en\/author\/igutierrez\/"}]}},"_links":{"self":[{"href":"https:\/\/tecscience.tec.mx\/en\/wp-json\/wp\/v2\/posts\/158438","targetHints":{"allow":["GET"]}}],"collection":[{"href":"https:\/\/tecscience.tec.mx\/en\/wp-json\/wp\/v2\/posts"}],"about":[{"href":"https:\/\/tecscience.tec.mx\/en\/wp-json\/wp\/v2\/types\/post"}],"author":[{"embeddable":true,"href":"https:\/\/tecscience.tec.mx\/en\/wp-json\/wp\/v2\/users\/12"}],"replies":[{"embeddable":true,"href":"https:\/\/tecscience.tec.mx\/en\/wp-json\/wp\/v2\/comments?post=158438"}],"version-history":[{"count":0,"href":"https:\/\/tecscience.tec.mx\/en\/wp-json\/wp\/v2\/posts\/158438\/revisions"}],"wp:featuredmedia":[{"embeddable":true,"href":"https:\/\/tecscience.tec.mx\/en\/wp-json\/wp\/v2\/media\/158443"}],"wp:attachment":[{"href":"https:\/\/tecscience.tec.mx\/en\/wp-json\/wp\/v2\/media?parent=158438"}],"wp:term":[{"taxonomy":"category","embeddable":true,"href":"https:\/\/tecscience.tec.mx\/en\/wp-json\/wp\/v2\/categories?post=158438"},{"taxonomy":"post_tag","embeddable":true,"href":"https:\/\/tecscience.tec.mx\/en\/wp-json\/wp\/v2\/tags?post=158438"}],"curies":[{"name":"wp","href":"https:\/\/api.w.org\/{rel}","templated":true}]}}