{"id":169530,"date":"2025-05-07T23:03:00","date_gmt":"2025-05-08T05:03:00","guid":{"rendered":"https:\/\/tecscience.tec.mx\/en\/?p=169530"},"modified":"2025-05-12T14:49:05","modified_gmt":"2025-05-12T20:49:05","slug":"the-next-1000-days","status":"publish","type":"post","link":"https:\/\/tecscience.tec.mx\/en\/education-and-humanism\/the-next-1000-days\/","title":{"rendered":"The Next 1000 Days in Childhood That Make a Difference for the Rest of Your Life"},"content":{"rendered":"\n<p>In recent years, efforts around the world have been made to ensure that early childhood is lived fully and healthily. However, most of them have focused on the <strong>first thousand days<\/strong>: from childbirth to two years of age. Two recent studies demonstrate that the next thousand days, from two to five years of age, are equally important.<\/p>\n\n\n\n<p>In a recent series published by <a href=\"https:\/\/www.thelancet.com\/journals\/lancet\/article\/PIIS0140-6736(24)01389-8\/abstract\" target=\"_blank\" rel=\"noreferrer noopener\">The Lancet<\/a>, researchers explain why it is essential to invest in this window of time, as it is a unique opportunity to promote <strong>good nutrition, learning, and health<\/strong>, both physical and mental.<\/p>\n\n\n\n<p>&#8220;During these days, we have a great opportunity to impact the well-being of our children,&#8221; said <strong><a href=\"https:\/\/www.tecsalud.mx\/directorio-medico\/dr-manuel-parez-jimenez\" target=\"_blank\" rel=\"noreferrer noopener\">Manuel P\u00e9rez<\/a><\/strong>, director of the <a href=\"\/en\/tag\/center-for-early-childhood\/\" target=\"_blank\" rel=\"noreferrer noopener\">Center for Early Childhood<\/a> from Tecnol\u00f3gico de Monterrey and FEMSA foundation, during his participation in the launch event for this series in the Latin American region.<\/p>\n\n\n\n<p>Among the participants were two of the series&#8217; lead authors, <strong><a href=\"https:\/\/www.wits.ac.za\/people\/academic-a-z-listing\/d\/catherinedraperwitsacza\/\" target=\"_blank\" rel=\"noreferrer noopener\">Catherine Draper<\/a><\/strong>, associate professor at the University of the Witwatersrand, South Africa, and <strong><a href=\"https:\/\/nieer.org\/profiles\/milagros-nores\" target=\"_blank\" rel=\"noreferrer noopener\">Milagros Nores<\/a><\/strong>, co-director of the National Institute for Early Education Research (NIEER), who explained the evidence behind the importance of developing intervention programs that promote quality care during these important years.<\/p>\n\n\n\n<p>Globally, <strong>less than 30% of children aged three and four receive adequate care and education in low- and middle-income countries<\/strong>, such as Mexico. In this country, only <strong>44% of children have access to early childhood care and education services<\/strong>.<\/p>\n\n\n\n<p>\u201cThe differences are exacerbated depending on where you were born,\u201d said <a href=\"https:\/\/www.linkedin.com\/authwall?trk=bf&amp;trkInfo=AQFsK5CddTIqQwAAAZatVeYQMyj8LsPBVnxq8CyrGpIszjF930PyIwSSC2Sl2lPTvjJEoyNOuPDBJNzr-I1r3PPIbeldvQW-pCAGcS9URw7zjIa7FYUjBhKy5mhu-rNr5hTMwN4=&amp;original_referer=&amp;sessionRedirect=https%3A%2F%2Fmx.linkedin.com%2Fin%2Fadriana-gidi-1977251b\"><strong>Adriana Gidi<\/strong><\/a>, Associate Director of the Early Childhood Center. According to her, although 30% of Mexican children live in rural areas, only 2.2% of comprehensive care centers are there.<\/p>\n\n\n\n<figure class=\"wp-block-embed is-type-video is-provider-youtube wp-block-embed-youtube wp-embed-aspect-16-9 wp-has-aspect-ratio\"><div class=\"wp-block-embed__wrapper\">\n<iframe title=\"Cuando la infancia deja cicatrices: el costo oculto del estr\u00e9s t\u00f3xico\" width=\"800\" height=\"450\" src=\"https:\/\/www.youtube.com\/embed\/3BRJrihqwdo?feature=oembed\" frameborder=\"0\" allow=\"accelerometer; autoplay; clipboard-write; encrypted-media; gyroscope; picture-in-picture; web-share\" referrerpolicy=\"strict-origin-when-cross-origin\" allowfullscreen><\/iframe>\n<\/div><\/figure>\n\n\n\n<h2 class=\"wp-block-heading\">The Next 1,000 Days That Are Equally Important<\/h2>\n\n\n\n<p>During the first two years of life, children typically spend most of their time with their parents or primary caregivers and healthcare workers, so many intervention programs to ensure appropriate care focus on these two groups.<\/p>\n\n\n\n<p>In 2017, The Lancet launched a series that preceded the current one. This series focused on the first 1,000 days and guaranteed nurturing care during this stage. Now, with the second series, they also focus on the next 1,000 days.<\/p>\n\n\n\n<p>\u201cWe want to make it clear that we are not trying to say that the next 1,000 days are more important than the first, <strong>but that both of these matter<\/strong>,\u201d Draper said.<\/p>\n\n\n\n<p>In the first part of the current series, the authors explain why these years are important and, in the second, what the cost of not investing in them is.<\/p>\n\n\n\n<p><strong>Starting at age two<\/strong>, children begin to explore their environment more, <strong>which is when motor, cognitive, and emotional skills that are key to their healthy growth are developed.<\/strong><\/p>\n\n\n\n<p>At this stage, they spend more time with their caregivers and those who provide care services, such as preschools and daycare centers, when they can access them. Therefore, there is an excellent opportunity to develop programs that increase the coverage of these centers and guarantee their quality.<\/p>\n\n\n\n<p>Investing in high-quality care and education programs for these ages generally costs around 1% of a country&#8217;s GDP. &#8220;The benefits are, on average, eight to 19 times greater than the cost,&#8221; Nores said.<\/p>\n\n\n<blockquote class=\"instagram-media\" data-instgrm-permalink=\"https:\/\/www.instagram.com\/p\/DJW0xm2Cz3Q\/?utm_source=ig_embed&amp;utm_campaign=loading\" data-instgrm-version=\"14\" style=\"background:#FFF;border:0;border-radius:3px;margin: 1px;max-width:540px;min-width:326px;padding:0;width:99.375%;width:-webkit-calc(100% - 2px);width:calc(100% - 2px)\">\n<div style=\"padding:16px\"> <a href=\"https:\/\/www.instagram.com\/p\/DJW0xm2Cz3Q\/?utm_source=ig_embed&amp;utm_campaign=loading\" style=\"background:#FFFFFF;line-height:0;padding:0 0;text-align:center;text-decoration:none;width:100%\" target=\"_blank\"> <\/p>\n<div style=\"flex-direction: row;align-items: center\">\n<div style=\"background-color: #F4F4F4;border-radius: 50%;flex-grow: 0;height: 40px;margin-right: 14px;width: 40px\"><\/div>\n<div style=\"flex-direction: column;flex-grow: 1;justify-content: center\">\n<div style=\"background-color: #F4F4F4;border-radius: 4px;flex-grow: 0;height: 14px;margin-bottom: 6px;width: 100px\"><\/div>\n<div style=\"background-color: #F4F4F4;border-radius: 4px;flex-grow: 0;height: 14px;width: 60px\"><\/div>\n<\/div>\n<\/div>\n<div style=\"padding: 19% 0\"><\/div>\n<div style=\"height:50px;margin:0 auto 12px;width:50px\"><\/div>\n<div style=\"padding-top: 8px\">\n<div style=\"color:#3897f0;font-family:Arial,sans-serif;font-size:14px;font-style:normal;font-weight:550;line-height:18px\">Ver esta publicaci\u00f3n en Instagram<\/div>\n<\/div>\n<div style=\"padding: 12.5% 0\"><\/div>\n<div style=\"flex-direction: row;margin-bottom: 14px;align-items: center\">\n<div>\n<div style=\"background-color: #F4F4F4;border-radius: 50%;height: 12.5px;width: 12.5px\"><\/div>\n<div style=\"background-color: #F4F4F4;height: 12.5px;width: 12.5px;flex-grow: 0;margin-right: 14px;margin-left: 2px\"><\/div>\n<div style=\"background-color: #F4F4F4;border-radius: 50%;height: 12.5px;width: 12.5px\"><\/div>\n<\/div>\n<div style=\"margin-left: 8px\">\n<div style=\"background-color: #F4F4F4;border-radius: 50%;flex-grow: 0;height: 20px;width: 20px\"><\/div>\n<div style=\"width: 0;height: 0;border-top: 2px solid transparent;border-left: 6px solid #f4f4f4;border-bottom: 2px solid transparent\"><\/div>\n<\/div>\n<div style=\"margin-left: auto\">\n<div style=\"width: 0px;border-top: 8px solid #F4F4F4;border-right: 8px solid transparent\"><\/div>\n<div style=\"background-color: #F4F4F4;flex-grow: 0;height: 12px;width: 16px\"><\/div>\n<div style=\"width: 0;height: 0;border-top: 8px solid #F4F4F4;border-left: 8px solid transparent\"><\/div>\n<\/div>\n<\/div>\n<div style=\"flex-direction: column;flex-grow: 1;justify-content: center;margin-bottom: 24px\">\n<div style=\"background-color: #F4F4F4;border-radius: 4px;flex-grow: 0;height: 14px;margin-bottom: 6px;width: 224px\"><\/div>\n<div style=\"background-color: #F4F4F4;border-radius: 4px;flex-grow: 0;height: 14px;width: 144px\"><\/div>\n<\/div>\n<p><\/a><\/p>\n<p style=\"color:#c9c8cd;font-family:Arial,sans-serif;font-size:14px;line-height:17px;margin-bottom:0;margin-top:8px;overflow:hidden;padding:8px 0 7px;text-align:center\"><a href=\"https:\/\/www.instagram.com\/p\/DJW0xm2Cz3Q\/?utm_source=ig_embed&amp;utm_campaign=loading\" style=\"color:#c9c8cd;font-family:Arial,sans-serif;font-size:14px;font-style:normal;font-weight:normal;line-height:17px;text-decoration:none\" target=\"_blank\">Una publicaci\u00f3n compartida por TecScience (@tecscienceweb)<\/a><\/p>\n<\/div>\n<\/blockquote>\n\n\n\n<h2 class=\"wp-block-heading\">The Information that Must Reach Decision-Makers<\/h2>\n\n\n\n<p>During the event, the authors and other attendees, such as <strong>Aranzazu Alonso<\/strong>, executive director and general coordinator of the <a href=\"https:\/\/www.pactoprimerainfancia.org.mx\/\" target=\"_blank\" rel=\"noreferrer noopener\">Pact for Early Childhood<\/a>, emphasized the need to expand the reach of these initiatives.<\/p>\n\n\n\n<p>According to the series, from 1919 to 2020, interventions that promoted healthy development in the next 1,000 days were delivered primarily in high-income countries. Only 5% of the published interventions have been implemented in low\u2014and middle-income countries.<\/p>\n\n\n\n<p>\u201cThere&#8217;s a big mismatch between the global regions where interventions are more needed and areas where they are being implemented, evaluated, and published,\u201d Draper said.<\/p>\n\n\n\n<p>Therefore, it is crucial that the information gathered by these studies reach <strong>decision-makers<\/strong>, public policymakers, and governments, as they are the ones who have the duty to ensure sufficient investment in programs that guarantee quality early childhood care.<\/p>\n\n\n\n<p>\u201cWe are committed to generating and disseminating scientific evidence to ensure that those who design programs and policies are aware of it and use it for the benefit of children,\u201d Gidi said.<\/p>\n\n\n\n<p>The Mexican government was represented by<strong> Lorena Villavicencio<\/strong>, executive secretary of the National System for the Comprehensive Protection of Children and Adolescents (SIPINNA); Daniel Aceves, general director of the National Center for Child and Adolescent Health; and X\u00f3chitl Moreno, general director of Curriculum Development at the Ministry of Public Education (SEP); all of whom reiterated their commitment to supporting the development of these types of interventions and programs.<\/p>\n\n\n\n<p>\u201cWe can&#8217;t do this alone; we have to work together and leverage partnerships across platforms and sectors,\u201d Draper said.<\/p>\n\n\n\n<p><strong><em>Were you interested in this story? Want to publish it? Contact our content editor to learn more: <a href=\"mailto:marianaleonm@tec.mx\" target=\"_blank\" rel=\"noreferrer noopener\">marianaleonm@tec.mx<\/a><\/em><\/strong><\/p>\n","protected":false},"excerpt":{"rendered":"<p>New research warns about the lack of attention given to children two- to five-years-of age, a critical window for development.<\/p>\n","protected":false},"author":12,"featured_media":169531,"comment_status":"closed","ping_status":"closed","sticky":false,"template":"","format":"standard","meta":{"_acf_changed":false,"_eb_attr":"","footnotes":""},"categories":[558],"tags":[391],"class_list":["post-169530","post","type-post","status-publish","format-standard","has-post-thumbnail","hentry","category-education-and-humanism","tag-center-for-early-childhood"],"acf":[],"yoast_head":"<!-- This site is optimized with the Yoast SEO Premium plugin v21.0 (Yoast SEO v27.4) - https:\/\/yoast.com\/product\/yoast-seo-premium-wordpress\/ -->\n<title>The Next 1000 Days in Childhood That Make a Difference for the Rest of Your Life - TecScience<\/title>\n<meta name=\"description\" content=\"New research warns about the lack of attention given to children two- to five-years-of age, a critical window for development.\" \/>\n<meta name=\"robots\" content=\"index, follow, max-snippet:-1, max-image-preview:large, max-video-preview:-1\" \/>\n<link rel=\"canonical\" href=\"https:\/\/tecscience.tec.mx\/en\/education-and-humanism\/the-next-1000-days\/\" \/>\n<meta property=\"og:locale\" content=\"en_US\" \/>\n<meta property=\"og:type\" content=\"article\" \/>\n<meta property=\"og:title\" content=\"The Next 1000 Days in Childhood That Make a Difference for the Rest of Your Life\" \/>\n<meta property=\"og:description\" content=\"New research warns about the lack of attention given to children two- to five-years-of age, a critical window for development.\" \/>\n<meta property=\"og:url\" content=\"https:\/\/tecscience.tec.mx\/en\/education-and-humanism\/the-next-1000-days\/\" \/>\n<meta property=\"og:site_name\" content=\"TecScience\" \/>\n<meta property=\"article:published_time\" content=\"2025-05-08T05:03:00+00:00\" \/>\n<meta property=\"article:modified_time\" content=\"2025-05-12T20:49:05+00:00\" \/>\n<meta property=\"og:image\" content=\"https:\/\/tecscience.tec.mx\/en\/wp-content\/uploads\/sites\/9\/2025\/05\/primera-infancia.jpg\" \/>\n\t<meta property=\"og:image:width\" content=\"750\" \/>\n\t<meta property=\"og:image:height\" content=\"500\" \/>\n\t<meta property=\"og:image:type\" content=\"image\/jpeg\" \/>\n<meta name=\"author\" content=\"In\u00e9s Guti\u00e9rrez Jaber\" \/>\n<meta name=\"twitter:card\" content=\"summary_large_image\" \/>\n<meta name=\"twitter:label1\" content=\"Written by\" \/>\n\t<meta name=\"twitter:data1\" content=\"In\u00e9s Guti\u00e9rrez Jaber\" \/>\n\t<meta name=\"twitter:label2\" content=\"Est. reading time\" \/>\n\t<meta name=\"twitter:data2\" content=\"4 minutes\" \/>\n<script type=\"application\/ld+json\" class=\"yoast-schema-graph\">{\"@context\":\"https:\\\/\\\/schema.org\",\"@graph\":[{\"@type\":\"Article\",\"@id\":\"https:\\\/\\\/tecscience.tec.mx\\\/en\\\/education-and-humanism\\\/the-next-1000-days\\\/#article\",\"isPartOf\":{\"@id\":\"https:\\\/\\\/tecscience.tec.mx\\\/en\\\/education-and-humanism\\\/the-next-1000-days\\\/\"},\"author\":{\"name\":\"In\u00e9s Guti\u00e9rrez Jaber\",\"@id\":\"https:\\\/\\\/tecscience.tec.mx\\\/en\\\/#\\\/schema\\\/person\\\/72a3b50d0dbd7d1124452069e14a2db9\"},\"headline\":\"The Next 1000 Days in Childhood That Make a Difference for the Rest of Your Life\",\"datePublished\":\"2025-05-08T05:03:00+00:00\",\"dateModified\":\"2025-05-12T20:49:05+00:00\",\"mainEntityOfPage\":{\"@id\":\"https:\\\/\\\/tecscience.tec.mx\\\/en\\\/education-and-humanism\\\/the-next-1000-days\\\/\"},\"wordCount\":833,\"publisher\":{\"@id\":\"https:\\\/\\\/tecscience.tec.mx\\\/en\\\/#organization\"},\"image\":{\"@id\":\"https:\\\/\\\/tecscience.tec.mx\\\/en\\\/education-and-humanism\\\/the-next-1000-days\\\/#primaryimage\"},\"thumbnailUrl\":\"https:\\\/\\\/tecscience.tec.mx\\\/en\\\/wp-content\\\/uploads\\\/sites\\\/9\\\/2025\\\/05\\\/primera-infancia.jpg\",\"keywords\":[\"Center for Early Childhood\"],\"articleSection\":[\"Education and Humanism\"],\"inLanguage\":\"en-US\"},{\"@type\":\"WebPage\",\"@id\":\"https:\\\/\\\/tecscience.tec.mx\\\/en\\\/education-and-humanism\\\/the-next-1000-days\\\/\",\"url\":\"https:\\\/\\\/tecscience.tec.mx\\\/en\\\/education-and-humanism\\\/the-next-1000-days\\\/\",\"name\":\"The Next 1000 Days in Childhood That Make a Difference for the Rest of Your Life - TecScience\",\"isPartOf\":{\"@id\":\"https:\\\/\\\/tecscience.tec.mx\\\/en\\\/#website\"},\"primaryImageOfPage\":{\"@id\":\"https:\\\/\\\/tecscience.tec.mx\\\/en\\\/education-and-humanism\\\/the-next-1000-days\\\/#primaryimage\"},\"image\":{\"@id\":\"https:\\\/\\\/tecscience.tec.mx\\\/en\\\/education-and-humanism\\\/the-next-1000-days\\\/#primaryimage\"},\"thumbnailUrl\":\"https:\\\/\\\/tecscience.tec.mx\\\/en\\\/wp-content\\\/uploads\\\/sites\\\/9\\\/2025\\\/05\\\/primera-infancia.jpg\",\"datePublished\":\"2025-05-08T05:03:00+00:00\",\"dateModified\":\"2025-05-12T20:49:05+00:00\",\"description\":\"New research warns about the lack of attention given to children two- to five-years-of age, a critical window for development.\",\"breadcrumb\":{\"@id\":\"https:\\\/\\\/tecscience.tec.mx\\\/en\\\/education-and-humanism\\\/the-next-1000-days\\\/#breadcrumb\"},\"inLanguage\":\"en-US\",\"potentialAction\":[{\"@type\":\"ReadAction\",\"target\":[\"https:\\\/\\\/tecscience.tec.mx\\\/en\\\/education-and-humanism\\\/the-next-1000-days\\\/\"]}]},{\"@type\":\"ImageObject\",\"inLanguage\":\"en-US\",\"@id\":\"https:\\\/\\\/tecscience.tec.mx\\\/en\\\/education-and-humanism\\\/the-next-1000-days\\\/#primaryimage\",\"url\":\"https:\\\/\\\/tecscience.tec.mx\\\/en\\\/wp-content\\\/uploads\\\/sites\\\/9\\\/2025\\\/05\\\/primera-infancia.jpg\",\"contentUrl\":\"https:\\\/\\\/tecscience.tec.mx\\\/en\\\/wp-content\\\/uploads\\\/sites\\\/9\\\/2025\\\/05\\\/primera-infancia.jpg\",\"width\":750,\"height\":500,\"caption\":\"Between the ages of two and five, children spend more time in daycare and preschool, opening up a key opportunity to improve the coverage and quality of these services. (Photo: Getty Images)\"},{\"@type\":\"BreadcrumbList\",\"@id\":\"https:\\\/\\\/tecscience.tec.mx\\\/en\\\/education-and-humanism\\\/the-next-1000-days\\\/#breadcrumb\",\"itemListElement\":[{\"@type\":\"ListItem\",\"position\":1,\"name\":\"Home\",\"item\":\"https:\\\/\\\/tecscience.tec.mx\\\/en\\\/\"},{\"@type\":\"ListItem\",\"position\":2,\"name\":\"The Next 1000 Days in Childhood That Make a Difference for the Rest of Your Life\"}]},{\"@type\":\"WebSite\",\"@id\":\"https:\\\/\\\/tecscience.tec.mx\\\/en\\\/#website\",\"url\":\"https:\\\/\\\/tecscience.tec.mx\\\/en\\\/\",\"name\":\"TecScience\",\"description\":\"-\",\"publisher\":{\"@id\":\"https:\\\/\\\/tecscience.tec.mx\\\/en\\\/#organization\"},\"potentialAction\":[{\"@type\":\"SearchAction\",\"target\":{\"@type\":\"EntryPoint\",\"urlTemplate\":\"https:\\\/\\\/tecscience.tec.mx\\\/en\\\/?s={search_term_string}\"},\"query-input\":{\"@type\":\"PropertyValueSpecification\",\"valueRequired\":true,\"valueName\":\"search_term_string\"}}],\"inLanguage\":\"en-US\"},{\"@type\":\"Organization\",\"@id\":\"https:\\\/\\\/tecscience.tec.mx\\\/en\\\/#organization\",\"name\":\"TecScience\",\"url\":\"https:\\\/\\\/tecscience.tec.mx\\\/en\\\/\",\"logo\":{\"@type\":\"ImageObject\",\"inLanguage\":\"en-US\",\"@id\":\"https:\\\/\\\/tecscience.tec.mx\\\/en\\\/#\\\/schema\\\/logo\\\/image\\\/\",\"url\":\"https:\\\/\\\/tecscience.tec.mx\\\/en\\\/wp-content\\\/uploads\\\/sites\\\/9\\\/2022\\\/11\\\/logo-negro-tecscience.svg\",\"contentUrl\":\"https:\\\/\\\/tecscience.tec.mx\\\/en\\\/wp-content\\\/uploads\\\/sites\\\/9\\\/2022\\\/11\\\/logo-negro-tecscience.svg\",\"width\":250,\"height\":38,\"caption\":\"TecScience\"},\"image\":{\"@id\":\"https:\\\/\\\/tecscience.tec.mx\\\/en\\\/#\\\/schema\\\/logo\\\/image\\\/\"}},{\"@type\":\"Person\",\"@id\":\"https:\\\/\\\/tecscience.tec.mx\\\/en\\\/#\\\/schema\\\/person\\\/72a3b50d0dbd7d1124452069e14a2db9\",\"name\":\"In\u00e9s Guti\u00e9rrez Jaber\",\"image\":{\"@type\":\"ImageObject\",\"inLanguage\":\"en-US\",\"@id\":\"https:\\\/\\\/secure.gravatar.com\\\/avatar\\\/d136e90158f5aac8a8da8abe38806ceebb853d4d6d17967fb867b912b35483a9?s=96&d=mm&r=g\",\"url\":\"https:\\\/\\\/secure.gravatar.com\\\/avatar\\\/d136e90158f5aac8a8da8abe38806ceebb853d4d6d17967fb867b912b35483a9?s=96&d=mm&r=g\",\"contentUrl\":\"https:\\\/\\\/secure.gravatar.com\\\/avatar\\\/d136e90158f5aac8a8da8abe38806ceebb853d4d6d17967fb867b912b35483a9?s=96&d=mm&r=g\",\"caption\":\"In\u00e9s Guti\u00e9rrez Jaber\"},\"description\":\"Periodista de ciencia y artista visual. Mi trabajo ha sido publicado en medios como Science, Science News, Newsweek, Nexos, \u00bfC\u00f3mo ves?, entre otros. Estudi\u00e9 Biolog\u00eda en la Facultad de Ciencias de la UNAM y ah\u00ed descubr\u00ed mi pasi\u00f3n por comunicarle a todas las personas el conocimiento cient\u00edfico y su relevancia social. Creo que la ciencia, al fomentar el pensamiento cr\u00edtico, puede empoderar a la humanidad y, al ser la base de los avances tecnol\u00f3gicos, puede ayudarla a vivir en las mejores condiciones posibles.\",\"url\":\"https:\\\/\\\/tecscience.tec.mx\\\/en\\\/author\\\/igutierrez\\\/\"}]}<\/script>\n<!-- \/ Yoast SEO Premium plugin. -->","yoast_head_json":{"title":"The Next 1000 Days in Childhood That Make a Difference for the Rest of Your Life - TecScience","description":"New research warns about the lack of attention given to children two- to five-years-of age, a critical window for development.","robots":{"index":"index","follow":"follow","max-snippet":"max-snippet:-1","max-image-preview":"max-image-preview:large","max-video-preview":"max-video-preview:-1"},"canonical":"https:\/\/tecscience.tec.mx\/en\/education-and-humanism\/the-next-1000-days\/","og_locale":"en_US","og_type":"article","og_title":"The Next 1000 Days in Childhood That Make a Difference for the Rest of Your Life","og_description":"New research warns about the lack of attention given to children two- to five-years-of age, a critical window for development.","og_url":"https:\/\/tecscience.tec.mx\/en\/education-and-humanism\/the-next-1000-days\/","og_site_name":"TecScience","article_published_time":"2025-05-08T05:03:00+00:00","article_modified_time":"2025-05-12T20:49:05+00:00","og_image":[{"width":750,"height":500,"url":"https:\/\/tecscience.tec.mx\/en\/wp-content\/uploads\/sites\/9\/2025\/05\/primera-infancia.jpg","type":"image\/jpeg"}],"author":"In\u00e9s Guti\u00e9rrez Jaber","twitter_card":"summary_large_image","twitter_misc":{"Written by":"In\u00e9s Guti\u00e9rrez Jaber","Est. reading time":"4 minutes"},"schema":{"@context":"https:\/\/schema.org","@graph":[{"@type":"Article","@id":"https:\/\/tecscience.tec.mx\/en\/education-and-humanism\/the-next-1000-days\/#article","isPartOf":{"@id":"https:\/\/tecscience.tec.mx\/en\/education-and-humanism\/the-next-1000-days\/"},"author":{"name":"In\u00e9s Guti\u00e9rrez Jaber","@id":"https:\/\/tecscience.tec.mx\/en\/#\/schema\/person\/72a3b50d0dbd7d1124452069e14a2db9"},"headline":"The Next 1000 Days in Childhood That Make a Difference for the Rest of Your Life","datePublished":"2025-05-08T05:03:00+00:00","dateModified":"2025-05-12T20:49:05+00:00","mainEntityOfPage":{"@id":"https:\/\/tecscience.tec.mx\/en\/education-and-humanism\/the-next-1000-days\/"},"wordCount":833,"publisher":{"@id":"https:\/\/tecscience.tec.mx\/en\/#organization"},"image":{"@id":"https:\/\/tecscience.tec.mx\/en\/education-and-humanism\/the-next-1000-days\/#primaryimage"},"thumbnailUrl":"https:\/\/tecscience.tec.mx\/en\/wp-content\/uploads\/sites\/9\/2025\/05\/primera-infancia.jpg","keywords":["Center for Early Childhood"],"articleSection":["Education and Humanism"],"inLanguage":"en-US"},{"@type":"WebPage","@id":"https:\/\/tecscience.tec.mx\/en\/education-and-humanism\/the-next-1000-days\/","url":"https:\/\/tecscience.tec.mx\/en\/education-and-humanism\/the-next-1000-days\/","name":"The Next 1000 Days in Childhood That Make a Difference for the Rest of Your Life - TecScience","isPartOf":{"@id":"https:\/\/tecscience.tec.mx\/en\/#website"},"primaryImageOfPage":{"@id":"https:\/\/tecscience.tec.mx\/en\/education-and-humanism\/the-next-1000-days\/#primaryimage"},"image":{"@id":"https:\/\/tecscience.tec.mx\/en\/education-and-humanism\/the-next-1000-days\/#primaryimage"},"thumbnailUrl":"https:\/\/tecscience.tec.mx\/en\/wp-content\/uploads\/sites\/9\/2025\/05\/primera-infancia.jpg","datePublished":"2025-05-08T05:03:00+00:00","dateModified":"2025-05-12T20:49:05+00:00","description":"New research warns about the lack of attention given to children two- to five-years-of age, a critical window for development.","breadcrumb":{"@id":"https:\/\/tecscience.tec.mx\/en\/education-and-humanism\/the-next-1000-days\/#breadcrumb"},"inLanguage":"en-US","potentialAction":[{"@type":"ReadAction","target":["https:\/\/tecscience.tec.mx\/en\/education-and-humanism\/the-next-1000-days\/"]}]},{"@type":"ImageObject","inLanguage":"en-US","@id":"https:\/\/tecscience.tec.mx\/en\/education-and-humanism\/the-next-1000-days\/#primaryimage","url":"https:\/\/tecscience.tec.mx\/en\/wp-content\/uploads\/sites\/9\/2025\/05\/primera-infancia.jpg","contentUrl":"https:\/\/tecscience.tec.mx\/en\/wp-content\/uploads\/sites\/9\/2025\/05\/primera-infancia.jpg","width":750,"height":500,"caption":"Between the ages of two and five, children spend more time in daycare and preschool, opening up a key opportunity to improve the coverage and quality of these services. (Photo: Getty Images)"},{"@type":"BreadcrumbList","@id":"https:\/\/tecscience.tec.mx\/en\/education-and-humanism\/the-next-1000-days\/#breadcrumb","itemListElement":[{"@type":"ListItem","position":1,"name":"Home","item":"https:\/\/tecscience.tec.mx\/en\/"},{"@type":"ListItem","position":2,"name":"The Next 1000 Days in Childhood That Make a Difference for the Rest of Your Life"}]},{"@type":"WebSite","@id":"https:\/\/tecscience.tec.mx\/en\/#website","url":"https:\/\/tecscience.tec.mx\/en\/","name":"TecScience","description":"-","publisher":{"@id":"https:\/\/tecscience.tec.mx\/en\/#organization"},"potentialAction":[{"@type":"SearchAction","target":{"@type":"EntryPoint","urlTemplate":"https:\/\/tecscience.tec.mx\/en\/?s={search_term_string}"},"query-input":{"@type":"PropertyValueSpecification","valueRequired":true,"valueName":"search_term_string"}}],"inLanguage":"en-US"},{"@type":"Organization","@id":"https:\/\/tecscience.tec.mx\/en\/#organization","name":"TecScience","url":"https:\/\/tecscience.tec.mx\/en\/","logo":{"@type":"ImageObject","inLanguage":"en-US","@id":"https:\/\/tecscience.tec.mx\/en\/#\/schema\/logo\/image\/","url":"https:\/\/tecscience.tec.mx\/en\/wp-content\/uploads\/sites\/9\/2022\/11\/logo-negro-tecscience.svg","contentUrl":"https:\/\/tecscience.tec.mx\/en\/wp-content\/uploads\/sites\/9\/2022\/11\/logo-negro-tecscience.svg","width":250,"height":38,"caption":"TecScience"},"image":{"@id":"https:\/\/tecscience.tec.mx\/en\/#\/schema\/logo\/image\/"}},{"@type":"Person","@id":"https:\/\/tecscience.tec.mx\/en\/#\/schema\/person\/72a3b50d0dbd7d1124452069e14a2db9","name":"In\u00e9s Guti\u00e9rrez Jaber","image":{"@type":"ImageObject","inLanguage":"en-US","@id":"https:\/\/secure.gravatar.com\/avatar\/d136e90158f5aac8a8da8abe38806ceebb853d4d6d17967fb867b912b35483a9?s=96&d=mm&r=g","url":"https:\/\/secure.gravatar.com\/avatar\/d136e90158f5aac8a8da8abe38806ceebb853d4d6d17967fb867b912b35483a9?s=96&d=mm&r=g","contentUrl":"https:\/\/secure.gravatar.com\/avatar\/d136e90158f5aac8a8da8abe38806ceebb853d4d6d17967fb867b912b35483a9?s=96&d=mm&r=g","caption":"In\u00e9s Guti\u00e9rrez Jaber"},"description":"Periodista de ciencia y artista visual. Mi trabajo ha sido publicado en medios como Science, Science News, Newsweek, Nexos, \u00bfC\u00f3mo ves?, entre otros. Estudi\u00e9 Biolog\u00eda en la Facultad de Ciencias de la UNAM y ah\u00ed descubr\u00ed mi pasi\u00f3n por comunicarle a todas las personas el conocimiento cient\u00edfico y su relevancia social. Creo que la ciencia, al fomentar el pensamiento cr\u00edtico, puede empoderar a la humanidad y, al ser la base de los avances tecnol\u00f3gicos, puede ayudarla a vivir en las mejores condiciones posibles.","url":"https:\/\/tecscience.tec.mx\/en\/author\/igutierrez\/"}]}},"_links":{"self":[{"href":"https:\/\/tecscience.tec.mx\/en\/wp-json\/wp\/v2\/posts\/169530","targetHints":{"allow":["GET"]}}],"collection":[{"href":"https:\/\/tecscience.tec.mx\/en\/wp-json\/wp\/v2\/posts"}],"about":[{"href":"https:\/\/tecscience.tec.mx\/en\/wp-json\/wp\/v2\/types\/post"}],"author":[{"embeddable":true,"href":"https:\/\/tecscience.tec.mx\/en\/wp-json\/wp\/v2\/users\/12"}],"replies":[{"embeddable":true,"href":"https:\/\/tecscience.tec.mx\/en\/wp-json\/wp\/v2\/comments?post=169530"}],"version-history":[{"count":0,"href":"https:\/\/tecscience.tec.mx\/en\/wp-json\/wp\/v2\/posts\/169530\/revisions"}],"wp:featuredmedia":[{"embeddable":true,"href":"https:\/\/tecscience.tec.mx\/en\/wp-json\/wp\/v2\/media\/169531"}],"wp:attachment":[{"href":"https:\/\/tecscience.tec.mx\/en\/wp-json\/wp\/v2\/media?parent=169530"}],"wp:term":[{"taxonomy":"category","embeddable":true,"href":"https:\/\/tecscience.tec.mx\/en\/wp-json\/wp\/v2\/categories?post=169530"},{"taxonomy":"post_tag","embeddable":true,"href":"https:\/\/tecscience.tec.mx\/en\/wp-json\/wp\/v2\/tags?post=169530"}],"curies":[{"name":"wp","href":"https:\/\/api.w.org\/{rel}","templated":true}]}}