{"id":171730,"date":"2025-12-02T14:00:19","date_gmt":"2025-12-02T20:00:19","guid":{"rendered":"https:\/\/tecscience.tec.mx\/en\/?p=171730"},"modified":"2025-12-03T12:25:46","modified_gmt":"2025-12-03T18:25:46","slug":"brain-dementia-and-cognitive-decline","status":"publish","type":"post","link":"https:\/\/tecscience.tec.mx\/en\/health\/brain-dementia-and-cognitive-decline\/","title":{"rendered":"Can we Reduce the Risk of Dementia or Delay Cognitive Decline With Lifestyle Changes?"},"content":{"rendered":"\n<p>Many of us have heard that doing activities like puzzles, playing Sudoku or chess can help stimulate our brain and prevent memory loss, but how many puzzles do we have to do or how many days a week should we have to play chess for it to be useful in the long term?<\/p>\n\n\n\n<p>Although the answers to these questions do not yet exist, we are getting closer to knowing what lifestyle adjustments we can adopt to prevent age-related cognitive decline and reduce the risk of dementia.<\/p>\n\n\n\n<p>&#8220;Dementia and cognitive impairment <strong>are multifactorial<\/strong>,\u201d says <a href=\"https:\/\/publichealth.jhu.edu\/faculty\/567\/george-w-rebok\" target=\"_blank\" rel=\"noreferrer noopener\">George Rebok<\/a>, Professor Emeritus at the Department of Mental Health and the Department of Psychiatry at the <a href=\"https:\/\/publichealth.jhu.edu\/\" target=\"_blank\" rel=\"noreferrer noopener\">Johns Hopkins Bloomberg School of Public Health<\/a>. \u201cThere is a push for multi-component interventions that involve not just cognitive training, but also dietary practices, good sleep hygiene, exercise, managing your vascular risk factors, and so on.\u201d<\/p>\n\n\n\n<p>Rebok has studied these pathologies for decades and developed interventions to prevent them, which, broadly speaking, have lasting effects on the cognitive abilities of older and middle-aged adults.<\/p>\n\n\n\n<p>Building community also seems to be key. \u201cA lot of times, as people get older, they become more isolated,\u201d says <a href=\"https:\/\/directory.uthscsa.edu\/academics\/profile\/flanaganm1\" target=\"_blank\" rel=\"noreferrer noopener\">Margaret Flanagan<\/a>, researcher and professor at the <a href=\"https:\/\/uthscsa.edu\/\" target=\"_blank\" rel=\"noreferrer noopener\">University of Texas Health Science Center<\/a>. \u201cSo trying to stay engaged, whether it&#8217;s a book club or getting together with friends once a week is important&#8221;.<\/p>\n\n\n\n<figure class=\"wp-block-embed aligncenter is-type-video is-provider-youtube wp-block-embed-youtube wp-embed-aspect-16-9 wp-has-aspect-ratio\"><div class=\"wp-block-embed__wrapper\">\n<iframe title=\"Conoce c\u00f3mo una dieta antiinflamatoria puede evitar el deterioro cognitivo\" width=\"800\" height=\"450\" src=\"https:\/\/www.youtube.com\/embed\/GsiyzDN1Hcc?feature=oembed\" frameborder=\"0\" allow=\"accelerometer; autoplay; clipboard-write; encrypted-media; gyroscope; picture-in-picture; web-share\" referrerpolicy=\"strict-origin-when-cross-origin\" allowfullscreen><\/iframe>\n<\/div><figcaption class=\"wp-element-caption\">English captions are available for the video &#8220;Can the anti-inflamatory diet prevent cognitive decline?&#8221;<\/figcaption><\/figure>\n\n\n\n<h2 class=\"wp-block-heading\">Lessons from the Nun Study<\/h2>\n\n\n\n<p>One of the milestones that has helped us understand how to protect our cognitive abilities against the inevitable passage of time is the <a href=\"https:\/\/www.sciencedirect.com\/topics\/medicine-and-dentistry\/nun-study\" target=\"_blank\" rel=\"noreferrer noopener\">Nun Study<\/a>, a long-term research project that examines aging and dementia in a group of Catholic nuns.<\/p>\n\n\n\n<p>It began in the late eighties when neurologist and researcher David Snowdon met the group of <a href=\"https:\/\/ssnd.org\/about-us\/nun_study\/\" target=\"_blank\" rel=\"noreferrer noopener\">School Sisters of Notre Dame<\/a>, in a convent in Minnesota.<\/p>\n\n\n\n<p>All of them \u2013almost 700 nuns\u2013 agreed to be studied over the years and to donate their brains to science once they passed.<\/p>\n\n\n\n<p>\u201cThey all lived in such a <strong>controlled and homogeneous environment<\/strong> that would be pretty impossible to get outside of a laboratory,\u201d says Flanagan, who now leads the study.<\/p>\n\n\n\n<p>These conditions allowed researchers to exclude confounding factors and truly understand the impact of certain behaviors and habits on cognition.<\/p>\n\n\n\n<p>Today, all the nuns have passed away and their brains are still being actively analyzed.<\/p>\n\n\n\n<p>Among the many findings that have been made thanks to them is the importance of education and <a href=\"\/en\/health\/diabetes-and-dementia\/\" target=\"_blank\" rel=\"noreferrer noopener\">comorbidities<\/a>, specifically vascular diseases, for the prevention of dementia or for maintaining cognitive skills despite suffering from it.<\/p>\n\n\n\n<h2 class=\"wp-block-heading\">Density of Ideas and a Life With Meaning<\/h2>\n\n\n\n<p>Of the nuns enrolled in the study, most were between <strong>70 to 100 years old<\/strong>. Some showed a lack of memory and reasoning skills, while others had them intact.<\/p>\n\n\n\n<p>What is impressive is that some nuns had <strong>damaged brains<\/strong>, with an excessive accumulation of beta amyloid and tau plaques \u2013proteins that amass in the brain and have been associated with the onset of <a href=\"\/en\/health\/alzheimers\/\" target=\"_blank\" rel=\"noreferrer noopener\">Alzheimer&#8217;s<\/a>\u2013 but they still retained their cognitive abilities.<\/p>\n\n\n\n<p>Researchers found they had protective factors that may promote <strong>healthy aging<\/strong> in others.<\/p>\n\n\n\n<p>These include density of ideas \u2013the amount of concepts and information present in a person&#8217;s speech or writing\u2013 and a complex vocabulary: the sisters who had a more extensive vocabulary had significantly less clinical dementia.<\/p>\n\n\n\n<p>\u201cThey also had less coexisting pathologies,\u201d Flanagan explains. \u201cSpecifically, less TDP-43, a protein that accumulates in Parkinson\u2019s disease in the midbrain.\u201d<\/p>\n\n\n\n<p>Thus, the total burden of disease can predict whether or not a person will develop dementia in the future.<\/p>\n\n\n\n<p>In addition, most of the nuns with good cognitive skills did not smoke, had constant physical activity, less stress, and <a href=\"\/en\/health\/studies-about-aging\/\" target=\"_blank\" rel=\"noreferrer noopener\">close social relationships<\/a>.<\/p>\n\n\n\n<p>The importance of this becomes clear when comparing the Nun Study with the <a href=\"https:\/\/pubmed.ncbi.nlm.nih.gov\/22471866\/\" target=\"_blank\" rel=\"noreferrer noopener\">Honolulu-Asia Aging Study<\/a> (HAAS), a longitudinal study of men of Japanese descent in Hawaii investigating aging and age-related diseases.<\/p>\n\n\n\n<p>In HAAS, the prevalence of dementia is higher than in the Nuns&#8217; study, and one of the explanations is that the men smoked more and had more vascular diseases.<\/p>\n\n\n\n<p>\u201cSpirituality and religion, in the case of the sisters, provided a strong foundation for a positive outlook towards life,\u201d Flanagan says. \u201cSo having meaning and a spiritual connection, whatever your religious preference, seems to be a protective factor.\u201d<\/p>\n\n\n\n<h2 class=\"wp-block-heading\">What Does the ACTIVE Study Reveal About Cognitive Decline and Independence?<\/h2>\n\n\n\n<p>Beyond ensuring we maintain healthy lifestyle habits, there are programs that can help counteract the cognitive decline that comes with age. One example is the <a href=\"https:\/\/pmc.ncbi.nlm.nih.gov\/articles\/PMC3934012\/\" target=\"_blank\" rel=\"noreferrer noopener\">ACTIVE study<\/a>, a long-term research project that analyzed <strong>how different types of cognitive training impact mental abilities<\/strong> in older adults.<\/p>\n\n\n\n<p>The program consisted of a sort of school for this sector of the population, to which they attended in groups of three to five people, and included three types of cognitive training: <strong>memory, reasoning, and processing speed<\/strong>.<\/p>\n\n\n\n<p>It consisted of ten sessions, up to 75 minutes each, implemented over a period of less than six weeks. Some participants were offered follow-up sessions months or even years later.<\/p>\n\n\n\n<p>\u201cFor speed and reasoning interventions,<strong> there were effects that lasted ten years<\/strong>,\u201d says Rebok, one of the study leaders.<\/p>\n\n\n\n<p>These effects included a lower incidence of cognitive decline, compared to those who did not receive the treatment, as well as greater <strong>independence in performing daily tasks<\/strong>, such as administering medications, managing finances, cooking, and driving.<\/p>\n\n\n\n<p>Although these types of interventions <strong>cannot prevent dementia <\/strong>on their own, they can help maintain cognitive function and quality of life in older people.<\/p>\n\n\n\n<p>\u201cFor cognitive training to work, all these other factors, a <strong>healthy diet <\/strong>and such, have to be in place,\u201d says Rebok. \u201cIt&#8217;s important to start early, but even in your late seventies, eighties or nineties, even if you haven&#8217;t done a lot of this stuff, it\u2019s never too late to start.\u201d<\/p>\n\n\n\n<h2 class=\"wp-block-heading\">The Future of Dementia Prevention<\/h2>\n\n\n\n<p>Thinking ahead, the <strong>field of dementia prevention<\/strong> promises great advances as it becomes increasingly clear that a multifactorial approach is required, involving interventions in multiple areas.<\/p>\n\n\n\n<p>\u201cThere&#8217;s no <strong>cognitive vaccine<\/strong> out there so you won&#8217;t get dementia,\u201d Rebok emphasizes. However, we know that maintaining a healthy lifestyle, which includes not smoking, eating a balanced diet, sleeping well, exercising, and managing comorbidities as much as possible, is essential to preventing cognitive decline.<\/p>\n\n\n\n<p>Having high blood pressure, as well as<a href=\"\/en\/health\/cholesterol-and-brain\/\" target=\"_blank\" rel=\"noreferrer noopener\"> elevated levels of cholesterol and blood glucose<\/a>, have a <strong>strong correlation with the onset of dementia.<\/strong><\/p>\n\n\n\n<p>\u201c<strong>Managing stress<\/strong> and mental health is probably also key,\u201d summarizes <a href=\"https:\/\/www.linkedin.com\/authwall?trk=bf&amp;trkInfo=AQHxpE93PTqVRAAAAZrgMTaorfmBrDdsaKOG6pC0XXGpNyyIIVIs1GcicB6Sai-3p63O6Us-b5h04uRetrAmDzd_0hGsaCL1nVU6kcuZx-94xXmAeWFIS3MQQ4FgOhC-fCbhSGU=&amp;original_referer=&amp;sessionRedirect=https%3A%2F%2Fwww.linkedin.com%2Fin%2Fangelique-danielle-gonzalez\" target=\"_blank\" rel=\"noreferrer noopener\">Angelique Gonzalez<\/a>, researcher and research assistant to Dr. Flanagan.<\/p>\n\n\n\n<p>The scientists also emphasize the importance of <strong>education and socialization<\/strong>, especially for vulnerable or discriminated people.<\/p>\n\n\n\n<p>\u201cEquity is critical,\u201d Rebok says. \u201cWe don\u2019t want to design interventions that exacerbate or create more disparities.\u201d<\/p>\n\n\n\n<p>With all this and the arrival of cutting-edge technologies, such as spatial transcriptomics \u2013a technique that maps the gene expression of an entire tissue\u2013 <a href=\"\/en\/tag\/artificial-intelligence\/\" target=\"_blank\" rel=\"noreferrer noopener\">Artificial Intelligence<\/a> (AI) and new biomarkers, <strong>the day when dementia ceases to exist in humans<\/strong> could be closer than we think.<\/p>\n\n\n\n<p>\u201cI\u2019m working on developing a test that could tell a person their combination of brain pathologies <strong>decades before the symptoms onset,<\/strong>\u201d Flanagan says. \u201cTreatments could be given to that person right away and eventually there would be no dementia, that is my dream.\u201d<\/p>\n\n\n\n<p><\/p>\n\n\n\n<p><em><strong>Did you find this story interesting? Would you like to publish it? Contact our content editor to learn more: <a href=\"mailto:marianaleonm@tec.mx\" target=\"_blank\" rel=\"noreferrer noopener\">marianaleonm@tec.mx<\/a><\/strong><\/em><\/p>\n\n\n\n<p><\/p>\n","protected":false},"excerpt":{"rendered":"<p>Promoting healthy aging is possible and requires multiple factors, including education, a healthy lifestyle, and cognitive training.<\/p>\n","protected":false},"author":12,"featured_media":171732,"comment_status":"closed","ping_status":"closed","sticky":false,"template":"","format":"standard","meta":{"_acf_changed":false,"_eb_attr":"","footnotes":""},"categories":[86],"tags":[],"class_list":["post-171730","post","type-post","status-publish","format-standard","has-post-thumbnail","hentry","category-health"],"acf":[],"yoast_head":"<!-- This site is optimized with the Yoast SEO Premium plugin v21.0 (Yoast SEO v27.4) - https:\/\/yoast.com\/product\/yoast-seo-premium-wordpress\/ -->\n<title>How to Prevent Dementia and Cognitive Decline | TecScience<\/title>\n<meta name=\"description\" content=\"Preventing dementia and cognitive decline that often come with old age is possible but requires interventions in multiple factors.\" \/>\n<meta name=\"robots\" content=\"index, follow, max-snippet:-1, max-image-preview:large, max-video-preview:-1\" \/>\n<link rel=\"canonical\" href=\"https:\/\/tecscience.tec.mx\/en\/health\/brain-dementia-and-cognitive-decline\/\" \/>\n<meta property=\"og:locale\" content=\"en_US\" \/>\n<meta property=\"og:type\" content=\"article\" \/>\n<meta property=\"og:title\" content=\"Can we Reduce the Risk of Dementia or Delay Cognitive Decline With Lifestyle Changes?\" \/>\n<meta property=\"og:description\" content=\"Preventing dementia and cognitive decline that often come with old age is possible but requires interventions in multiple factors.\" \/>\n<meta property=\"og:url\" content=\"https:\/\/tecscience.tec.mx\/en\/health\/brain-dementia-and-cognitive-decline\/\" \/>\n<meta property=\"og:site_name\" content=\"TecScience\" \/>\n<meta property=\"article:published_time\" content=\"2025-12-02T20:00:19+00:00\" \/>\n<meta property=\"article:modified_time\" content=\"2025-12-03T18:25:46+00:00\" \/>\n<meta property=\"og:image\" content=\"https:\/\/tecscience.tec.mx\/en\/wp-content\/uploads\/sites\/9\/2025\/12\/brain.jpg\" \/>\n\t<meta property=\"og:image:width\" content=\"750\" \/>\n\t<meta property=\"og:image:height\" content=\"500\" \/>\n\t<meta property=\"og:image:type\" content=\"image\/jpeg\" \/>\n<meta name=\"author\" content=\"In\u00e9s Guti\u00e9rrez Jaber\" \/>\n<meta name=\"twitter:card\" content=\"summary_large_image\" \/>\n<meta name=\"twitter:label1\" content=\"Written by\" \/>\n\t<meta name=\"twitter:data1\" content=\"In\u00e9s Guti\u00e9rrez Jaber\" \/>\n\t<meta name=\"twitter:label2\" content=\"Est. reading time\" \/>\n\t<meta name=\"twitter:data2\" content=\"6 minutes\" \/>\n<script type=\"application\/ld+json\" class=\"yoast-schema-graph\">{\"@context\":\"https:\\\/\\\/schema.org\",\"@graph\":[{\"@type\":\"Article\",\"@id\":\"https:\\\/\\\/tecscience.tec.mx\\\/en\\\/health\\\/brain-dementia-and-cognitive-decline\\\/#article\",\"isPartOf\":{\"@id\":\"https:\\\/\\\/tecscience.tec.mx\\\/en\\\/health\\\/brain-dementia-and-cognitive-decline\\\/\"},\"author\":{\"name\":\"In\u00e9s Guti\u00e9rrez Jaber\",\"@id\":\"https:\\\/\\\/tecscience.tec.mx\\\/en\\\/#\\\/schema\\\/person\\\/72a3b50d0dbd7d1124452069e14a2db9\"},\"headline\":\"Can we Reduce the Risk of Dementia or Delay Cognitive Decline With Lifestyle Changes?\",\"datePublished\":\"2025-12-02T20:00:19+00:00\",\"dateModified\":\"2025-12-03T18:25:46+00:00\",\"mainEntityOfPage\":{\"@id\":\"https:\\\/\\\/tecscience.tec.mx\\\/en\\\/health\\\/brain-dementia-and-cognitive-decline\\\/\"},\"wordCount\":1266,\"publisher\":{\"@id\":\"https:\\\/\\\/tecscience.tec.mx\\\/en\\\/#organization\"},\"image\":{\"@id\":\"https:\\\/\\\/tecscience.tec.mx\\\/en\\\/health\\\/brain-dementia-and-cognitive-decline\\\/#primaryimage\"},\"thumbnailUrl\":\"https:\\\/\\\/tecscience.tec.mx\\\/en\\\/wp-content\\\/uploads\\\/sites\\\/9\\\/2025\\\/12\\\/brain.jpg\",\"articleSection\":[\"Health\"],\"inLanguage\":\"en-US\"},{\"@type\":\"WebPage\",\"@id\":\"https:\\\/\\\/tecscience.tec.mx\\\/en\\\/health\\\/brain-dementia-and-cognitive-decline\\\/\",\"url\":\"https:\\\/\\\/tecscience.tec.mx\\\/en\\\/health\\\/brain-dementia-and-cognitive-decline\\\/\",\"name\":\"How to Prevent Dementia and Cognitive Decline | TecScience\",\"isPartOf\":{\"@id\":\"https:\\\/\\\/tecscience.tec.mx\\\/en\\\/#website\"},\"primaryImageOfPage\":{\"@id\":\"https:\\\/\\\/tecscience.tec.mx\\\/en\\\/health\\\/brain-dementia-and-cognitive-decline\\\/#primaryimage\"},\"image\":{\"@id\":\"https:\\\/\\\/tecscience.tec.mx\\\/en\\\/health\\\/brain-dementia-and-cognitive-decline\\\/#primaryimage\"},\"thumbnailUrl\":\"https:\\\/\\\/tecscience.tec.mx\\\/en\\\/wp-content\\\/uploads\\\/sites\\\/9\\\/2025\\\/12\\\/brain.jpg\",\"datePublished\":\"2025-12-02T20:00:19+00:00\",\"dateModified\":\"2025-12-03T18:25:46+00:00\",\"description\":\"Preventing dementia and cognitive decline that often come with old age is possible but requires interventions in multiple factors.\",\"breadcrumb\":{\"@id\":\"https:\\\/\\\/tecscience.tec.mx\\\/en\\\/health\\\/brain-dementia-and-cognitive-decline\\\/#breadcrumb\"},\"inLanguage\":\"en-US\",\"potentialAction\":[{\"@type\":\"ReadAction\",\"target\":[\"https:\\\/\\\/tecscience.tec.mx\\\/en\\\/health\\\/brain-dementia-and-cognitive-decline\\\/\"]}]},{\"@type\":\"ImageObject\",\"inLanguage\":\"en-US\",\"@id\":\"https:\\\/\\\/tecscience.tec.mx\\\/en\\\/health\\\/brain-dementia-and-cognitive-decline\\\/#primaryimage\",\"url\":\"https:\\\/\\\/tecscience.tec.mx\\\/en\\\/wp-content\\\/uploads\\\/sites\\\/9\\\/2025\\\/12\\\/brain.jpg\",\"contentUrl\":\"https:\\\/\\\/tecscience.tec.mx\\\/en\\\/wp-content\\\/uploads\\\/sites\\\/9\\\/2025\\\/12\\\/brain.jpg\",\"width\":750,\"height\":500,\"caption\":\"Building community, receiving a good education, and living a healthy life can help prevent the onset of dementia. (Illustration: Getty Images)\"},{\"@type\":\"BreadcrumbList\",\"@id\":\"https:\\\/\\\/tecscience.tec.mx\\\/en\\\/health\\\/brain-dementia-and-cognitive-decline\\\/#breadcrumb\",\"itemListElement\":[{\"@type\":\"ListItem\",\"position\":1,\"name\":\"Home\",\"item\":\"https:\\\/\\\/tecscience.tec.mx\\\/en\\\/\"},{\"@type\":\"ListItem\",\"position\":2,\"name\":\"Can we Reduce the Risk of Dementia or Delay Cognitive Decline With Lifestyle Changes?\"}]},{\"@type\":\"WebSite\",\"@id\":\"https:\\\/\\\/tecscience.tec.mx\\\/en\\\/#website\",\"url\":\"https:\\\/\\\/tecscience.tec.mx\\\/en\\\/\",\"name\":\"TecScience\",\"description\":\"-\",\"publisher\":{\"@id\":\"https:\\\/\\\/tecscience.tec.mx\\\/en\\\/#organization\"},\"potentialAction\":[{\"@type\":\"SearchAction\",\"target\":{\"@type\":\"EntryPoint\",\"urlTemplate\":\"https:\\\/\\\/tecscience.tec.mx\\\/en\\\/?s={search_term_string}\"},\"query-input\":{\"@type\":\"PropertyValueSpecification\",\"valueRequired\":true,\"valueName\":\"search_term_string\"}}],\"inLanguage\":\"en-US\"},{\"@type\":\"Organization\",\"@id\":\"https:\\\/\\\/tecscience.tec.mx\\\/en\\\/#organization\",\"name\":\"TecScience\",\"url\":\"https:\\\/\\\/tecscience.tec.mx\\\/en\\\/\",\"logo\":{\"@type\":\"ImageObject\",\"inLanguage\":\"en-US\",\"@id\":\"https:\\\/\\\/tecscience.tec.mx\\\/en\\\/#\\\/schema\\\/logo\\\/image\\\/\",\"url\":\"https:\\\/\\\/tecscience.tec.mx\\\/en\\\/wp-content\\\/uploads\\\/sites\\\/9\\\/2022\\\/11\\\/logo-negro-tecscience.svg\",\"contentUrl\":\"https:\\\/\\\/tecscience.tec.mx\\\/en\\\/wp-content\\\/uploads\\\/sites\\\/9\\\/2022\\\/11\\\/logo-negro-tecscience.svg\",\"width\":250,\"height\":38,\"caption\":\"TecScience\"},\"image\":{\"@id\":\"https:\\\/\\\/tecscience.tec.mx\\\/en\\\/#\\\/schema\\\/logo\\\/image\\\/\"}},{\"@type\":\"Person\",\"@id\":\"https:\\\/\\\/tecscience.tec.mx\\\/en\\\/#\\\/schema\\\/person\\\/72a3b50d0dbd7d1124452069e14a2db9\",\"name\":\"In\u00e9s Guti\u00e9rrez Jaber\",\"image\":{\"@type\":\"ImageObject\",\"inLanguage\":\"en-US\",\"@id\":\"https:\\\/\\\/secure.gravatar.com\\\/avatar\\\/d136e90158f5aac8a8da8abe38806ceebb853d4d6d17967fb867b912b35483a9?s=96&d=mm&r=g\",\"url\":\"https:\\\/\\\/secure.gravatar.com\\\/avatar\\\/d136e90158f5aac8a8da8abe38806ceebb853d4d6d17967fb867b912b35483a9?s=96&d=mm&r=g\",\"contentUrl\":\"https:\\\/\\\/secure.gravatar.com\\\/avatar\\\/d136e90158f5aac8a8da8abe38806ceebb853d4d6d17967fb867b912b35483a9?s=96&d=mm&r=g\",\"caption\":\"In\u00e9s Guti\u00e9rrez Jaber\"},\"description\":\"Periodista de ciencia y artista visual. Mi trabajo ha sido publicado en medios como Science, Science News, Newsweek, Nexos, \u00bfC\u00f3mo ves?, entre otros. Estudi\u00e9 Biolog\u00eda en la Facultad de Ciencias de la UNAM y ah\u00ed descubr\u00ed mi pasi\u00f3n por comunicarle a todas las personas el conocimiento cient\u00edfico y su relevancia social. Creo que la ciencia, al fomentar el pensamiento cr\u00edtico, puede empoderar a la humanidad y, al ser la base de los avances tecnol\u00f3gicos, puede ayudarla a vivir en las mejores condiciones posibles.\",\"url\":\"https:\\\/\\\/tecscience.tec.mx\\\/en\\\/author\\\/igutierrez\\\/\"}]}<\/script>\n<!-- \/ Yoast SEO Premium plugin. -->","yoast_head_json":{"title":"How to Prevent Dementia and Cognitive Decline | TecScience","description":"Preventing dementia and cognitive decline that often come with old age is possible but requires interventions in multiple factors.","robots":{"index":"index","follow":"follow","max-snippet":"max-snippet:-1","max-image-preview":"max-image-preview:large","max-video-preview":"max-video-preview:-1"},"canonical":"https:\/\/tecscience.tec.mx\/en\/health\/brain-dementia-and-cognitive-decline\/","og_locale":"en_US","og_type":"article","og_title":"Can we Reduce the Risk of Dementia or Delay Cognitive Decline With Lifestyle Changes?","og_description":"Preventing dementia and cognitive decline that often come with old age is possible but requires interventions in multiple factors.","og_url":"https:\/\/tecscience.tec.mx\/en\/health\/brain-dementia-and-cognitive-decline\/","og_site_name":"TecScience","article_published_time":"2025-12-02T20:00:19+00:00","article_modified_time":"2025-12-03T18:25:46+00:00","og_image":[{"width":750,"height":500,"url":"https:\/\/tecscience.tec.mx\/en\/wp-content\/uploads\/sites\/9\/2025\/12\/brain.jpg","type":"image\/jpeg"}],"author":"In\u00e9s Guti\u00e9rrez Jaber","twitter_card":"summary_large_image","twitter_misc":{"Written by":"In\u00e9s Guti\u00e9rrez Jaber","Est. reading time":"6 minutes"},"schema":{"@context":"https:\/\/schema.org","@graph":[{"@type":"Article","@id":"https:\/\/tecscience.tec.mx\/en\/health\/brain-dementia-and-cognitive-decline\/#article","isPartOf":{"@id":"https:\/\/tecscience.tec.mx\/en\/health\/brain-dementia-and-cognitive-decline\/"},"author":{"name":"In\u00e9s Guti\u00e9rrez Jaber","@id":"https:\/\/tecscience.tec.mx\/en\/#\/schema\/person\/72a3b50d0dbd7d1124452069e14a2db9"},"headline":"Can we Reduce the Risk of Dementia or Delay Cognitive Decline With Lifestyle Changes?","datePublished":"2025-12-02T20:00:19+00:00","dateModified":"2025-12-03T18:25:46+00:00","mainEntityOfPage":{"@id":"https:\/\/tecscience.tec.mx\/en\/health\/brain-dementia-and-cognitive-decline\/"},"wordCount":1266,"publisher":{"@id":"https:\/\/tecscience.tec.mx\/en\/#organization"},"image":{"@id":"https:\/\/tecscience.tec.mx\/en\/health\/brain-dementia-and-cognitive-decline\/#primaryimage"},"thumbnailUrl":"https:\/\/tecscience.tec.mx\/en\/wp-content\/uploads\/sites\/9\/2025\/12\/brain.jpg","articleSection":["Health"],"inLanguage":"en-US"},{"@type":"WebPage","@id":"https:\/\/tecscience.tec.mx\/en\/health\/brain-dementia-and-cognitive-decline\/","url":"https:\/\/tecscience.tec.mx\/en\/health\/brain-dementia-and-cognitive-decline\/","name":"How to Prevent Dementia and Cognitive Decline | TecScience","isPartOf":{"@id":"https:\/\/tecscience.tec.mx\/en\/#website"},"primaryImageOfPage":{"@id":"https:\/\/tecscience.tec.mx\/en\/health\/brain-dementia-and-cognitive-decline\/#primaryimage"},"image":{"@id":"https:\/\/tecscience.tec.mx\/en\/health\/brain-dementia-and-cognitive-decline\/#primaryimage"},"thumbnailUrl":"https:\/\/tecscience.tec.mx\/en\/wp-content\/uploads\/sites\/9\/2025\/12\/brain.jpg","datePublished":"2025-12-02T20:00:19+00:00","dateModified":"2025-12-03T18:25:46+00:00","description":"Preventing dementia and cognitive decline that often come with old age is possible but requires interventions in multiple factors.","breadcrumb":{"@id":"https:\/\/tecscience.tec.mx\/en\/health\/brain-dementia-and-cognitive-decline\/#breadcrumb"},"inLanguage":"en-US","potentialAction":[{"@type":"ReadAction","target":["https:\/\/tecscience.tec.mx\/en\/health\/brain-dementia-and-cognitive-decline\/"]}]},{"@type":"ImageObject","inLanguage":"en-US","@id":"https:\/\/tecscience.tec.mx\/en\/health\/brain-dementia-and-cognitive-decline\/#primaryimage","url":"https:\/\/tecscience.tec.mx\/en\/wp-content\/uploads\/sites\/9\/2025\/12\/brain.jpg","contentUrl":"https:\/\/tecscience.tec.mx\/en\/wp-content\/uploads\/sites\/9\/2025\/12\/brain.jpg","width":750,"height":500,"caption":"Building community, receiving a good education, and living a healthy life can help prevent the onset of dementia. (Illustration: Getty Images)"},{"@type":"BreadcrumbList","@id":"https:\/\/tecscience.tec.mx\/en\/health\/brain-dementia-and-cognitive-decline\/#breadcrumb","itemListElement":[{"@type":"ListItem","position":1,"name":"Home","item":"https:\/\/tecscience.tec.mx\/en\/"},{"@type":"ListItem","position":2,"name":"Can we Reduce the Risk of Dementia or Delay Cognitive Decline With Lifestyle Changes?"}]},{"@type":"WebSite","@id":"https:\/\/tecscience.tec.mx\/en\/#website","url":"https:\/\/tecscience.tec.mx\/en\/","name":"TecScience","description":"-","publisher":{"@id":"https:\/\/tecscience.tec.mx\/en\/#organization"},"potentialAction":[{"@type":"SearchAction","target":{"@type":"EntryPoint","urlTemplate":"https:\/\/tecscience.tec.mx\/en\/?s={search_term_string}"},"query-input":{"@type":"PropertyValueSpecification","valueRequired":true,"valueName":"search_term_string"}}],"inLanguage":"en-US"},{"@type":"Organization","@id":"https:\/\/tecscience.tec.mx\/en\/#organization","name":"TecScience","url":"https:\/\/tecscience.tec.mx\/en\/","logo":{"@type":"ImageObject","inLanguage":"en-US","@id":"https:\/\/tecscience.tec.mx\/en\/#\/schema\/logo\/image\/","url":"https:\/\/tecscience.tec.mx\/en\/wp-content\/uploads\/sites\/9\/2022\/11\/logo-negro-tecscience.svg","contentUrl":"https:\/\/tecscience.tec.mx\/en\/wp-content\/uploads\/sites\/9\/2022\/11\/logo-negro-tecscience.svg","width":250,"height":38,"caption":"TecScience"},"image":{"@id":"https:\/\/tecscience.tec.mx\/en\/#\/schema\/logo\/image\/"}},{"@type":"Person","@id":"https:\/\/tecscience.tec.mx\/en\/#\/schema\/person\/72a3b50d0dbd7d1124452069e14a2db9","name":"In\u00e9s Guti\u00e9rrez Jaber","image":{"@type":"ImageObject","inLanguage":"en-US","@id":"https:\/\/secure.gravatar.com\/avatar\/d136e90158f5aac8a8da8abe38806ceebb853d4d6d17967fb867b912b35483a9?s=96&d=mm&r=g","url":"https:\/\/secure.gravatar.com\/avatar\/d136e90158f5aac8a8da8abe38806ceebb853d4d6d17967fb867b912b35483a9?s=96&d=mm&r=g","contentUrl":"https:\/\/secure.gravatar.com\/avatar\/d136e90158f5aac8a8da8abe38806ceebb853d4d6d17967fb867b912b35483a9?s=96&d=mm&r=g","caption":"In\u00e9s Guti\u00e9rrez Jaber"},"description":"Periodista de ciencia y artista visual. Mi trabajo ha sido publicado en medios como Science, Science News, Newsweek, Nexos, \u00bfC\u00f3mo ves?, entre otros. Estudi\u00e9 Biolog\u00eda en la Facultad de Ciencias de la UNAM y ah\u00ed descubr\u00ed mi pasi\u00f3n por comunicarle a todas las personas el conocimiento cient\u00edfico y su relevancia social. Creo que la ciencia, al fomentar el pensamiento cr\u00edtico, puede empoderar a la humanidad y, al ser la base de los avances tecnol\u00f3gicos, puede ayudarla a vivir en las mejores condiciones posibles.","url":"https:\/\/tecscience.tec.mx\/en\/author\/igutierrez\/"}]}},"_links":{"self":[{"href":"https:\/\/tecscience.tec.mx\/en\/wp-json\/wp\/v2\/posts\/171730","targetHints":{"allow":["GET"]}}],"collection":[{"href":"https:\/\/tecscience.tec.mx\/en\/wp-json\/wp\/v2\/posts"}],"about":[{"href":"https:\/\/tecscience.tec.mx\/en\/wp-json\/wp\/v2\/types\/post"}],"author":[{"embeddable":true,"href":"https:\/\/tecscience.tec.mx\/en\/wp-json\/wp\/v2\/users\/12"}],"replies":[{"embeddable":true,"href":"https:\/\/tecscience.tec.mx\/en\/wp-json\/wp\/v2\/comments?post=171730"}],"version-history":[{"count":0,"href":"https:\/\/tecscience.tec.mx\/en\/wp-json\/wp\/v2\/posts\/171730\/revisions"}],"wp:featuredmedia":[{"embeddable":true,"href":"https:\/\/tecscience.tec.mx\/en\/wp-json\/wp\/v2\/media\/171732"}],"wp:attachment":[{"href":"https:\/\/tecscience.tec.mx\/en\/wp-json\/wp\/v2\/media?parent=171730"}],"wp:term":[{"taxonomy":"category","embeddable":true,"href":"https:\/\/tecscience.tec.mx\/en\/wp-json\/wp\/v2\/categories?post=171730"},{"taxonomy":"post_tag","embeddable":true,"href":"https:\/\/tecscience.tec.mx\/en\/wp-json\/wp\/v2\/tags?post=171730"}],"curies":[{"name":"wp","href":"https:\/\/api.w.org\/{rel}","templated":true}]}}