{"id":155338,"date":"2023-03-06T18:30:24","date_gmt":"2023-03-06T18:30:24","guid":{"rendered":"https:\/\/tecscience.tec.mx\/es\/?p=155338"},"modified":"2023-08-05T00:36:30","modified_gmt":"2023-08-05T00:36:30","slug":"universidad-incluyente-kim-wilcox","status":"publish","type":"post","link":"https:\/\/tecscience.tec.mx\/es\/humano-social\/universidad-incluyente-kim-wilcox\/","title":{"rendered":"Kim Wilcox: la investigaci\u00f3n debe ser  incluyente"},"content":{"rendered":"\n<p>La <a href=\"https:\/\/www.ucr.edu\/\" target=\"_blank\" rel=\"noreferrer noopener\">Universidad de California en Riverside (UC Riverside)<\/a> destina m\u00e1s de<a href=\"https:\/\/www.ucop.edu\/research-innovation\/about-ri.html\" target=\"_blank\" rel=\"noreferrer noopener\"> 5,000 millones de d\u00f3lares de su presupuesto<\/a> a investigaci\u00f3n, alrededor de una d\u00e9cima parte del total invertido en ese rubro en Estados Unidos.<\/p>\n\n\n\n<p><a href=\"https:\/\/chancellor.ucr.edu\/biography\" target=\"_blank\" rel=\"noreferrer noopener\">Kim Wilcox<\/a>, canciller de la Universidad de California en Riverside (UCR) no se muestra preocupado por el presupuesto sino en otro problema que considera m\u00e1s urgente: <strong>la educaci\u00f3n y la investigaci\u00f3n tienen un problema de inclusi\u00f3n.&nbsp;<\/strong><\/p>\n\n\n\n<p>Dice que las universidades no tienen el espacio y capacidad suficiente \u2212o a veces la disposici\u00f3n\u2212 para brindar oportunidades a j\u00f3venes talentosos que no tienen recursos ni medios para estudiar, no solo en la Universidad de California, sino incluso en cualquier universidad del mundo.&nbsp;<\/p>\n\n\n\n<p>Las millones de personas que se quedan sin poder acceder a una carrera profesional tambi\u00e9n pierden la oportunidad de generar cambios en la sociedad, en sus comunidades y en sus familias.<\/p>\n\n\n\n<p>\u201cSi no cambiamos nuestras universidades y continuamos <strong>dando lugar \u00fanicamente a los privilegiados<\/strong> no solo hacemos que se pierdan sus futuros, sino que disminuimos nuestro propio futuro\u201d, dice Wilcox.<\/p>\n\n\n\n<h2 class=\"wp-block-heading\"><strong>Universidad incluyente<\/strong><\/h2>\n\n\n\n<p>Kim Wilcox explica, durante su charla en el <a href=\"https:\/\/tecscience.tec.mx\/es\/tag\/ciie\/\" target=\"_blank\" rel=\"noreferrer noopener\">Congreso Internacional de Innovaci\u00f3n Educativa<\/a> (CIIE 2023) del Tec de Monterrey, que deber\u00eda existir una <strong>mayor apertura de las universidades para alumnos que no pueden costear una educaci\u00f3n universitaria<\/strong>, pero que tienen el talento para estudiar y generar impacto social en sus comunidades.&nbsp;<\/p>\n\n\n\n<p>Estas iniciativas son cada vez m\u00e1s comunes, como pasa en UC Riverside, en donde existe una mayor\u00eda de estudiantes de color y estudiantes pobres que aplican a apoyos del gobierno ya que no tienen el dinero suficiente.<\/p>\n\n\n\n<p>Este fen\u00f3meno ha hecho que la UCR aumente sus cifras de graduados; tambi\u00e9n que sea una de las universidades con mayor movilidad social, es decir, que sus alumnos pasen de una clase social a otra superior y una de las mayor reconocidas en investigaci\u00f3n.<\/p>\n\n\n\n<p>Otras universidades como el Tec de Monterrey tiene un programa llamado<a href=\"https:\/\/lideresdelmanana.itesm.mx\/\" target=\"_blank\" rel=\"noreferrer noopener\"> L\u00edderes del Ma\u00f1ana <\/a>en el que se dan becas del 100% del valor de una carrera para que j\u00f3venes talentosos sin recursos puedan estudiar una carrera universitaria.&nbsp;<\/p>\n\n\n\n<p><strong>Esta inclusi\u00f3n no solo impacta en la vida de los alumnos y en los empleos <\/strong>que consigan en un futuro sino que tambi\u00e9n tiene consecuencias en la sociedad.&nbsp;<\/p>\n\n\n\n<p>Casi una d\u00e9cima parte de toda la investigaci\u00f3n realizada en Estados Unidos proviene de alrededor de 30,000 investigadores de UCR y de sus programas de inclusi\u00f3n.<\/p>\n\n\n\n<p>Sin embargo, una de las desventajas actuales de la educaci\u00f3n y la investigaci\u00f3n, es que, aunque existan algunas universidades que adopten y apliquen estas iniciativas, la gran cantidad de aspirantes universitarios se quedan fuera de estas.<\/p>\n\n\n\n<p>\u201cNos va bien y lo estamos haciendo bien, sin embargo, solo podemos hacerlo para nuestros 27,000 estudiantes.<strong> Eso no va a cambiar el mundo<\/strong>\u201d, indica Wilcox.<\/p>\n\n\n\n<figure class=\"wp-block-image size-full is-resized\"><picture>\r\n                <source srcset=\"https:\/\/tecscience.tec.mx\/es\/wp-content\/uploads\/sites\/8\/2023\/03\/Kim-Wilcox-2.webp\" type=\"image\/webp\">\r\n                <img fetchpriority=\"high\" decoding=\"async\" src=\"https:\/\/tecscience.tec.mx\/es\/wp-content\/uploads\/sites\/8\/2023\/03\/Kim-Wilcox-2.jpg\" alt=\"Ilustraci\u00f3n de libros apilados con escaleras a su costado\" class=\"wp-image-155603\" width=\"836\" height=\"557\" srcset=\"https:\/\/tecscience.tec.mx\/es\/wp-content\/uploads\/sites\/8\/2023\/03\/Kim-Wilcox-2.jpg 750w, https:\/\/tecscience.tec.mx\/es\/wp-content\/uploads\/sites\/8\/2023\/03\/Kim-Wilcox-2-300x200.jpg 300w\" sizes=\"(max-width: 836px) 100vw, 836px\" \/>\r\n            <\/picture><figcaption class=\"wp-element-caption\">Millones se quedan sin acceso a una carrera profesional y pierden la oportunidad de generar cambios sociales. (Foto: Cortes\u00eda, Ilustraci\u00f3n: Blair Frame)<\/figcaption><\/figure>\n\n\n\n<h2 class=\"wp-block-heading\"><strong>La investigaci\u00f3n y el impacto en la sociedad<\/strong><\/h2>\n\n\n\n<p>Wilcox sugiere hacer lo mismo que hicieron los cient\u00edficos que trabajaron en el <strong>proyecto Manhattan<\/strong>, con el cual se cre\u00f3 una de las armas de destrucci\u00f3n masiva m\u00e1s grandes de la historia.<\/p>\n\n\n\n<p>Pero, en este caso, <strong>la idea no es crear una bomba at\u00f3mica<\/strong>, sino grupos de trabajo de diferentes instituciones, con el talento de investigadores trabajando en conjunto para impulsar la educaci\u00f3n e investigaci\u00f3n, empoderando a los profesores y haciendo la ciencia m\u00e1s incluyente.<\/p>\n\n\n\n<p>Una manera de hacerlo es <strong>mediante la cultura, donde todos est\u00e9n comprometidos con el \u00e9xito de los estudiantes y con la diversidad dentro de sus escuelas,<\/strong> lo que atrae a m\u00e1s universitarios.<\/p>\n\n\n\n<p>\u201cTenemos decanos, miembros de facultades y hasta un Premio Nobel que me dijo que lleg\u00f3 a UCR por los estudiantes. Si creas una cultura, la gente es atra\u00edda y no solo los estudiantes, tambi\u00e9n los profesores y colaboradores\u201d, se\u00f1ala Wilcox.&nbsp;<\/p>\n\n\n\n<p>A la fecha, <strong>UCR cuenta con m\u00e1s de 23,000 profesores incluyendo a 64 Premios Nobel, 89 acreedores de la <a href=\"https:\/\/www.macfound.org\/programs\/fellows\/\" target=\"_blank\" rel=\"noreferrer noopener\">beca MacArthur<\/a> y 38 ganadores del <a href=\"https:\/\/www.pulitzer.org\/\" target=\"_blank\" rel=\"noreferrer noopener\">Premio Pulitzer<\/a>.<\/strong><\/p>\n\n\n\n<p>La UCR tambi\u00e9n ha hecho esfuerzos para crear un mecanismo en que los alumnos entren a programas de investigaci\u00f3n que sean de su inter\u00e9s, buscando que generen soluciones a problem\u00e1ticas reales, trabajando con profesores destacados.&nbsp;<\/p>\n\n\n\n<p>\u201cTenemos a alumnos de familias que tienen muy poco dinero trabajando con profesores reconocidos mundialmente. Ellos se emocionan y los profesores tienen estudiantes comprometidos\u201d.<\/p>\n\n\n\n<h2 class=\"wp-block-heading\"><strong>Expandiendo la inclusi\u00f3n en las universidades<\/strong><\/h2>\n\n\n\n<p>Este mecanismo en el que juegan un papel importante los profesores, la cultura y la inclusi\u00f3n de estudiantes de diversos \u00e1mbitos socioecon\u00f3micos puede generar resultados positivos, sin embargo a una velocidad baja.&nbsp;<\/p>\n\n\n\n<p><strong>Si UCR aumentara la cantidad de alumnos en 1,000, a\u00fan ser\u00eda insuficiente<\/strong> para dar espacio a los m\u00e1s de 20 millones de j\u00f3venes de entre 16 y 19 a\u00f1os que reportaba el sitio <a href=\"https:\/\/www.statista.com\/statistics\/221852\/number-of-youth-and-young-adult-population-in-the-us\/#:~:text=Premium%20statistics-,Number%20of%20U.S.%20youth%20and%20young,2010%2D2021%2C%20by%20age%20group&amp;text=In%202021%2C%20approximately%2021.56%20million,lived%20in%20the%20United%20States.\" target=\"_blank\" rel=\"noreferrer noopener\"><em>Statista <\/em>en 2021.<\/a><\/p>\n\n\n\n<p>Wilcox se\u00f1ala que contar los resultados de la UCR no es para presumir o se\u00f1alar lo bien que han trabajado, sino para inspirar a otras universidades y asegurar que existen maneras de lograrlo.&nbsp;<\/p>\n\n\n\n<p>Una manera de hacerlo es mediante <a href=\"https:\/\/latriada.tec.mx\/es\" target=\"_blank\" rel=\"noreferrer noopener\">alianzas entre universidades en M\u00e9xico y Latinoam\u00e9rica<\/a> y desde espacios tanto p\u00fablicos como privados.<\/p>\n\n\n\n<p>La Triada, por ejemplo, es una alianza entre las 3 universidades no gubernamentales mejor clasificadas en LATAM: <a href=\"https:\/\/tec.mx\/es\/\" target=\"_blank\" rel=\"noreferrer noopener\">El Tec de Monterrey <\/a>en M\u00e9xico, la <a href=\"https:\/\/uniandes.edu.co\/\" target=\"_blank\" rel=\"noreferrer noopener\">Universidad de los Andes<\/a> en Colombia y la <a href=\"https:\/\/www.uc.cl\/\" target=\"_blank\" rel=\"noreferrer noopener\">Pontificia Universidad Cat\u00f3lica de Chile<\/a>.<\/p>\n\n\n\n<p>Otra manera es el impulso a los programas como los de UCR o L\u00edderes del Ma\u00f1ana en el Tec de Monterrey que buscan incluir al talento en los programas educativos.&nbsp;<\/p>\n\n\n\n<p>\u201cTenemos que trabajar en escalar estos programas. Mantenerlos solamente en una universidad a la vez no es ni ser\u00e1 suficiente\u201d, dice.<\/p>\n","protected":false},"excerpt":{"rendered":"<p>El canciller de la Universidad de California en Riverside se\u00f1ala la importancia de abrir oportunidades no solo a los privilegiados. <\/p>\n","protected":false},"author":13,"featured_media":155602,"comment_status":"closed","ping_status":"closed","sticky":false,"template":"","format":"standard","meta":{"_acf_changed":false,"_eb_attr":"","footnotes":""},"categories":[101],"tags":[142,200],"class_list":["post-155338","post","type-post","status-publish","format-standard","has-post-thumbnail","hentry","category-humano-social","tag-ciie","tag-innovacion-educativa"],"acf":[],"yoast_head":"<!-- This site is optimized with the Yoast SEO Premium plugin v21.0 (Yoast SEO v27.4) - https:\/\/yoast.com\/product\/yoast-seo-premium-wordpress\/ -->\n<title>Kim Wilcox: necesitamos universidad incluyente | TecScience<\/title>\n<meta name=\"description\" content=\"El canciller de la Universidad de California en Riverside se\u00f1ala la importancia de abrir oportunidades no solo a los privilegiados.\" \/>\n<meta name=\"robots\" content=\"index, follow, max-snippet:-1, max-image-preview:large, max-video-preview:-1\" \/>\n<link rel=\"canonical\" href=\"https:\/\/tecscience.tec.mx\/es\/humano-social\/universidad-incluyente-kim-wilcox\/\" \/>\n<meta property=\"og:locale\" content=\"es_ES\" \/>\n<meta property=\"og:type\" content=\"article\" \/>\n<meta property=\"og:title\" content=\"Kim Wilcox: la investigaci\u00f3n debe ser incluyente\" \/>\n<meta property=\"og:description\" content=\"El canciller de la Universidad de California en Riverside se\u00f1ala la importancia de abrir oportunidades no solo a los privilegiados.\" \/>\n<meta property=\"og:url\" content=\"https:\/\/tecscience.tec.mx\/es\/humano-social\/universidad-incluyente-kim-wilcox\/\" \/>\n<meta property=\"og:site_name\" content=\"TecScience\" \/>\n<meta property=\"article:publisher\" content=\"https:\/\/www.facebook.com\/TecScienceWeb\" \/>\n<meta property=\"article:published_time\" content=\"2023-03-06T18:30:24+00:00\" \/>\n<meta property=\"article:modified_time\" content=\"2023-08-05T00:36:30+00:00\" \/>\n<meta property=\"og:image\" content=\"https:\/\/tecscience.tec.mx\/es\/wp-content\/uploads\/sites\/8\/2023\/03\/Kim-Wilcox-1.jpg\" \/>\n\t<meta property=\"og:image:width\" content=\"1800\" \/>\n\t<meta property=\"og:image:height\" content=\"1212\" \/>\n\t<meta property=\"og:image:type\" content=\"image\/jpeg\" \/>\n<meta name=\"author\" content=\"Asael Villanueva\" \/>\n<meta name=\"twitter:card\" content=\"summary_large_image\" \/>\n<meta name=\"twitter:creator\" content=\"@TecScience_\" \/>\n<meta name=\"twitter:site\" content=\"@TecScience_\" \/>\n<meta name=\"twitter:label1\" content=\"Escrito por\" \/>\n\t<meta name=\"twitter:data1\" content=\"Asael Villanueva\" \/>\n\t<meta name=\"twitter:label2\" content=\"Tiempo de lectura\" \/>\n\t<meta name=\"twitter:data2\" content=\"5 minutos\" \/>\n<script type=\"application\/ld+json\" class=\"yoast-schema-graph\">{\"@context\":\"https:\\\/\\\/schema.org\",\"@graph\":[{\"@type\":\"Article\",\"@id\":\"https:\\\/\\\/tecscience.tec.mx\\\/es\\\/humano-social\\\/universidad-incluyente-kim-wilcox\\\/#article\",\"isPartOf\":{\"@id\":\"https:\\\/\\\/tecscience.tec.mx\\\/es\\\/humano-social\\\/universidad-incluyente-kim-wilcox\\\/\"},\"author\":{\"name\":\"Asael Villanueva\",\"@id\":\"https:\\\/\\\/tecscience.tec.mx\\\/es\\\/#\\\/schema\\\/person\\\/583b844aa08f220546393f853170003f\"},\"headline\":\"Kim Wilcox: la investigaci\u00f3n debe ser incluyente\",\"datePublished\":\"2023-03-06T18:30:24+00:00\",\"dateModified\":\"2023-08-05T00:36:30+00:00\",\"mainEntityOfPage\":{\"@id\":\"https:\\\/\\\/tecscience.tec.mx\\\/es\\\/humano-social\\\/universidad-incluyente-kim-wilcox\\\/\"},\"wordCount\":1009,\"publisher\":{\"@id\":\"https:\\\/\\\/tecscience.tec.mx\\\/es\\\/#organization\"},\"image\":{\"@id\":\"https:\\\/\\\/tecscience.tec.mx\\\/es\\\/humano-social\\\/universidad-incluyente-kim-wilcox\\\/#primaryimage\"},\"thumbnailUrl\":\"https:\\\/\\\/tecscience.tec.mx\\\/es\\\/wp-content\\\/uploads\\\/sites\\\/8\\\/2023\\\/03\\\/Kim-Wilcox-1.jpg\",\"keywords\":[\"ciie\",\"Innovaci\u00f3n Educativa\"],\"articleSection\":[\"Humano y Social\"],\"inLanguage\":\"es\"},{\"@type\":\"WebPage\",\"@id\":\"https:\\\/\\\/tecscience.tec.mx\\\/es\\\/humano-social\\\/universidad-incluyente-kim-wilcox\\\/\",\"url\":\"https:\\\/\\\/tecscience.tec.mx\\\/es\\\/humano-social\\\/universidad-incluyente-kim-wilcox\\\/\",\"name\":\"Kim Wilcox: necesitamos universidad incluyente | TecScience\",\"isPartOf\":{\"@id\":\"https:\\\/\\\/tecscience.tec.mx\\\/es\\\/#website\"},\"primaryImageOfPage\":{\"@id\":\"https:\\\/\\\/tecscience.tec.mx\\\/es\\\/humano-social\\\/universidad-incluyente-kim-wilcox\\\/#primaryimage\"},\"image\":{\"@id\":\"https:\\\/\\\/tecscience.tec.mx\\\/es\\\/humano-social\\\/universidad-incluyente-kim-wilcox\\\/#primaryimage\"},\"thumbnailUrl\":\"https:\\\/\\\/tecscience.tec.mx\\\/es\\\/wp-content\\\/uploads\\\/sites\\\/8\\\/2023\\\/03\\\/Kim-Wilcox-1.jpg\",\"datePublished\":\"2023-03-06T18:30:24+00:00\",\"dateModified\":\"2023-08-05T00:36:30+00:00\",\"description\":\"El canciller de la Universidad de California en Riverside se\u00f1ala la importancia de abrir oportunidades no solo a los privilegiados.\",\"breadcrumb\":{\"@id\":\"https:\\\/\\\/tecscience.tec.mx\\\/es\\\/humano-social\\\/universidad-incluyente-kim-wilcox\\\/#breadcrumb\"},\"inLanguage\":\"es\",\"potentialAction\":[{\"@type\":\"ReadAction\",\"target\":[\"https:\\\/\\\/tecscience.tec.mx\\\/es\\\/humano-social\\\/universidad-incluyente-kim-wilcox\\\/\"]}]},{\"@type\":\"ImageObject\",\"inLanguage\":\"es\",\"@id\":\"https:\\\/\\\/tecscience.tec.mx\\\/es\\\/humano-social\\\/universidad-incluyente-kim-wilcox\\\/#primaryimage\",\"url\":\"https:\\\/\\\/tecscience.tec.mx\\\/es\\\/wp-content\\\/uploads\\\/sites\\\/8\\\/2023\\\/03\\\/Kim-Wilcox-1.jpg\",\"contentUrl\":\"https:\\\/\\\/tecscience.tec.mx\\\/es\\\/wp-content\\\/uploads\\\/sites\\\/8\\\/2023\\\/03\\\/Kim-Wilcox-1.jpg\",\"width\":1800,\"height\":1212,\"caption\":\"Explica que deber\u00eda existir una mayor apertura de las universidades para alumnos que no pueden costear su educaci\u00f3n. (Foto: Cortes\u00eda, Ilustraci\u00f3n: Blair Frame)\"},{\"@type\":\"BreadcrumbList\",\"@id\":\"https:\\\/\\\/tecscience.tec.mx\\\/es\\\/humano-social\\\/universidad-incluyente-kim-wilcox\\\/#breadcrumb\",\"itemListElement\":[{\"@type\":\"ListItem\",\"position\":1,\"name\":\"Home\",\"item\":\"https:\\\/\\\/tecscience.tec.mx\\\/es\\\/\"},{\"@type\":\"ListItem\",\"position\":2,\"name\":\"Kim Wilcox: la investigaci\u00f3n debe ser incluyente\"}]},{\"@type\":\"WebSite\",\"@id\":\"https:\\\/\\\/tecscience.tec.mx\\\/es\\\/#website\",\"url\":\"https:\\\/\\\/tecscience.tec.mx\\\/es\\\/\",\"name\":\"TecScience\",\"description\":\"Bilingual platform in charge of communicating advances in research, science and innovation at Tec\",\"publisher\":{\"@id\":\"https:\\\/\\\/tecscience.tec.mx\\\/es\\\/#organization\"},\"potentialAction\":[{\"@type\":\"SearchAction\",\"target\":{\"@type\":\"EntryPoint\",\"urlTemplate\":\"https:\\\/\\\/tecscience.tec.mx\\\/es\\\/?s={search_term_string}\"},\"query-input\":{\"@type\":\"PropertyValueSpecification\",\"valueRequired\":true,\"valueName\":\"search_term_string\"}}],\"inLanguage\":\"es\"},{\"@type\":\"Organization\",\"@id\":\"https:\\\/\\\/tecscience.tec.mx\\\/es\\\/#organization\",\"name\":\"TecScience\",\"url\":\"https:\\\/\\\/tecscience.tec.mx\\\/es\\\/\",\"logo\":{\"@type\":\"ImageObject\",\"inLanguage\":\"es\",\"@id\":\"https:\\\/\\\/tecscience.tec.mx\\\/es\\\/#\\\/schema\\\/logo\\\/image\\\/\",\"url\":\"https:\\\/\\\/tecscience.tec.mx\\\/es\\\/wp-content\\\/uploads\\\/sites\\\/8\\\/2022\\\/11\\\/logo-negro-tecscience.svg\",\"contentUrl\":\"https:\\\/\\\/tecscience.tec.mx\\\/es\\\/wp-content\\\/uploads\\\/sites\\\/8\\\/2022\\\/11\\\/logo-negro-tecscience.svg\",\"width\":250,\"height\":38,\"caption\":\"TecScience\"},\"image\":{\"@id\":\"https:\\\/\\\/tecscience.tec.mx\\\/es\\\/#\\\/schema\\\/logo\\\/image\\\/\"},\"sameAs\":[\"https:\\\/\\\/www.facebook.com\\\/TecScienceWeb\",\"https:\\\/\\\/x.com\\\/TecScience_\",\"https:\\\/\\\/www.linkedin.com\\\/company\\\/tec-science\\\/\",\"https:\\\/\\\/www.instagram.com\\\/tecscienceweb\\\/\"],\"publishingPrinciples\":\"https:\\\/\\\/tecscience.tec.mx\\\/es\\\/guia-de-publicacion-para-articulos-de-divulgacion\\\/\",\"correctionsPolicy\":\"https:\\\/\\\/tecscience.tec.mx\\\/es\\\/equipo-editorial-tecscience\\\/\"},{\"@type\":\"Person\",\"@id\":\"https:\\\/\\\/tecscience.tec.mx\\\/es\\\/#\\\/schema\\\/person\\\/583b844aa08f220546393f853170003f\",\"name\":\"Asael Villanueva\",\"image\":{\"@type\":\"ImageObject\",\"inLanguage\":\"es\",\"@id\":\"https:\\\/\\\/secure.gravatar.com\\\/avatar\\\/772990cddc7ff52558eb45682dbec4efb93f213a087063c52d8db21aed3e6b85?s=96&d=mm&r=g\",\"url\":\"https:\\\/\\\/secure.gravatar.com\\\/avatar\\\/772990cddc7ff52558eb45682dbec4efb93f213a087063c52d8db21aed3e6b85?s=96&d=mm&r=g\",\"contentUrl\":\"https:\\\/\\\/secure.gravatar.com\\\/avatar\\\/772990cddc7ff52558eb45682dbec4efb93f213a087063c52d8db21aed3e6b85?s=96&d=mm&r=g\",\"caption\":\"Asael Villanueva\"},\"description\":\"Periodista de ciencia y creador de contenido. Trabaj\u00e9 en CONECTA, el sitio de noticias del Tec de Monterrey. Egresado de la Licenciatura en Comunicaci\u00f3n de la Universidad Aut\u00f3noma de Coahuila, mi trabajo ha sido publicado en medios digitales de M\u00e9xico y en algunos lugares del extranjero. Creo en el poder de las historias y su impacto en el mundo, inspirando y ayudando a creer que el futuro puede ser mejor.\",\"url\":\"https:\\\/\\\/tecscience.tec.mx\\\/es\\\/author\\\/avillanueva\\\/\"}]}<\/script>\n<!-- \/ Yoast SEO Premium plugin. -->","yoast_head_json":{"title":"Kim Wilcox: necesitamos universidad incluyente | TecScience","description":"El canciller de la Universidad de California en Riverside se\u00f1ala la importancia de abrir oportunidades no solo a los privilegiados.","robots":{"index":"index","follow":"follow","max-snippet":"max-snippet:-1","max-image-preview":"max-image-preview:large","max-video-preview":"max-video-preview:-1"},"canonical":"https:\/\/tecscience.tec.mx\/es\/humano-social\/universidad-incluyente-kim-wilcox\/","og_locale":"es_ES","og_type":"article","og_title":"Kim Wilcox: la investigaci\u00f3n debe ser incluyente","og_description":"El canciller de la Universidad de California en Riverside se\u00f1ala la importancia de abrir oportunidades no solo a los privilegiados.","og_url":"https:\/\/tecscience.tec.mx\/es\/humano-social\/universidad-incluyente-kim-wilcox\/","og_site_name":"TecScience","article_publisher":"https:\/\/www.facebook.com\/TecScienceWeb","article_published_time":"2023-03-06T18:30:24+00:00","article_modified_time":"2023-08-05T00:36:30+00:00","og_image":[{"width":1800,"height":1212,"url":"https:\/\/tecscience.tec.mx\/es\/wp-content\/uploads\/sites\/8\/2023\/03\/Kim-Wilcox-1.jpg","type":"image\/jpeg"}],"author":"Asael Villanueva","twitter_card":"summary_large_image","twitter_creator":"@TecScience_","twitter_site":"@TecScience_","twitter_misc":{"Escrito por":"Asael Villanueva","Tiempo de lectura":"5 minutos"},"schema":{"@context":"https:\/\/schema.org","@graph":[{"@type":"Article","@id":"https:\/\/tecscience.tec.mx\/es\/humano-social\/universidad-incluyente-kim-wilcox\/#article","isPartOf":{"@id":"https:\/\/tecscience.tec.mx\/es\/humano-social\/universidad-incluyente-kim-wilcox\/"},"author":{"name":"Asael Villanueva","@id":"https:\/\/tecscience.tec.mx\/es\/#\/schema\/person\/583b844aa08f220546393f853170003f"},"headline":"Kim Wilcox: la investigaci\u00f3n debe ser incluyente","datePublished":"2023-03-06T18:30:24+00:00","dateModified":"2023-08-05T00:36:30+00:00","mainEntityOfPage":{"@id":"https:\/\/tecscience.tec.mx\/es\/humano-social\/universidad-incluyente-kim-wilcox\/"},"wordCount":1009,"publisher":{"@id":"https:\/\/tecscience.tec.mx\/es\/#organization"},"image":{"@id":"https:\/\/tecscience.tec.mx\/es\/humano-social\/universidad-incluyente-kim-wilcox\/#primaryimage"},"thumbnailUrl":"https:\/\/tecscience.tec.mx\/es\/wp-content\/uploads\/sites\/8\/2023\/03\/Kim-Wilcox-1.jpg","keywords":["ciie","Innovaci\u00f3n Educativa"],"articleSection":["Humano y Social"],"inLanguage":"es"},{"@type":"WebPage","@id":"https:\/\/tecscience.tec.mx\/es\/humano-social\/universidad-incluyente-kim-wilcox\/","url":"https:\/\/tecscience.tec.mx\/es\/humano-social\/universidad-incluyente-kim-wilcox\/","name":"Kim Wilcox: necesitamos universidad incluyente | TecScience","isPartOf":{"@id":"https:\/\/tecscience.tec.mx\/es\/#website"},"primaryImageOfPage":{"@id":"https:\/\/tecscience.tec.mx\/es\/humano-social\/universidad-incluyente-kim-wilcox\/#primaryimage"},"image":{"@id":"https:\/\/tecscience.tec.mx\/es\/humano-social\/universidad-incluyente-kim-wilcox\/#primaryimage"},"thumbnailUrl":"https:\/\/tecscience.tec.mx\/es\/wp-content\/uploads\/sites\/8\/2023\/03\/Kim-Wilcox-1.jpg","datePublished":"2023-03-06T18:30:24+00:00","dateModified":"2023-08-05T00:36:30+00:00","description":"El canciller de la Universidad de California en Riverside se\u00f1ala la importancia de abrir oportunidades no solo a los privilegiados.","breadcrumb":{"@id":"https:\/\/tecscience.tec.mx\/es\/humano-social\/universidad-incluyente-kim-wilcox\/#breadcrumb"},"inLanguage":"es","potentialAction":[{"@type":"ReadAction","target":["https:\/\/tecscience.tec.mx\/es\/humano-social\/universidad-incluyente-kim-wilcox\/"]}]},{"@type":"ImageObject","inLanguage":"es","@id":"https:\/\/tecscience.tec.mx\/es\/humano-social\/universidad-incluyente-kim-wilcox\/#primaryimage","url":"https:\/\/tecscience.tec.mx\/es\/wp-content\/uploads\/sites\/8\/2023\/03\/Kim-Wilcox-1.jpg","contentUrl":"https:\/\/tecscience.tec.mx\/es\/wp-content\/uploads\/sites\/8\/2023\/03\/Kim-Wilcox-1.jpg","width":1800,"height":1212,"caption":"Explica que deber\u00eda existir una mayor apertura de las universidades para alumnos que no pueden costear su educaci\u00f3n. (Foto: Cortes\u00eda, Ilustraci\u00f3n: Blair Frame)"},{"@type":"BreadcrumbList","@id":"https:\/\/tecscience.tec.mx\/es\/humano-social\/universidad-incluyente-kim-wilcox\/#breadcrumb","itemListElement":[{"@type":"ListItem","position":1,"name":"Home","item":"https:\/\/tecscience.tec.mx\/es\/"},{"@type":"ListItem","position":2,"name":"Kim Wilcox: la investigaci\u00f3n debe ser incluyente"}]},{"@type":"WebSite","@id":"https:\/\/tecscience.tec.mx\/es\/#website","url":"https:\/\/tecscience.tec.mx\/es\/","name":"TecScience","description":"Bilingual platform in charge of communicating advances in research, science and innovation at Tec","publisher":{"@id":"https:\/\/tecscience.tec.mx\/es\/#organization"},"potentialAction":[{"@type":"SearchAction","target":{"@type":"EntryPoint","urlTemplate":"https:\/\/tecscience.tec.mx\/es\/?s={search_term_string}"},"query-input":{"@type":"PropertyValueSpecification","valueRequired":true,"valueName":"search_term_string"}}],"inLanguage":"es"},{"@type":"Organization","@id":"https:\/\/tecscience.tec.mx\/es\/#organization","name":"TecScience","url":"https:\/\/tecscience.tec.mx\/es\/","logo":{"@type":"ImageObject","inLanguage":"es","@id":"https:\/\/tecscience.tec.mx\/es\/#\/schema\/logo\/image\/","url":"https:\/\/tecscience.tec.mx\/es\/wp-content\/uploads\/sites\/8\/2022\/11\/logo-negro-tecscience.svg","contentUrl":"https:\/\/tecscience.tec.mx\/es\/wp-content\/uploads\/sites\/8\/2022\/11\/logo-negro-tecscience.svg","width":250,"height":38,"caption":"TecScience"},"image":{"@id":"https:\/\/tecscience.tec.mx\/es\/#\/schema\/logo\/image\/"},"sameAs":["https:\/\/www.facebook.com\/TecScienceWeb","https:\/\/x.com\/TecScience_","https:\/\/www.linkedin.com\/company\/tec-science\/","https:\/\/www.instagram.com\/tecscienceweb\/"],"publishingPrinciples":"https:\/\/tecscience.tec.mx\/es\/guia-de-publicacion-para-articulos-de-divulgacion\/","correctionsPolicy":"https:\/\/tecscience.tec.mx\/es\/equipo-editorial-tecscience\/"},{"@type":"Person","@id":"https:\/\/tecscience.tec.mx\/es\/#\/schema\/person\/583b844aa08f220546393f853170003f","name":"Asael Villanueva","image":{"@type":"ImageObject","inLanguage":"es","@id":"https:\/\/secure.gravatar.com\/avatar\/772990cddc7ff52558eb45682dbec4efb93f213a087063c52d8db21aed3e6b85?s=96&d=mm&r=g","url":"https:\/\/secure.gravatar.com\/avatar\/772990cddc7ff52558eb45682dbec4efb93f213a087063c52d8db21aed3e6b85?s=96&d=mm&r=g","contentUrl":"https:\/\/secure.gravatar.com\/avatar\/772990cddc7ff52558eb45682dbec4efb93f213a087063c52d8db21aed3e6b85?s=96&d=mm&r=g","caption":"Asael Villanueva"},"description":"Periodista de ciencia y creador de contenido. Trabaj\u00e9 en CONECTA, el sitio de noticias del Tec de Monterrey. Egresado de la Licenciatura en Comunicaci\u00f3n de la Universidad Aut\u00f3noma de Coahuila, mi trabajo ha sido publicado en medios digitales de M\u00e9xico y en algunos lugares del extranjero. Creo en el poder de las historias y su impacto en el mundo, inspirando y ayudando a creer que el futuro puede ser mejor.","url":"https:\/\/tecscience.tec.mx\/es\/author\/avillanueva\/"}]}},"_links":{"self":[{"href":"https:\/\/tecscience.tec.mx\/es\/wp-json\/wp\/v2\/posts\/155338","targetHints":{"allow":["GET"]}}],"collection":[{"href":"https:\/\/tecscience.tec.mx\/es\/wp-json\/wp\/v2\/posts"}],"about":[{"href":"https:\/\/tecscience.tec.mx\/es\/wp-json\/wp\/v2\/types\/post"}],"author":[{"embeddable":true,"href":"https:\/\/tecscience.tec.mx\/es\/wp-json\/wp\/v2\/users\/13"}],"replies":[{"embeddable":true,"href":"https:\/\/tecscience.tec.mx\/es\/wp-json\/wp\/v2\/comments?post=155338"}],"version-history":[{"count":0,"href":"https:\/\/tecscience.tec.mx\/es\/wp-json\/wp\/v2\/posts\/155338\/revisions"}],"wp:featuredmedia":[{"embeddable":true,"href":"https:\/\/tecscience.tec.mx\/es\/wp-json\/wp\/v2\/media\/155602"}],"wp:attachment":[{"href":"https:\/\/tecscience.tec.mx\/es\/wp-json\/wp\/v2\/media?parent=155338"}],"wp:term":[{"taxonomy":"category","embeddable":true,"href":"https:\/\/tecscience.tec.mx\/es\/wp-json\/wp\/v2\/categories?post=155338"},{"taxonomy":"post_tag","embeddable":true,"href":"https:\/\/tecscience.tec.mx\/es\/wp-json\/wp\/v2\/tags?post=155338"}],"curies":[{"name":"wp","href":"https:\/\/api.w.org\/{rel}","templated":true}]}}