{"id":158268,"date":"2023-09-22T04:14:27","date_gmt":"2023-09-22T04:14:27","guid":{"rendered":"https:\/\/tecscience.tec.mx\/es\/?p=158268"},"modified":"2023-09-29T04:16:08","modified_gmt":"2023-09-29T04:16:08","slug":"podcast-historias-para-mentes-curiosas-temporada-7","status":"publish","type":"post","link":"https:\/\/tecscience.tec.mx\/es\/editorial\/podcast-historias-para-mentes-curiosas-temporada-7\/","title":{"rendered":"Podcast: Historias para Mentes Curiosas (temporada 7)"},"content":{"rendered":"\n<h2 class=\"wp-block-heading\" id=\"h-episodio-58-cuando-no-te-recuperas-de-covid\"><strong>Episodio 58<\/strong>, <strong>Cuando no te recuperas de COVID<\/strong><\/h2>\n\n\n\n<p>Millones de personas han experimentado alg\u00fan s\u00edntoma de long COVID. Aunque no existe una definici\u00f3n clara de qu\u00e9 es, s\u00ed se sabe que puede tener impactos serios en la calidad de vida. En este episodio abordamos los signos de alerta y qu\u00e9 hacer en caso de sospecha del tambi\u00e9n llamado COVID persistente.<\/p>\n\n\n\n<p><strong>Entrevistados:<\/strong><\/p>\n\n\n\n<p><strong>Dr. H\u00e9ctor Ram\u00f3n Mart\u00ednez Rodr\u00edguez,<\/strong> director del Instituto de Neurolog\u00eda y Neurocirug\u00eda del Centro M\u00e9dico Zambrano Hellion de TecSalud. <strong>Dra. Paola Reynoso Lobo,<\/strong> l\u00edder de proyectos en Salud P\u00fablica del Sistema TecSalud. <strong>Dra. Tania Zertuche Maldonado,<\/strong> directora de Bienestar, Prevenci\u00f3n y Longevidad en Tecsalud. <strong>Dr. Carlos Andr\u00e9s Colunga Tinajero,<\/strong> quien dio su testimonio al padecer Long Covid.<\/p>\n\n\n\n<figure class=\"wp-block-embed is-type-video is-provider-youtube wp-block-embed-youtube wp-embed-aspect-16-9 wp-has-aspect-ratio\"><div class=\"wp-block-embed__wrapper\">\n<iframe title=\"Ep. 58 - Cuando no te recuperas de COVID - Historias para Mentes Curiosas\" width=\"800\" height=\"450\" src=\"https:\/\/www.youtube.com\/embed\/FKtoP5lyUFQ?list=PLhjnwEvLiCBK7ZU55YcP3llHFwIYUTfEq\" frameborder=\"0\" allow=\"accelerometer; autoplay; clipboard-write; encrypted-media; gyroscope; picture-in-picture; web-share\" allowfullscreen><\/iframe>\n<\/div><figcaption class=\"wp-element-caption\">Si prefieres escucharlo en Spotify haz click <a href=\"https:\/\/open.spotify.com\/episode\/1qp7vUbeiBgKAyfCk6j9ul\">aqu\u00ed<\/a>.<\/figcaption><\/figure>\n\n\n\n<div style=\"height:25px\" aria-hidden=\"true\" class=\"wp-block-spacer\"><\/div>\n\n\n\n<h2 class=\"wp-block-heading\" id=\"h-episodio-59-mujeres-empresarias-por-que-las-necesitamos\"><strong>Episodio 59<\/strong>, <strong>Mujeres empresarias, \u00bfpor qu\u00e9 las necesitamos?<\/strong><\/h2>\n\n\n\n<p>Las mujeres enfrentan grandes obst\u00e1culos en su carrera por emprender y subir a los esca\u00f1os m\u00e1s altos de una corporaci\u00f3n. Por supuesto, esto les afecta a ellas pero tambi\u00e9n las empresas salen perdiendo. \u00bfQu\u00e9 se est\u00e1 haciendo para mejorar la situaci\u00f3n? \u00bfCu\u00e1les son las barreras que a menudo se les presentan a las mujeres en su camino hacia el liderazgo y el emprendimiento? \u00bfDe qu\u00e9 tama\u00f1o son y qu\u00e9 podemos hacer para superarlas?<\/p>\n\n\n\n<p><strong>Entrevistados:<\/strong><\/p>\n\n\n\n<p><strong>Lourdes Ocampo,<\/strong> psic\u00f3loga cl\u00ednica y l\u00edder acad\u00e9mica del programa \u201cWomen Leading Organizations\u201d, en EGADE Business School del Tec de Monterrey. <strong>Iliana Loza, <\/strong>ingeniera qu\u00edmica y fundadora de Ahal, empresa de biocosm\u00e9tica. <strong>Mar\u00eda Concepci\u00f3n del Alto,<\/strong> investigadora y directora nacional de la maestr\u00eda en Finanzas del Tec de Monterrey y especialista en valuaci\u00f3n de empresas. <strong>Ana Luc\u00eda Cepeda,<\/strong> Exatec cofundadora y CEO de Beyond Work.<\/p>\n\n\n\n<figure class=\"wp-block-embed is-type-video is-provider-youtube wp-block-embed-youtube wp-embed-aspect-16-9 wp-has-aspect-ratio\"><div class=\"wp-block-embed__wrapper\">\n<iframe title=\"Ep. 59 - Mujeres Empresarias \u00bfPor Qu\u00e9 Las Necesitamos? - Historias para Mentes Curiosas\" width=\"800\" height=\"450\" src=\"https:\/\/www.youtube.com\/embed\/K3Hh6dfIP_0?list=PLhjnwEvLiCBK7ZU55YcP3llHFwIYUTfEq\" frameborder=\"0\" allow=\"accelerometer; autoplay; clipboard-write; encrypted-media; gyroscope; picture-in-picture; web-share\" allowfullscreen><\/iframe>\n<\/div><figcaption class=\"wp-element-caption\">Si prefieres escucharlo en Spotify haz click <a href=\"https:\/\/open.spotify.com\/episode\/2xgcmbLzB9aIaaq6zGqZrf\">aqu\u00ed<\/a>.<\/figcaption><\/figure>\n\n\n\n<div style=\"height:25px\" aria-hidden=\"true\" class=\"wp-block-spacer\"><\/div>\n\n\n\n<h2 class=\"wp-block-heading\" id=\"h-episodio-60-chat-gpt-manual-de-uso-etico\"><strong>Episodio 60<\/strong>, <strong>Chat GPT, manual de uso \u00e9tico<\/strong><\/h2>\n\n\n\n<p>Desde ayudar a un juez a redactar una sentencia hasta hacerle la tarea a un estudiante o revisar el manuscrito de un cient\u00edfico, esta herramienta, que utiliza inteligencia artificial, ha dado mucho de qu\u00e9 hablar tanto de modo negativo como positivo. Aprender a sacarle jugo de manera adecuada es provechoso incluso para investigadores y maestros.<\/p>\n\n\n\n<p><strong>Entrevistados<\/strong>:<\/p>\n\n\n\n<p><strong>Irving Hidrogo, <\/strong>director de Innovaci\u00f3n con tecnolog\u00edas emergentes en el Tec de Monterrey. <strong>Grecia Mac\u00edas,<\/strong> abogada de la Red en Defensa de los Derechos Digitales. <strong>Enrique Cort\u00e9s Rello, <\/strong>director del Hub de Inteligencia Artificial del Tec de Monterrey.<\/p>\n\n\n\n<figure class=\"wp-block-embed is-type-video is-provider-youtube wp-block-embed-youtube wp-embed-aspect-16-9 wp-has-aspect-ratio\"><div class=\"wp-block-embed__wrapper\">\n<iframe title=\"Ep. 60 - Chat GPT, manual de uso \u00e9tico - Historias para Mentes Curiosas\" width=\"800\" height=\"450\" src=\"https:\/\/www.youtube.com\/embed\/r_CfZ06vpnw?list=PLhjnwEvLiCBK7ZU55YcP3llHFwIYUTfEq\" frameborder=\"0\" allow=\"accelerometer; autoplay; clipboard-write; encrypted-media; gyroscope; picture-in-picture; web-share\" allowfullscreen><\/iframe>\n<\/div><figcaption class=\"wp-element-caption\">Si prefieres escucharlo en Spotify haz click <a href=\"https:\/\/open.spotify.com\/episode\/2xgcmbLzB9aIaaq6zGqZrf\">aqu\u00ed<\/a>.<\/figcaption><\/figure>\n\n\n\n<div style=\"height:25px\" aria-hidden=\"true\" class=\"wp-block-spacer\"><\/div>\n\n\n\n<h2 class=\"wp-block-heading\" id=\"h-episodio-61-ciudades-sostenibles-mucho-mas-que-areas-verdes\"><strong>Episodio 61<\/strong>, <strong>Ciudades sostenibles: mucho m\u00e1s que \u00e1reas verdes<\/strong><\/h2>\n\n\n\n<p>Las ciudades se han vuelto ca\u00f3ticas y, con el aumento imparable de su poblaci\u00f3n, amenazan con serlo a\u00fan m\u00e1s. Pero a\u00fan podemos volverlas m\u00e1s igualitarias, seguras y amigables con el ambiente. La ciencia nos dice c\u00f3mo.<\/p>\n\n\n\n<p><strong>Entrevistados:<\/strong><\/p>\n\n\n\n<p><strong>Carina Arvizu, <\/strong>arquitecta y urbanista egresada del Tec de Monterrey campus Quer\u00e9taro. <strong>Rub\u00e9n Garnica,<\/strong> profesor investigador de la Escuela de Arquitectura, Arte y Dise\u00f1o del Tec de Monterrey. <strong>N\u00e9lida Escobedo, <\/strong>arquitecta, planificadora urbana y profesora en el Centro para el Futuro de las Ciudades del Tec de Monterrey. <strong><a class=\"wpil_keyword_link\" href=\"https:\/\/tecscience.tec.mx\/es\/humano-social\/rob-roggema\/\"   title=\"Rob Roggema: regenerador de entornos urbanos\" data-wpil-keyword-link=\"linked\"  data-wpil-monitor-id=\"37\">Rob Roggema<\/a>, <\/strong>experto en cultura regenerativa y miembro de la Faculty of Excellence del Tec de Monterrey.<\/p>\n\n\n\n<figure class=\"wp-block-embed is-type-video is-provider-youtube wp-block-embed-youtube wp-embed-aspect-16-9 wp-has-aspect-ratio\"><div class=\"wp-block-embed__wrapper\">\n<iframe title=\"Ep. 61 - Ciudades sostenibles: mucho m\u00e1s que \u00e1reas verdes - Historias para Mentes Curiosas\" width=\"800\" height=\"450\" src=\"https:\/\/www.youtube.com\/embed\/_SXG0YwDots?list=PLhjnwEvLiCBK7ZU55YcP3llHFwIYUTfEq\" frameborder=\"0\" allow=\"accelerometer; autoplay; clipboard-write; encrypted-media; gyroscope; picture-in-picture; web-share\" allowfullscreen><\/iframe>\n<\/div><figcaption class=\"wp-element-caption\">Si prefieres escucharlo en Spotify haz click <a href=\"https:\/\/open.spotify.com\/episode\/4xIdePqDrmylt07jAVaovB\">aqu\u00ed<\/a>.<\/figcaption><\/figure>\n\n\n\n<div style=\"height:25px\" aria-hidden=\"true\" class=\"wp-block-spacer\"><\/div>\n\n\n\n<h2 class=\"wp-block-heading\" id=\"h-episodio-62-la-crisis-del-plastico-tiene-solucion\"><strong>Episodio 62<\/strong>, <strong>La crisis del pl\u00e1stico, \u00bftiene soluci\u00f3n?<\/strong><\/h2>\n\n\n\n<p>La contaminaci\u00f3n por pl\u00e1sticos es considerada la segunda crisis m\u00e1s grande que enfrentamos como humanidad despu\u00e9s del cambio clim\u00e1tico. Investigadores nos explican c\u00f3mo llegamos a este punto y qu\u00e9 podemos hacer para remediarlo.<\/p>\n\n\n\n<p><strong>Entrevistados:<\/strong><\/p>\n\n\n\n<p><strong>Dora Medina y Cecilia Trevi\u00f1o, <\/strong>investigadoras del Tec de Moterrey. <strong>Fernanda C\u00e1rdenas, <\/strong>estudiante de Ingenier\u00eda en Nanotecnolog\u00eda.<\/p>\n\n\n\n<figure class=\"wp-block-embed is-type-video is-provider-youtube wp-block-embed-youtube wp-embed-aspect-16-9 wp-has-aspect-ratio\"><div class=\"wp-block-embed__wrapper\">\n<iframe title=\"Ep. 62 - La crisis del pl\u00e1stico, \u00bftiene soluci\u00f3n? - Historias para Mentes Curiosas\" width=\"800\" height=\"450\" src=\"https:\/\/www.youtube.com\/embed\/eGGR1A5dhAk?list=PLhjnwEvLiCBK7ZU55YcP3llHFwIYUTfEq\" frameborder=\"0\" allow=\"accelerometer; autoplay; clipboard-write; encrypted-media; gyroscope; picture-in-picture; web-share\" allowfullscreen><\/iframe>\n<\/div><figcaption class=\"wp-element-caption\">Si prefieres escucharlo en Spotify haz click <a href=\"https:\/\/open.spotify.com\/episode\/0JqPcofu7w53QgBVTMGKqp\">aqu\u00ed<\/a>.<\/figcaption><\/figure>\n\n\n\n<div style=\"height:25px\" aria-hidden=\"true\" class=\"wp-block-spacer\"><\/div>\n\n\n\n<h2 class=\"wp-block-heading\" id=\"h-episodio-63-cancer-la-clave-esta-en-el-diagnostico\"><strong>Episodio 63<\/strong>, <strong>C\u00e1ncer: la clave est\u00e1 en el diagn\u00f3stico<\/strong><\/h2>\n\n\n\n<p>Un diagn\u00f3stico temprano es clave en la lucha contra el c\u00e1ncer. Y ante la creciente amenaza de pasar a ser parte de las estad\u00edsticas de esta enfermedad, conviene actualizarnos sobre las t\u00e9cnicas de detecci\u00f3n m\u00e1s innovadoras.<\/p>\n\n\n\n<p><strong>Entrevistados:<\/strong><\/p>\n\n\n\n<p><strong>Augusto Rojas,<\/strong> investigador de la Unidad de Medicina Experimental y Terapias Avanzadas del Institute For Obesity Research del Tec de Monterrey. <strong>Roc\u00edo Ortiz,<\/strong> profesora investigadora de la Escuela de Medicina y Ciencias de la Salud del Tec de Monterrey. <strong>Cynthia Villarreal, <\/strong>onc\u00f3loga especialista en c\u00e1ncer de mama y directora de Oncolog\u00eda M\u00e9dica del Centro de C\u00e1ncer de Mama en el Hospital Zambrano Hellion de TecSalud.<\/p>\n\n\n\n<figure class=\"wp-block-embed is-type-video is-provider-youtube wp-block-embed-youtube wp-embed-aspect-16-9 wp-has-aspect-ratio\"><div class=\"wp-block-embed__wrapper\">\n<iframe title=\"Ep. 63 - C\u00e1ncer: la clave est\u00e1 en el diagn\u00f3stico - Historias para Mentes Curiosas\" width=\"800\" height=\"450\" src=\"https:\/\/www.youtube.com\/embed\/qZZYUFNknDE?list=PLhjnwEvLiCBK7ZU55YcP3llHFwIYUTfEq\" frameborder=\"0\" allow=\"accelerometer; autoplay; clipboard-write; encrypted-media; gyroscope; picture-in-picture; web-share\" allowfullscreen><\/iframe>\n<\/div><figcaption class=\"wp-element-caption\">Si prefieres escucharlo en Spotify haz click <a href=\"https:\/\/open.spotify.com\/episode\/46pSOKjSN2GaWhNCnHJer5\">aqu\u00ed<\/a>.<\/figcaption><\/figure>\n\n\n\n<div style=\"height:25px\" aria-hidden=\"true\" class=\"wp-block-spacer\"><\/div>\n\n\n\n<h2 class=\"wp-block-heading\" id=\"h-episodio-64-todo-lo-que-querias-saber-sobre-cbd-la-ciencia-responde\"><strong>Episodio 64<\/strong>, <strong>Todo lo que quer\u00edas saber sobre CBD, la ciencia responde<\/strong><\/h2>\n\n\n\n<p>Se dice que el CBD alivia el dolor, disminuye la ansiedad, previene el insomnio y mucho m\u00e1s. Pero \u00bfqu\u00e9 tan cierto es?, \u00bfde qu\u00e9 dependen sus propiedades medicinales? y \u00bfpor qu\u00e9 se le sigue estudiando? Respondemos las dudas que quiz\u00e1s ten\u00edas acerca de esta sustancia presente en la marihuana.<\/p>\n\n\n\n<p><strong>Entrevistados:<\/strong><\/p>\n\n\n\n<p><strong>Fernando Cant\u00fa, <\/strong>m\u00e9dico anestesi\u00f3logo y m\u00e9dico del dolor, en el hospital Zambrano Hellion de TecSalud. <strong><a class=\"wpil_keyword_link\" href=\"https:\/\/tecscience.tec.mx\/es\/salud\/gerardo-garcia-rivas\/\"   title=\"Gerardo Garc\u00eda-Rivas, redefiniendo la cardiolog\u00eda\" data-wpil-keyword-link=\"linked\"  data-wpil-monitor-id=\"87\">Gerardo Garc\u00eda Rivas<\/a>, <\/strong>investigador en el \u00e1rea de Ciencias Cardiovasculares de la Escuela de Medicina del Tec de Monterrey y director de Investigaci\u00f3n Traslacional en TecSalud. <strong>Arturo Mart\u00ednez Ibarra,<\/strong> especialista en Medicina Interna y residente m\u00e9dico en Tecsalud.<\/p>\n\n\n\n<figure class=\"wp-block-embed is-type-video is-provider-youtube wp-block-embed-youtube wp-embed-aspect-16-9 wp-has-aspect-ratio\"><div class=\"wp-block-embed__wrapper\">\n<iframe title=\"Ep. 64 - Todo lo que quer\u00edas saber sobre CBD, la ciencia responde. - Historias para Mentes Curiosas\" width=\"800\" height=\"450\" src=\"https:\/\/www.youtube.com\/embed\/5wbJiixka3k?list=PLhjnwEvLiCBK7ZU55YcP3llHFwIYUTfEq\" frameborder=\"0\" allow=\"accelerometer; autoplay; clipboard-write; encrypted-media; gyroscope; picture-in-picture; web-share\" allowfullscreen><\/iframe>\n<\/div><figcaption class=\"wp-element-caption\">Si prefieres escucharlo en Spotify haz click <a href=\"https:\/\/open.spotify.com\/episode\/3TyLwxD8Fxx89UCvS3pUwM\">aqu\u00ed<\/a>.<\/figcaption><\/figure>\n\n\n\n<div style=\"height:25px\" aria-hidden=\"true\" class=\"wp-block-spacer\"><\/div>\n\n\n\n<h2 class=\"wp-block-heading\" id=\"h-episodio-65-data-science-el-oraculo-moderno\"><strong>Episodio 65<\/strong>, <strong>Data Science: \u00bfel or\u00e1culo moderno?<\/strong><\/h2>\n\n\n\n<p>El objetivo de la ciencia de datos es ayudarnos a tomar mejores decisiones en casi cualquier \u00e1mbito. Pero, \u00bfqu\u00e9 tan bien lo hace? Te explicamos los fundamentos de esta disciplina, sus posibilidades, limitaciones y el por qu\u00e9 deber\u00edamos prestarle atenci\u00f3n.<\/p>\n\n\n\n<p><strong>Entrevistados:<\/strong><\/p>\n\n\n\n<p><strong>Arturo Nolazco, <\/strong>director del Core Lab de Data Science del Tec de Monterrey. <strong>Pedro Ponce, <\/strong>profesor investigador en el Institute of Advanced Materials and Susteinable Manufacturing del Tec de Monterrey. <strong>Gilberto Ochoa, <\/strong>integrante del grupo de investigaci\u00f3n en Inteligencia Artificial Avanzada, con sede en el Tec de Monterrey campus Guadalajara.<\/p>\n\n\n\n<figure class=\"wp-block-embed is-type-video is-provider-youtube wp-block-embed-youtube wp-embed-aspect-16-9 wp-has-aspect-ratio\"><div class=\"wp-block-embed__wrapper\">\n<iframe title=\"Ep. 65 - Data Science: \u00bfEl Or\u00e1culo Moderno?- Historias para Mentes Curiosas\" width=\"800\" height=\"450\" src=\"https:\/\/www.youtube.com\/embed\/DC5C-lgMkLw?list=PLhjnwEvLiCBK7ZU55YcP3llHFwIYUTfEq\" frameborder=\"0\" allow=\"accelerometer; autoplay; clipboard-write; encrypted-media; gyroscope; picture-in-picture; web-share\" allowfullscreen><\/iframe>\n<\/div><figcaption class=\"wp-element-caption\">Si prefieres escucharlo en Spotify haz click <a href=\"https:\/\/open.spotify.com\/episode\/7b5y40u9RB85kj83O5bngc\">aqu\u00ed<\/a>.<\/figcaption><\/figure>\n\n\n\n<div style=\"height:25px\" aria-hidden=\"true\" class=\"wp-block-spacer\"><\/div>\n\n\n\n<h2 class=\"wp-block-heading\" id=\"h-episodio-66-microbiota-nuestro-otro-genoma\"><strong>Episodio 66<\/strong>, <strong>Microbiota: nuestro otro genoma<\/strong><\/h2>\n\n\n\n<p>Los millones de microorganismos que nos habitan tienen un papel fundamental en nuestra salud. Y no nos referimos solo del aspecto digestivo. La microbiota se relaciona, incluso, con padecimientos como la depresi\u00f3n y la diabetes. En este episodio te explicamos c\u00f3mo funciona y c\u00f3mo puedes protegerla.<\/p>\n\n\n\n<p><strong>Entrevistados:<\/strong><\/p>\n\n\n\n<p><strong>Viridiana Tejada,<\/strong> profesora investigadora en el Bio-Foods Lab de la Escuela de Ingenier\u00eda y Ciencias del Tec de Monterrey campus Quer\u00e9taro. <strong>Tom\u00e1s Garc\u00eda Cayuela, <\/strong>profesor investigador del Tec de Monterrey campus Guadalajara. <strong>Andrea Zepeda,<\/strong> egresada del Tec de Monterrey y estudiante de la maestr\u00eda en Ciencias con especialidad en Biotecnolog\u00eda. &nbsp;<\/p>\n\n\n\n<figure class=\"wp-block-embed is-type-video is-provider-youtube wp-block-embed-youtube wp-embed-aspect-16-9 wp-has-aspect-ratio\"><div class=\"wp-block-embed__wrapper\">\n<iframe title=\"Ep. 66 - Microbiota: nuestro otro genoma - Historias para Mentes Curiosas\" width=\"800\" height=\"450\" src=\"https:\/\/www.youtube.com\/embed\/aKxHL5DGhko?list=PLhjnwEvLiCBK7ZU55YcP3llHFwIYUTfEq\" frameborder=\"0\" allow=\"accelerometer; autoplay; clipboard-write; encrypted-media; gyroscope; picture-in-picture; web-share\" allowfullscreen><\/iframe>\n<\/div><figcaption class=\"wp-element-caption\">Si prefieres escucharlo en Spotify haz click <a href=\"https:\/\/open.spotify.com\/episode\/28Qr5YcJiNzPcDfMYl7zTV\">aqu\u00ed<\/a>.<\/figcaption><\/figure>\n\n\n\n<div style=\"height:27px\" aria-hidden=\"true\" class=\"wp-block-spacer\"><\/div>\n\n\n\n<h2 class=\"wp-block-heading\" id=\"h-episodio-67-las-multiples-caras-de-la-depresion-y-como-tratarla\"><strong>Episodio 67<\/strong>, <strong>Las m\u00faltiples caras de la depresi\u00f3n y c\u00f3mo tratarla<\/strong><\/h2>\n\n\n\n<p>La depresi\u00f3n no es solo sentirnos tristes. En este episodio, expertos en salud mental nos explican los s\u00edntomas de este trastorno, formas de prevenci\u00f3n y, sobre todo, nos ofrecen un panorama sobre las opciones m\u00e1s innovadoras para su tratamiento.<\/p>\n\n\n\n<p><strong>Entrevistados:<\/strong><\/p>\n\n\n\n<p><strong>Dr. David Saucedo,<\/strong> psiquiatra especializado en depresi\u00f3n y Director del programa Especialidad en Psiquiatr\u00eda del Tec de Monterrey. <strong>Dr. Carlos Arnaud, <\/strong>m\u00e9dico psiquiatra, profesor de postgrado de Psiquiatr\u00eda del Tec y director del programa de Alta Especialidad en Psiquiatr\u00eda de Enlace en el Tec de Monterrey. <strong>Dr. David Trejo, <\/strong>director de la fundaci\u00f3n SinDepre, psic\u00f3logo y socio fundador de la Fundaci\u00f3n Mexicana de Lucha Contra la Depresi\u00f3n.<\/p>\n\n\n\n<figure class=\"wp-block-embed is-type-video is-provider-youtube wp-block-embed-youtube wp-embed-aspect-16-9 wp-has-aspect-ratio\"><div class=\"wp-block-embed__wrapper\">\n<iframe title=\"Ep. 67 - Las m\u00faltiples caras de la depresi\u00f3n y c\u00f3mo tratarla - Historias para Mentes Curiosas\" width=\"800\" height=\"450\" src=\"https:\/\/www.youtube.com\/embed\/MIsEf7jWit4?list=PLhjnwEvLiCBK7ZU55YcP3llHFwIYUTfEq\" frameborder=\"0\" allow=\"accelerometer; autoplay; clipboard-write; encrypted-media; gyroscope; picture-in-picture; web-share\" allowfullscreen><\/iframe>\n<\/div><figcaption class=\"wp-element-caption\">Si prefieres escucharlo en Spotify haz click <a href=\"https:\/\/open.spotify.com\/episode\/3AkFpdG6p9aaExGKCJvtJj\">aqu\u00ed<\/a>.<\/figcaption><\/figure>\n","protected":false},"excerpt":{"rendered":"<p>Si te perdiste alguno de los 10 nuevos episodios de la temporada 7 de nuestro podcast presentado por Tec Sounds, aqu\u00ed puedes encontrarlo. Interesantes charlas con expertos sobre temas que a todos nos importan. <\/p>\n","protected":false},"author":18,"featured_media":158296,"comment_status":"closed","ping_status":"closed","sticky":false,"template":"","format":"standard","meta":{"_acf_changed":false,"_eb_attr":"","footnotes":""},"categories":[182],"tags":[817],"class_list":["post-158268","post","type-post","status-publish","format-standard","has-post-thumbnail","hentry","category-editorial","tag-historias-para-mentes-curiosas"],"acf":[],"yoast_head":"<!-- This site is optimized with the Yoast SEO Premium plugin v21.0 (Yoast SEO v27.4) - https:\/\/yoast.com\/product\/yoast-seo-premium-wordpress\/ -->\n<title>Podcast Historias para mentes curiosas temporada 7<\/title>\n<meta name=\"description\" content=\"Los 10 episodios de la temporada 7 de nuestro podcast presentado por Tec Sounds. Charlas con expertos sobre temas que a todos nos importan.\" \/>\n<meta name=\"robots\" content=\"index, follow, max-snippet:-1, max-image-preview:large, max-video-preview:-1\" \/>\n<link rel=\"canonical\" href=\"https:\/\/tecscience.tec.mx\/es\/editorial\/podcast-historias-para-mentes-curiosas-temporada-7\/\" \/>\n<meta property=\"og:locale\" content=\"es_ES\" \/>\n<meta property=\"og:type\" content=\"article\" \/>\n<meta property=\"og:title\" content=\"Podcast: Historias para Mentes Curiosas (temporada 7)\" \/>\n<meta property=\"og:description\" content=\"Los 10 episodios de la temporada 7 de nuestro podcast presentado por Tec Sounds. Charlas con expertos sobre temas que a todos nos importan.\" \/>\n<meta property=\"og:url\" content=\"https:\/\/tecscience.tec.mx\/es\/editorial\/podcast-historias-para-mentes-curiosas-temporada-7\/\" \/>\n<meta property=\"og:site_name\" content=\"TecScience\" \/>\n<meta property=\"article:publisher\" content=\"https:\/\/www.facebook.com\/TecScienceWeb\" \/>\n<meta property=\"article:published_time\" content=\"2023-09-22T04:14:27+00:00\" \/>\n<meta property=\"article:modified_time\" content=\"2023-09-29T04:16:08+00:00\" \/>\n<meta property=\"og:image\" content=\"https:\/\/tecscience.tec.mx\/es\/wp-content\/uploads\/sites\/8\/2023\/08\/nota-podcast.jpg\" \/>\n\t<meta property=\"og:image:width\" content=\"750\" \/>\n\t<meta property=\"og:image:height\" content=\"500\" \/>\n\t<meta property=\"og:image:type\" content=\"image\/jpeg\" \/>\n<meta name=\"author\" content=\"TecScience\" \/>\n<meta name=\"twitter:card\" content=\"summary_large_image\" \/>\n<meta name=\"twitter:creator\" content=\"@TecScience_\" \/>\n<meta name=\"twitter:site\" content=\"@TecScience_\" \/>\n<meta name=\"twitter:label1\" content=\"Escrito por\" \/>\n\t<meta name=\"twitter:data1\" content=\"TecScience\" \/>\n\t<meta name=\"twitter:label2\" content=\"Tiempo de lectura\" \/>\n\t<meta name=\"twitter:data2\" content=\"6 minutos\" \/>\n<script type=\"application\/ld+json\" class=\"yoast-schema-graph\">{\"@context\":\"https:\\\/\\\/schema.org\",\"@graph\":[{\"@type\":\"Article\",\"@id\":\"https:\\\/\\\/tecscience.tec.mx\\\/es\\\/editorial\\\/podcast-historias-para-mentes-curiosas-temporada-7\\\/#article\",\"isPartOf\":{\"@id\":\"https:\\\/\\\/tecscience.tec.mx\\\/es\\\/editorial\\\/podcast-historias-para-mentes-curiosas-temporada-7\\\/\"},\"author\":{\"name\":\"TecScience\",\"@id\":\"https:\\\/\\\/tecscience.tec.mx\\\/es\\\/#\\\/schema\\\/person\\\/2cb21529224a81080d5bb51f3ff1587e\"},\"headline\":\"Podcast: Historias para Mentes Curiosas (temporada 7)\",\"datePublished\":\"2023-09-22T04:14:27+00:00\",\"dateModified\":\"2023-09-29T04:16:08+00:00\",\"mainEntityOfPage\":{\"@id\":\"https:\\\/\\\/tecscience.tec.mx\\\/es\\\/editorial\\\/podcast-historias-para-mentes-curiosas-temporada-7\\\/\"},\"wordCount\":1437,\"publisher\":{\"@id\":\"https:\\\/\\\/tecscience.tec.mx\\\/es\\\/#organization\"},\"image\":{\"@id\":\"https:\\\/\\\/tecscience.tec.mx\\\/es\\\/editorial\\\/podcast-historias-para-mentes-curiosas-temporada-7\\\/#primaryimage\"},\"thumbnailUrl\":\"https:\\\/\\\/tecscience.tec.mx\\\/es\\\/wp-content\\\/uploads\\\/sites\\\/8\\\/2023\\\/08\\\/nota-podcast.jpg\",\"keywords\":[\"Historias para mentes curiosas\"],\"articleSection\":[\"Editorial\"],\"inLanguage\":\"es\"},{\"@type\":\"WebPage\",\"@id\":\"https:\\\/\\\/tecscience.tec.mx\\\/es\\\/editorial\\\/podcast-historias-para-mentes-curiosas-temporada-7\\\/\",\"url\":\"https:\\\/\\\/tecscience.tec.mx\\\/es\\\/editorial\\\/podcast-historias-para-mentes-curiosas-temporada-7\\\/\",\"name\":\"Podcast Historias para mentes curiosas temporada 7\",\"isPartOf\":{\"@id\":\"https:\\\/\\\/tecscience.tec.mx\\\/es\\\/#website\"},\"primaryImageOfPage\":{\"@id\":\"https:\\\/\\\/tecscience.tec.mx\\\/es\\\/editorial\\\/podcast-historias-para-mentes-curiosas-temporada-7\\\/#primaryimage\"},\"image\":{\"@id\":\"https:\\\/\\\/tecscience.tec.mx\\\/es\\\/editorial\\\/podcast-historias-para-mentes-curiosas-temporada-7\\\/#primaryimage\"},\"thumbnailUrl\":\"https:\\\/\\\/tecscience.tec.mx\\\/es\\\/wp-content\\\/uploads\\\/sites\\\/8\\\/2023\\\/08\\\/nota-podcast.jpg\",\"datePublished\":\"2023-09-22T04:14:27+00:00\",\"dateModified\":\"2023-09-29T04:16:08+00:00\",\"description\":\"Los 10 episodios de la temporada 7 de nuestro podcast presentado por Tec Sounds. Charlas con expertos sobre temas que a todos nos importan.\",\"breadcrumb\":{\"@id\":\"https:\\\/\\\/tecscience.tec.mx\\\/es\\\/editorial\\\/podcast-historias-para-mentes-curiosas-temporada-7\\\/#breadcrumb\"},\"inLanguage\":\"es\",\"potentialAction\":[{\"@type\":\"ReadAction\",\"target\":[\"https:\\\/\\\/tecscience.tec.mx\\\/es\\\/editorial\\\/podcast-historias-para-mentes-curiosas-temporada-7\\\/\"]}]},{\"@type\":\"ImageObject\",\"inLanguage\":\"es\",\"@id\":\"https:\\\/\\\/tecscience.tec.mx\\\/es\\\/editorial\\\/podcast-historias-para-mentes-curiosas-temporada-7\\\/#primaryimage\",\"url\":\"https:\\\/\\\/tecscience.tec.mx\\\/es\\\/wp-content\\\/uploads\\\/sites\\\/8\\\/2023\\\/08\\\/nota-podcast.jpg\",\"contentUrl\":\"https:\\\/\\\/tecscience.tec.mx\\\/es\\\/wp-content\\\/uploads\\\/sites\\\/8\\\/2023\\\/08\\\/nota-podcast.jpg\",\"width\":750,\"height\":500,\"caption\":\"La temporada 7 del podcast Historias para Mentes Curiosas abarca una gama muy variada de temas interesantes.\"},{\"@type\":\"BreadcrumbList\",\"@id\":\"https:\\\/\\\/tecscience.tec.mx\\\/es\\\/editorial\\\/podcast-historias-para-mentes-curiosas-temporada-7\\\/#breadcrumb\",\"itemListElement\":[{\"@type\":\"ListItem\",\"position\":1,\"name\":\"Home\",\"item\":\"https:\\\/\\\/tecscience.tec.mx\\\/es\\\/\"},{\"@type\":\"ListItem\",\"position\":2,\"name\":\"Podcast: Historias para Mentes Curiosas (temporada 7)\"}]},{\"@type\":\"WebSite\",\"@id\":\"https:\\\/\\\/tecscience.tec.mx\\\/es\\\/#website\",\"url\":\"https:\\\/\\\/tecscience.tec.mx\\\/es\\\/\",\"name\":\"TecScience\",\"description\":\"Bilingual platform in charge of communicating advances in research, science and innovation at Tec\",\"publisher\":{\"@id\":\"https:\\\/\\\/tecscience.tec.mx\\\/es\\\/#organization\"},\"potentialAction\":[{\"@type\":\"SearchAction\",\"target\":{\"@type\":\"EntryPoint\",\"urlTemplate\":\"https:\\\/\\\/tecscience.tec.mx\\\/es\\\/?s={search_term_string}\"},\"query-input\":{\"@type\":\"PropertyValueSpecification\",\"valueRequired\":true,\"valueName\":\"search_term_string\"}}],\"inLanguage\":\"es\"},{\"@type\":\"Organization\",\"@id\":\"https:\\\/\\\/tecscience.tec.mx\\\/es\\\/#organization\",\"name\":\"TecScience\",\"url\":\"https:\\\/\\\/tecscience.tec.mx\\\/es\\\/\",\"logo\":{\"@type\":\"ImageObject\",\"inLanguage\":\"es\",\"@id\":\"https:\\\/\\\/tecscience.tec.mx\\\/es\\\/#\\\/schema\\\/logo\\\/image\\\/\",\"url\":\"https:\\\/\\\/tecscience.tec.mx\\\/es\\\/wp-content\\\/uploads\\\/sites\\\/8\\\/2022\\\/11\\\/logo-negro-tecscience.svg\",\"contentUrl\":\"https:\\\/\\\/tecscience.tec.mx\\\/es\\\/wp-content\\\/uploads\\\/sites\\\/8\\\/2022\\\/11\\\/logo-negro-tecscience.svg\",\"width\":250,\"height\":38,\"caption\":\"TecScience\"},\"image\":{\"@id\":\"https:\\\/\\\/tecscience.tec.mx\\\/es\\\/#\\\/schema\\\/logo\\\/image\\\/\"},\"sameAs\":[\"https:\\\/\\\/www.facebook.com\\\/TecScienceWeb\",\"https:\\\/\\\/x.com\\\/TecScience_\",\"https:\\\/\\\/www.linkedin.com\\\/company\\\/tec-science\\\/\",\"https:\\\/\\\/www.instagram.com\\\/tecscienceweb\\\/\"],\"publishingPrinciples\":\"https:\\\/\\\/tecscience.tec.mx\\\/es\\\/guia-de-publicacion-para-articulos-de-divulgacion\\\/\",\"correctionsPolicy\":\"https:\\\/\\\/tecscience.tec.mx\\\/es\\\/equipo-editorial-tecscience\\\/\"},{\"@type\":\"Person\",\"@id\":\"https:\\\/\\\/tecscience.tec.mx\\\/es\\\/#\\\/schema\\\/person\\\/2cb21529224a81080d5bb51f3ff1587e\",\"name\":\"TecScience\",\"image\":{\"@type\":\"ImageObject\",\"inLanguage\":\"es\",\"@id\":\"https:\\\/\\\/secure.gravatar.com\\\/avatar\\\/e6a0e74259e313ed3fefde7854d31aa0a2caf7e52ddf9c0baa19e015b7bb5751?s=96&d=mm&r=g\",\"url\":\"https:\\\/\\\/secure.gravatar.com\\\/avatar\\\/e6a0e74259e313ed3fefde7854d31aa0a2caf7e52ddf9c0baa19e015b7bb5751?s=96&d=mm&r=g\",\"contentUrl\":\"https:\\\/\\\/secure.gravatar.com\\\/avatar\\\/e6a0e74259e313ed3fefde7854d31aa0a2caf7e52ddf9c0baa19e015b7bb5751?s=96&d=mm&r=g\",\"caption\":\"TecScience\"},\"url\":\"https:\\\/\\\/tecscience.tec.mx\\\/es\\\/author\\\/tscience\\\/\"}]}<\/script>\n<!-- \/ Yoast SEO Premium plugin. -->","yoast_head_json":{"title":"Podcast Historias para mentes curiosas temporada 7","description":"Los 10 episodios de la temporada 7 de nuestro podcast presentado por Tec Sounds. Charlas con expertos sobre temas que a todos nos importan.","robots":{"index":"index","follow":"follow","max-snippet":"max-snippet:-1","max-image-preview":"max-image-preview:large","max-video-preview":"max-video-preview:-1"},"canonical":"https:\/\/tecscience.tec.mx\/es\/editorial\/podcast-historias-para-mentes-curiosas-temporada-7\/","og_locale":"es_ES","og_type":"article","og_title":"Podcast: Historias para Mentes Curiosas (temporada 7)","og_description":"Los 10 episodios de la temporada 7 de nuestro podcast presentado por Tec Sounds. Charlas con expertos sobre temas que a todos nos importan.","og_url":"https:\/\/tecscience.tec.mx\/es\/editorial\/podcast-historias-para-mentes-curiosas-temporada-7\/","og_site_name":"TecScience","article_publisher":"https:\/\/www.facebook.com\/TecScienceWeb","article_published_time":"2023-09-22T04:14:27+00:00","article_modified_time":"2023-09-29T04:16:08+00:00","og_image":[{"width":750,"height":500,"url":"https:\/\/tecscience.tec.mx\/es\/wp-content\/uploads\/sites\/8\/2023\/08\/nota-podcast.jpg","type":"image\/jpeg"}],"author":"TecScience","twitter_card":"summary_large_image","twitter_creator":"@TecScience_","twitter_site":"@TecScience_","twitter_misc":{"Escrito por":"TecScience","Tiempo de lectura":"6 minutos"},"schema":{"@context":"https:\/\/schema.org","@graph":[{"@type":"Article","@id":"https:\/\/tecscience.tec.mx\/es\/editorial\/podcast-historias-para-mentes-curiosas-temporada-7\/#article","isPartOf":{"@id":"https:\/\/tecscience.tec.mx\/es\/editorial\/podcast-historias-para-mentes-curiosas-temporada-7\/"},"author":{"name":"TecScience","@id":"https:\/\/tecscience.tec.mx\/es\/#\/schema\/person\/2cb21529224a81080d5bb51f3ff1587e"},"headline":"Podcast: Historias para Mentes Curiosas (temporada 7)","datePublished":"2023-09-22T04:14:27+00:00","dateModified":"2023-09-29T04:16:08+00:00","mainEntityOfPage":{"@id":"https:\/\/tecscience.tec.mx\/es\/editorial\/podcast-historias-para-mentes-curiosas-temporada-7\/"},"wordCount":1437,"publisher":{"@id":"https:\/\/tecscience.tec.mx\/es\/#organization"},"image":{"@id":"https:\/\/tecscience.tec.mx\/es\/editorial\/podcast-historias-para-mentes-curiosas-temporada-7\/#primaryimage"},"thumbnailUrl":"https:\/\/tecscience.tec.mx\/es\/wp-content\/uploads\/sites\/8\/2023\/08\/nota-podcast.jpg","keywords":["Historias para mentes curiosas"],"articleSection":["Editorial"],"inLanguage":"es"},{"@type":"WebPage","@id":"https:\/\/tecscience.tec.mx\/es\/editorial\/podcast-historias-para-mentes-curiosas-temporada-7\/","url":"https:\/\/tecscience.tec.mx\/es\/editorial\/podcast-historias-para-mentes-curiosas-temporada-7\/","name":"Podcast Historias para mentes curiosas temporada 7","isPartOf":{"@id":"https:\/\/tecscience.tec.mx\/es\/#website"},"primaryImageOfPage":{"@id":"https:\/\/tecscience.tec.mx\/es\/editorial\/podcast-historias-para-mentes-curiosas-temporada-7\/#primaryimage"},"image":{"@id":"https:\/\/tecscience.tec.mx\/es\/editorial\/podcast-historias-para-mentes-curiosas-temporada-7\/#primaryimage"},"thumbnailUrl":"https:\/\/tecscience.tec.mx\/es\/wp-content\/uploads\/sites\/8\/2023\/08\/nota-podcast.jpg","datePublished":"2023-09-22T04:14:27+00:00","dateModified":"2023-09-29T04:16:08+00:00","description":"Los 10 episodios de la temporada 7 de nuestro podcast presentado por Tec Sounds. Charlas con expertos sobre temas que a todos nos importan.","breadcrumb":{"@id":"https:\/\/tecscience.tec.mx\/es\/editorial\/podcast-historias-para-mentes-curiosas-temporada-7\/#breadcrumb"},"inLanguage":"es","potentialAction":[{"@type":"ReadAction","target":["https:\/\/tecscience.tec.mx\/es\/editorial\/podcast-historias-para-mentes-curiosas-temporada-7\/"]}]},{"@type":"ImageObject","inLanguage":"es","@id":"https:\/\/tecscience.tec.mx\/es\/editorial\/podcast-historias-para-mentes-curiosas-temporada-7\/#primaryimage","url":"https:\/\/tecscience.tec.mx\/es\/wp-content\/uploads\/sites\/8\/2023\/08\/nota-podcast.jpg","contentUrl":"https:\/\/tecscience.tec.mx\/es\/wp-content\/uploads\/sites\/8\/2023\/08\/nota-podcast.jpg","width":750,"height":500,"caption":"La temporada 7 del podcast Historias para Mentes Curiosas abarca una gama muy variada de temas interesantes."},{"@type":"BreadcrumbList","@id":"https:\/\/tecscience.tec.mx\/es\/editorial\/podcast-historias-para-mentes-curiosas-temporada-7\/#breadcrumb","itemListElement":[{"@type":"ListItem","position":1,"name":"Home","item":"https:\/\/tecscience.tec.mx\/es\/"},{"@type":"ListItem","position":2,"name":"Podcast: Historias para Mentes Curiosas (temporada 7)"}]},{"@type":"WebSite","@id":"https:\/\/tecscience.tec.mx\/es\/#website","url":"https:\/\/tecscience.tec.mx\/es\/","name":"TecScience","description":"Bilingual platform in charge of communicating advances in research, science and innovation at Tec","publisher":{"@id":"https:\/\/tecscience.tec.mx\/es\/#organization"},"potentialAction":[{"@type":"SearchAction","target":{"@type":"EntryPoint","urlTemplate":"https:\/\/tecscience.tec.mx\/es\/?s={search_term_string}"},"query-input":{"@type":"PropertyValueSpecification","valueRequired":true,"valueName":"search_term_string"}}],"inLanguage":"es"},{"@type":"Organization","@id":"https:\/\/tecscience.tec.mx\/es\/#organization","name":"TecScience","url":"https:\/\/tecscience.tec.mx\/es\/","logo":{"@type":"ImageObject","inLanguage":"es","@id":"https:\/\/tecscience.tec.mx\/es\/#\/schema\/logo\/image\/","url":"https:\/\/tecscience.tec.mx\/es\/wp-content\/uploads\/sites\/8\/2022\/11\/logo-negro-tecscience.svg","contentUrl":"https:\/\/tecscience.tec.mx\/es\/wp-content\/uploads\/sites\/8\/2022\/11\/logo-negro-tecscience.svg","width":250,"height":38,"caption":"TecScience"},"image":{"@id":"https:\/\/tecscience.tec.mx\/es\/#\/schema\/logo\/image\/"},"sameAs":["https:\/\/www.facebook.com\/TecScienceWeb","https:\/\/x.com\/TecScience_","https:\/\/www.linkedin.com\/company\/tec-science\/","https:\/\/www.instagram.com\/tecscienceweb\/"],"publishingPrinciples":"https:\/\/tecscience.tec.mx\/es\/guia-de-publicacion-para-articulos-de-divulgacion\/","correctionsPolicy":"https:\/\/tecscience.tec.mx\/es\/equipo-editorial-tecscience\/"},{"@type":"Person","@id":"https:\/\/tecscience.tec.mx\/es\/#\/schema\/person\/2cb21529224a81080d5bb51f3ff1587e","name":"TecScience","image":{"@type":"ImageObject","inLanguage":"es","@id":"https:\/\/secure.gravatar.com\/avatar\/e6a0e74259e313ed3fefde7854d31aa0a2caf7e52ddf9c0baa19e015b7bb5751?s=96&d=mm&r=g","url":"https:\/\/secure.gravatar.com\/avatar\/e6a0e74259e313ed3fefde7854d31aa0a2caf7e52ddf9c0baa19e015b7bb5751?s=96&d=mm&r=g","contentUrl":"https:\/\/secure.gravatar.com\/avatar\/e6a0e74259e313ed3fefde7854d31aa0a2caf7e52ddf9c0baa19e015b7bb5751?s=96&d=mm&r=g","caption":"TecScience"},"url":"https:\/\/tecscience.tec.mx\/es\/author\/tscience\/"}]}},"_links":{"self":[{"href":"https:\/\/tecscience.tec.mx\/es\/wp-json\/wp\/v2\/posts\/158268","targetHints":{"allow":["GET"]}}],"collection":[{"href":"https:\/\/tecscience.tec.mx\/es\/wp-json\/wp\/v2\/posts"}],"about":[{"href":"https:\/\/tecscience.tec.mx\/es\/wp-json\/wp\/v2\/types\/post"}],"author":[{"embeddable":true,"href":"https:\/\/tecscience.tec.mx\/es\/wp-json\/wp\/v2\/users\/18"}],"replies":[{"embeddable":true,"href":"https:\/\/tecscience.tec.mx\/es\/wp-json\/wp\/v2\/comments?post=158268"}],"version-history":[{"count":0,"href":"https:\/\/tecscience.tec.mx\/es\/wp-json\/wp\/v2\/posts\/158268\/revisions"}],"wp:featuredmedia":[{"embeddable":true,"href":"https:\/\/tecscience.tec.mx\/es\/wp-json\/wp\/v2\/media\/158296"}],"wp:attachment":[{"href":"https:\/\/tecscience.tec.mx\/es\/wp-json\/wp\/v2\/media?parent=158268"}],"wp:term":[{"taxonomy":"category","embeddable":true,"href":"https:\/\/tecscience.tec.mx\/es\/wp-json\/wp\/v2\/categories?post=158268"},{"taxonomy":"post_tag","embeddable":true,"href":"https:\/\/tecscience.tec.mx\/es\/wp-json\/wp\/v2\/tags?post=158268"}],"curies":[{"name":"wp","href":"https:\/\/api.w.org\/{rel}","templated":true}]}}