{"id":159343,"date":"2023-11-29T18:24:30","date_gmt":"2023-11-29T18:24:30","guid":{"rendered":"https:\/\/tecscience.tec.mx\/es\/?p=159343"},"modified":"2024-12-09T20:35:29","modified_gmt":"2024-12-10T02:35:29","slug":"desarrollo-del-cerebro-en-la-primera-infancia","status":"publish","type":"post","link":"https:\/\/tecscience.tec.mx\/es\/salud\/desarrollo-del-cerebro-en-la-primera-infancia\/","title":{"rendered":"Un &#8216;big bang&#8217; neuronal ocurre durante nuestros primeros a\u00f1os de vida"},"content":{"rendered":"\n<p>Durante los primeros tres a\u00f1os de vida, el cerebro de los ni\u00f1os triplica su tama\u00f1o y alcanza el doble de conexiones que ten\u00eda un a\u00f1o antes y as\u00ed permanece hasta cumplir su primera d\u00e9cada. <\/p>\n\n\n\n<p>Los primeros cinco a\u00f1os son cruciales para una persona. Durante este tiempo, desarrolla 80% de su capacidad cognitiva, siendo este periodo una <strong>oportunidad para ayudar al desarrollo de los pa\u00edses de Latinoam\u00e9rica<\/strong>, se\u00f1al\u00f3 <a href=\"https:\/\/economia.uniandes.edu.co\/bernal\" target=\"_blank\" rel=\"noreferrer noopener\">Raquel Bernal<\/a>, quien ha dedicado su investigaci\u00f3n a la econom\u00eda social y los determinantes del capital humano, sobre todo durante la primera infancia. Adem\u00e1s, es rectora de la <strong>Universidad de los Andes en Colombia<\/strong>.<\/p>\n\n\n\n<p>Bernal particip\u00f3 en el Primer Foro Internacional de Primera Infancia realizado en el Tec de Monterrey, durante el lanzamiento del <a href=\"https:\/\/tecscience.tec.mx\/es\/tag\/centro-de-primera-infancia\/\" target=\"_blank\" rel=\"noreferrer noopener\">Centro de Primera Infancia<\/a>.<\/p>\n\n\n\n<p>\u201cTodo lo que ocurre durante este tiempo, los est\u00edmulos que recibe y las experiencias moldean la arquitectura cerebral del ni\u00f1o, por eso <strong>hay que aprovechar much\u00edsimo e invertir lo m\u00e1s que se pueda en lograr que consolide su capacidad de aprendizaje<\/strong>\u201d, dijo.<\/p>\n\n\n\n<figure class=\"wp-block-image aligncenter size-large is-resized\"><a href=\"https:\/\/www.instagram.com\/p\/C0NVFzXBGxY\/?img_index=1\" target=\"_blank\" rel=\"noreferrer noopener\"><picture>\r\n                <source srcset=\"https:\/\/tecscience.tec.mx\/es\/wp-content\/uploads\/sites\/8\/2023\/11\/desarrollo-del-cerebro-en-la-primera-infancia-1024x1024.webp\" type=\"image\/webp\">\r\n                <img fetchpriority=\"high\" decoding=\"async\" width=\"1024\" height=\"1024\" src=\"https:\/\/tecscience.tec.mx\/es\/wp-content\/uploads\/sites\/8\/2023\/11\/desarrollo-del-cerebro-en-la-primera-infancia-1024x1024.jpg\" alt=\"\" class=\"wp-image-159371\" style=\"aspect-ratio:1;width:398px;height:auto\" srcset=\"https:\/\/tecscience.tec.mx\/es\/wp-content\/uploads\/sites\/8\/2023\/11\/desarrollo-del-cerebro-en-la-primera-infancia-1024x1024.jpg 1024w, https:\/\/tecscience.tec.mx\/es\/wp-content\/uploads\/sites\/8\/2023\/11\/desarrollo-del-cerebro-en-la-primera-infancia-300x300.jpg 300w, https:\/\/tecscience.tec.mx\/es\/wp-content\/uploads\/sites\/8\/2023\/11\/desarrollo-del-cerebro-en-la-primera-infancia-150x150.jpg 150w, https:\/\/tecscience.tec.mx\/es\/wp-content\/uploads\/sites\/8\/2023\/11\/desarrollo-del-cerebro-en-la-primera-infancia-768x768.jpg 768w, https:\/\/tecscience.tec.mx\/es\/wp-content\/uploads\/sites\/8\/2023\/11\/desarrollo-del-cerebro-en-la-primera-infancia.jpg 1080w\" sizes=\"(max-width: 1024px) 100vw, 1024px\" \/>\r\n            <\/picture><\/a><\/figure>\n\n\n\n<h2 class=\"wp-block-heading\" id=\"h-el-desarrollo-del-cerebro-en-la-primera-infancia\"><strong>El desarrollo del cerebro en la primera infancia<\/strong><\/h2>\n\n\n\n<p>Seg\u00fan cifras del <a href=\"https:\/\/blogs.iadb.org\/desarrollo-infantil\/es\/neurociencia-e-innovacion-una-alianza-clave-para-los-primeros-1000-dias-de-vida\/\" target=\"_blank\" rel=\"noreferrer noopener\">Banco Interamericano de Desarrollo<\/a> (BID), durante los primeros 1000 d\u00edas de vida, se produce un <em>Big Bang<\/em> neuronal, en el que se forman alrededor de 1000 conexiones neuronales por segundo.<\/p>\n\n\n\n<p>Bernal se\u00f1al\u00f3 que la inversi\u00f3n en la primera infancia es una oportunidad \u00fanica que debe aprovecharse al m\u00e1ximo para generar un desarrollo social de una regi\u00f3n, en \u00e1reas como <strong>educaci\u00f3n, lenguaje y nutrici\u00f3n<\/strong>, entre otras.<\/p>\n\n\n\n<p>Sin embargo, dijo que se deben combatir las brechas que existen dentro de estas \u00e1reas, entre hogares socioecon\u00f3micamente vulnerables y hogares m\u00e1s privilegiados.<\/p>\n\n\n\n<p>\u201cEstas brechas en la primera infancia son de gran preocupaci\u00f3n, porque son el origen de la desigualdad que existe en Latinoam\u00e9rica\u201d, dijo.<\/p>\n\n\n\n<p>Adem\u00e1s, indic\u00f3, que la inversi\u00f3n que realizan las mismas familias se vuelve insuficiente, ya que, en ocasiones, carecen de recursos econ\u00f3micos, de conocimiento e incluso de tiempo necesario.<\/p>\n\n\n\n<p>Un ejemplo de ello es la <a href=\"https:\/\/tecscience.tec.mx\/es\/biotecnologia\/beneficios-de-la-leche-materna\/\" target=\"_blank\" rel=\"noreferrer noopener\">lactancia materna<\/a>, la cual va a la baja por falta de tiempo, as\u00ed como la disminuci\u00f3n de dietas balanceadas en la que los ni\u00f1os puedan consumir todos los <a href=\"\/es\/salud\/ninos-en-mexico-no-comen-verduras-y-frutas\/\" target=\"_blank\" rel=\"noreferrer noopener\">alimentos necesarios durante el d\u00eda<\/a>. Bernal explic\u00f3 que, en el mejor de los casos, solamente <strong>40% de los ni\u00f1os tiene una dieta balanceada<\/strong>.<\/p>\n\n\n\n<p>Agreg\u00f3 que un infante, que tiene una madre con escolaridad superior, tiene un 90% de probabilidad de experimentar al menos cuatro actividades l\u00fadicas, de recreaci\u00f3n y de aprendizaje. Mientras que en los hogares vulnerables, esta probabilidad var\u00eda solamente entre el 10% y 20%.<\/p>\n\n\n\n<p>\u201cPara citar un ejemplo, un ni\u00f1o de cinco a\u00f1os de edad en un hogar privilegiado, habla como un ni\u00f1o de esa edad, pero, en un hogar con escasos recursos, habla como si tuviera tres a\u00f1os, es decir que existe un rezago de uno a dos a\u00f1os\u201d, explic\u00f3 la directiva.<\/p>\n\n\n\n<h2 class=\"wp-block-heading\" id=\"h-una-oportunidad-unica-para-invertir-en-primera-infancia\"><strong>Una oportunidad \u00fanica para invertir en primera infancia<\/strong><\/h2>\n\n\n\n<p>Bernal hizo hincapi\u00e9 en que esta brecha hace m\u00e1s grande la desigualdad y trae consigo otros problemas para la regi\u00f3n latinoamericana, por lo que, invertir en primera infancia, es crucial para atacar estos problemas.<\/p>\n\n\n\n<p>La rectora mencion\u00f3 la importancia del gobierno dentro del apoyo a familias que tienen restricciones de presupuesto, tiempo y conocimiento.<\/p>\n\n\n\n<p>Programas para incentivar la nutrici\u00f3n en las familias, la educaci\u00f3n inicial de los ni\u00f1os y la salud en la infancia son algunos ejemplos de estas acciones que podr\u00edan gestionarse desde el Estado.<\/p>\n\n\n\n<p>Otro de los puntos claves para mejorar los indicadores de calidad de vida en la infancia latinoamericana, es la educaci\u00f3n inicial y la importancia de tener profesores especializados en el \u00e1rea.<\/p>\n\n\n\n<p>Ante esto, se vuelve relevante la capacitaci\u00f3n especializada para maestros, pero, tambi\u00e9n, los programas educativos, con un curr\u00edculum definido, especialmente para el desarrollo de la primera infancia.<\/p>\n\n\n\n<p>Bernal asegur\u00f3 que la libertad curricular parece ser perjudicial en la primera infancia, ya que deben tenerse objetivos de aprendizaje claros y metodolog\u00edas pedag\u00f3gicas espec\u00edficas, contrario a \u00abimprovisar sobre la marcha\u00bb.<\/p>\n\n\n\n<p>Tambi\u00e9n la infraestructura es esencial, con m\u00e1s espacios para aprendizaje y recreaci\u00f3n para los ni\u00f1os que acompa\u00f1en estos programas especializados.<\/p>\n\n\n\n<p>\u201cCreo que, para avanzar, es clave la voluntad pol\u00edtica, que es lo que iniciativas como la del Centro de la Primera Infancia y el Tec est\u00e1n haciendo, mover la br\u00fajula para que los gobiernos entiendan que es una inversi\u00f3n justa, eficiente e importante para nuestros pa\u00edses\u201d, finaliz\u00f3.<\/p>\n","protected":false},"excerpt":{"rendered":"<p>Los primeros cinco a\u00f1os son cruciales para una persona. Durante este tiempo, se desarrolla 80% de la capacidad cognitiva.<\/p>\n","protected":false},"author":13,"featured_media":159375,"comment_status":"closed","ping_status":"closed","sticky":false,"template":"","format":"standard","meta":{"_acf_changed":false,"_eb_attr":"","footnotes":""},"categories":[99],"tags":[863,864,227],"class_list":["post-159343","post","type-post","status-publish","format-standard","has-post-thumbnail","hentry","category-salud","tag-centro-de-primera-infancia","tag-foro-internacional-de-primera-infancia","tag-salud"],"acf":[],"yoast_head":"<!-- This site is optimized with the Yoast SEO Premium plugin v21.0 (Yoast SEO v27.4) - https:\/\/yoast.com\/product\/yoast-seo-premium-wordpress\/ -->\n<title>El desarrollo del cerebro en la primera infancia | TecScience<\/title>\n<meta name=\"description\" content=\"Los primeros cinco a\u00f1os son cruciales para una persona. Durante este tiempo, se desarrolla 80% de la capacidad cognitiva.\" \/>\n<meta name=\"robots\" content=\"index, follow, max-snippet:-1, max-image-preview:large, max-video-preview:-1\" \/>\n<link rel=\"canonical\" href=\"https:\/\/tecscience.tec.mx\/es\/salud\/desarrollo-del-cerebro-en-la-primera-infancia\/\" \/>\n<meta property=\"og:locale\" content=\"es_ES\" \/>\n<meta property=\"og:type\" content=\"article\" \/>\n<meta property=\"og:title\" content=\"Un &#039;big bang&#039; neuronal ocurre durante nuestros primeros a\u00f1os de vida\" \/>\n<meta property=\"og:description\" content=\"Los primeros cinco a\u00f1os son cruciales para una persona. Durante este tiempo, se desarrolla 80% de la capacidad cognitiva.\" \/>\n<meta property=\"og:url\" content=\"https:\/\/tecscience.tec.mx\/es\/salud\/desarrollo-del-cerebro-en-la-primera-infancia\/\" \/>\n<meta property=\"og:site_name\" content=\"TecScience\" \/>\n<meta property=\"article:publisher\" content=\"https:\/\/www.facebook.com\/TecScienceWeb\" \/>\n<meta property=\"article:published_time\" content=\"2023-11-29T18:24:30+00:00\" \/>\n<meta property=\"article:modified_time\" content=\"2024-12-10T02:35:29+00:00\" \/>\n<meta property=\"og:image\" content=\"https:\/\/tecscience.tec.mx\/es\/wp-content\/uploads\/sites\/8\/2023\/11\/desarrollo-del-cerebro-en-la-primera-infancia-2.jpg\" \/>\n\t<meta property=\"og:image:width\" content=\"750\" \/>\n\t<meta property=\"og:image:height\" content=\"500\" \/>\n\t<meta property=\"og:image:type\" content=\"image\/jpeg\" \/>\n<meta name=\"author\" content=\"Asael Villanueva\" \/>\n<meta name=\"twitter:card\" content=\"summary_large_image\" \/>\n<meta name=\"twitter:creator\" content=\"@TecScience_\" \/>\n<meta name=\"twitter:site\" content=\"@TecScience_\" \/>\n<meta name=\"twitter:label1\" content=\"Escrito por\" \/>\n\t<meta name=\"twitter:data1\" content=\"Asael Villanueva\" \/>\n\t<meta name=\"twitter:label2\" content=\"Tiempo de lectura\" \/>\n\t<meta name=\"twitter:data2\" content=\"4 minutos\" \/>\n<script type=\"application\/ld+json\" class=\"yoast-schema-graph\">{\"@context\":\"https:\\\/\\\/schema.org\",\"@graph\":[{\"@type\":\"Article\",\"@id\":\"https:\\\/\\\/tecscience.tec.mx\\\/es\\\/salud\\\/desarrollo-del-cerebro-en-la-primera-infancia\\\/#article\",\"isPartOf\":{\"@id\":\"https:\\\/\\\/tecscience.tec.mx\\\/es\\\/salud\\\/desarrollo-del-cerebro-en-la-primera-infancia\\\/\"},\"author\":{\"name\":\"Asael Villanueva\",\"@id\":\"https:\\\/\\\/tecscience.tec.mx\\\/es\\\/#\\\/schema\\\/person\\\/583b844aa08f220546393f853170003f\"},\"headline\":\"Un &#8216;big bang&#8217; neuronal ocurre durante nuestros primeros a\u00f1os de vida\",\"datePublished\":\"2023-11-29T18:24:30+00:00\",\"dateModified\":\"2024-12-10T02:35:29+00:00\",\"mainEntityOfPage\":{\"@id\":\"https:\\\/\\\/tecscience.tec.mx\\\/es\\\/salud\\\/desarrollo-del-cerebro-en-la-primera-infancia\\\/\"},\"wordCount\":787,\"publisher\":{\"@id\":\"https:\\\/\\\/tecscience.tec.mx\\\/es\\\/#organization\"},\"image\":{\"@id\":\"https:\\\/\\\/tecscience.tec.mx\\\/es\\\/salud\\\/desarrollo-del-cerebro-en-la-primera-infancia\\\/#primaryimage\"},\"thumbnailUrl\":\"https:\\\/\\\/tecscience.tec.mx\\\/es\\\/wp-content\\\/uploads\\\/sites\\\/8\\\/2023\\\/11\\\/desarrollo-del-cerebro-en-la-primera-infancia-2.jpg\",\"keywords\":[\"Centro de Primera Infancia\",\"Foro Internacional de Primera Infancia\",\"Salud\"],\"articleSection\":[\"Salud\"],\"inLanguage\":\"es\"},{\"@type\":\"WebPage\",\"@id\":\"https:\\\/\\\/tecscience.tec.mx\\\/es\\\/salud\\\/desarrollo-del-cerebro-en-la-primera-infancia\\\/\",\"url\":\"https:\\\/\\\/tecscience.tec.mx\\\/es\\\/salud\\\/desarrollo-del-cerebro-en-la-primera-infancia\\\/\",\"name\":\"El desarrollo del cerebro en la primera infancia | TecScience\",\"isPartOf\":{\"@id\":\"https:\\\/\\\/tecscience.tec.mx\\\/es\\\/#website\"},\"primaryImageOfPage\":{\"@id\":\"https:\\\/\\\/tecscience.tec.mx\\\/es\\\/salud\\\/desarrollo-del-cerebro-en-la-primera-infancia\\\/#primaryimage\"},\"image\":{\"@id\":\"https:\\\/\\\/tecscience.tec.mx\\\/es\\\/salud\\\/desarrollo-del-cerebro-en-la-primera-infancia\\\/#primaryimage\"},\"thumbnailUrl\":\"https:\\\/\\\/tecscience.tec.mx\\\/es\\\/wp-content\\\/uploads\\\/sites\\\/8\\\/2023\\\/11\\\/desarrollo-del-cerebro-en-la-primera-infancia-2.jpg\",\"datePublished\":\"2023-11-29T18:24:30+00:00\",\"dateModified\":\"2024-12-10T02:35:29+00:00\",\"description\":\"Los primeros cinco a\u00f1os son cruciales para una persona. Durante este tiempo, se desarrolla 80% de la capacidad cognitiva.\",\"breadcrumb\":{\"@id\":\"https:\\\/\\\/tecscience.tec.mx\\\/es\\\/salud\\\/desarrollo-del-cerebro-en-la-primera-infancia\\\/#breadcrumb\"},\"inLanguage\":\"es\",\"potentialAction\":[{\"@type\":\"ReadAction\",\"target\":[\"https:\\\/\\\/tecscience.tec.mx\\\/es\\\/salud\\\/desarrollo-del-cerebro-en-la-primera-infancia\\\/\"]}]},{\"@type\":\"ImageObject\",\"inLanguage\":\"es\",\"@id\":\"https:\\\/\\\/tecscience.tec.mx\\\/es\\\/salud\\\/desarrollo-del-cerebro-en-la-primera-infancia\\\/#primaryimage\",\"url\":\"https:\\\/\\\/tecscience.tec.mx\\\/es\\\/wp-content\\\/uploads\\\/sites\\\/8\\\/2023\\\/11\\\/desarrollo-del-cerebro-en-la-primera-infancia-2.jpg\",\"contentUrl\":\"https:\\\/\\\/tecscience.tec.mx\\\/es\\\/wp-content\\\/uploads\\\/sites\\\/8\\\/2023\\\/11\\\/desarrollo-del-cerebro-en-la-primera-infancia-2.jpg\",\"width\":750,\"height\":500,\"caption\":\"Raquel Bernal, rectora de la Universidad de los Andes en Colombia, ha dedicado su investigaci\u00f3n a la econom\u00eda social y los determinantes del capital humano, sobre todo durante la primera infancia. (Foto: Amirhossein Hosseini \\\/ TecScience)\"},{\"@type\":\"BreadcrumbList\",\"@id\":\"https:\\\/\\\/tecscience.tec.mx\\\/es\\\/salud\\\/desarrollo-del-cerebro-en-la-primera-infancia\\\/#breadcrumb\",\"itemListElement\":[{\"@type\":\"ListItem\",\"position\":1,\"name\":\"Home\",\"item\":\"https:\\\/\\\/tecscience.tec.mx\\\/es\\\/\"},{\"@type\":\"ListItem\",\"position\":2,\"name\":\"Un &#8216;big bang&#8217; neuronal ocurre durante nuestros primeros a\u00f1os de vida\"}]},{\"@type\":\"WebSite\",\"@id\":\"https:\\\/\\\/tecscience.tec.mx\\\/es\\\/#website\",\"url\":\"https:\\\/\\\/tecscience.tec.mx\\\/es\\\/\",\"name\":\"TecScience\",\"description\":\"Bilingual platform in charge of communicating advances in research, science and innovation at Tec\",\"publisher\":{\"@id\":\"https:\\\/\\\/tecscience.tec.mx\\\/es\\\/#organization\"},\"potentialAction\":[{\"@type\":\"SearchAction\",\"target\":{\"@type\":\"EntryPoint\",\"urlTemplate\":\"https:\\\/\\\/tecscience.tec.mx\\\/es\\\/?s={search_term_string}\"},\"query-input\":{\"@type\":\"PropertyValueSpecification\",\"valueRequired\":true,\"valueName\":\"search_term_string\"}}],\"inLanguage\":\"es\"},{\"@type\":\"Organization\",\"@id\":\"https:\\\/\\\/tecscience.tec.mx\\\/es\\\/#organization\",\"name\":\"TecScience\",\"url\":\"https:\\\/\\\/tecscience.tec.mx\\\/es\\\/\",\"logo\":{\"@type\":\"ImageObject\",\"inLanguage\":\"es\",\"@id\":\"https:\\\/\\\/tecscience.tec.mx\\\/es\\\/#\\\/schema\\\/logo\\\/image\\\/\",\"url\":\"https:\\\/\\\/tecscience.tec.mx\\\/es\\\/wp-content\\\/uploads\\\/sites\\\/8\\\/2022\\\/11\\\/logo-negro-tecscience.svg\",\"contentUrl\":\"https:\\\/\\\/tecscience.tec.mx\\\/es\\\/wp-content\\\/uploads\\\/sites\\\/8\\\/2022\\\/11\\\/logo-negro-tecscience.svg\",\"width\":250,\"height\":38,\"caption\":\"TecScience\"},\"image\":{\"@id\":\"https:\\\/\\\/tecscience.tec.mx\\\/es\\\/#\\\/schema\\\/logo\\\/image\\\/\"},\"sameAs\":[\"https:\\\/\\\/www.facebook.com\\\/TecScienceWeb\",\"https:\\\/\\\/x.com\\\/TecScience_\",\"https:\\\/\\\/www.linkedin.com\\\/company\\\/tec-science\\\/\",\"https:\\\/\\\/www.instagram.com\\\/tecscienceweb\\\/\"],\"publishingPrinciples\":\"https:\\\/\\\/tecscience.tec.mx\\\/es\\\/guia-de-publicacion-para-articulos-de-divulgacion\\\/\",\"correctionsPolicy\":\"https:\\\/\\\/tecscience.tec.mx\\\/es\\\/equipo-editorial-tecscience\\\/\"},{\"@type\":\"Person\",\"@id\":\"https:\\\/\\\/tecscience.tec.mx\\\/es\\\/#\\\/schema\\\/person\\\/583b844aa08f220546393f853170003f\",\"name\":\"Asael Villanueva\",\"image\":{\"@type\":\"ImageObject\",\"inLanguage\":\"es\",\"@id\":\"https:\\\/\\\/secure.gravatar.com\\\/avatar\\\/772990cddc7ff52558eb45682dbec4efb93f213a087063c52d8db21aed3e6b85?s=96&d=mm&r=g\",\"url\":\"https:\\\/\\\/secure.gravatar.com\\\/avatar\\\/772990cddc7ff52558eb45682dbec4efb93f213a087063c52d8db21aed3e6b85?s=96&d=mm&r=g\",\"contentUrl\":\"https:\\\/\\\/secure.gravatar.com\\\/avatar\\\/772990cddc7ff52558eb45682dbec4efb93f213a087063c52d8db21aed3e6b85?s=96&d=mm&r=g\",\"caption\":\"Asael Villanueva\"},\"description\":\"Periodista de ciencia y creador de contenido. Trabaj\u00e9 en CONECTA, el sitio de noticias del Tec de Monterrey. Egresado de la Licenciatura en Comunicaci\u00f3n de la Universidad Aut\u00f3noma de Coahuila, mi trabajo ha sido publicado en medios digitales de M\u00e9xico y en algunos lugares del extranjero. Creo en el poder de las historias y su impacto en el mundo, inspirando y ayudando a creer que el futuro puede ser mejor.\",\"url\":\"https:\\\/\\\/tecscience.tec.mx\\\/es\\\/author\\\/avillanueva\\\/\"}]}<\/script>\n<!-- \/ Yoast SEO Premium plugin. -->","yoast_head_json":{"title":"El desarrollo del cerebro en la primera infancia | TecScience","description":"Los primeros cinco a\u00f1os son cruciales para una persona. Durante este tiempo, se desarrolla 80% de la capacidad cognitiva.","robots":{"index":"index","follow":"follow","max-snippet":"max-snippet:-1","max-image-preview":"max-image-preview:large","max-video-preview":"max-video-preview:-1"},"canonical":"https:\/\/tecscience.tec.mx\/es\/salud\/desarrollo-del-cerebro-en-la-primera-infancia\/","og_locale":"es_ES","og_type":"article","og_title":"Un 'big bang' neuronal ocurre durante nuestros primeros a\u00f1os de vida","og_description":"Los primeros cinco a\u00f1os son cruciales para una persona. Durante este tiempo, se desarrolla 80% de la capacidad cognitiva.","og_url":"https:\/\/tecscience.tec.mx\/es\/salud\/desarrollo-del-cerebro-en-la-primera-infancia\/","og_site_name":"TecScience","article_publisher":"https:\/\/www.facebook.com\/TecScienceWeb","article_published_time":"2023-11-29T18:24:30+00:00","article_modified_time":"2024-12-10T02:35:29+00:00","og_image":[{"width":750,"height":500,"url":"https:\/\/tecscience.tec.mx\/es\/wp-content\/uploads\/sites\/8\/2023\/11\/desarrollo-del-cerebro-en-la-primera-infancia-2.jpg","type":"image\/jpeg"}],"author":"Asael Villanueva","twitter_card":"summary_large_image","twitter_creator":"@TecScience_","twitter_site":"@TecScience_","twitter_misc":{"Escrito por":"Asael Villanueva","Tiempo de lectura":"4 minutos"},"schema":{"@context":"https:\/\/schema.org","@graph":[{"@type":"Article","@id":"https:\/\/tecscience.tec.mx\/es\/salud\/desarrollo-del-cerebro-en-la-primera-infancia\/#article","isPartOf":{"@id":"https:\/\/tecscience.tec.mx\/es\/salud\/desarrollo-del-cerebro-en-la-primera-infancia\/"},"author":{"name":"Asael Villanueva","@id":"https:\/\/tecscience.tec.mx\/es\/#\/schema\/person\/583b844aa08f220546393f853170003f"},"headline":"Un &#8216;big bang&#8217; neuronal ocurre durante nuestros primeros a\u00f1os de vida","datePublished":"2023-11-29T18:24:30+00:00","dateModified":"2024-12-10T02:35:29+00:00","mainEntityOfPage":{"@id":"https:\/\/tecscience.tec.mx\/es\/salud\/desarrollo-del-cerebro-en-la-primera-infancia\/"},"wordCount":787,"publisher":{"@id":"https:\/\/tecscience.tec.mx\/es\/#organization"},"image":{"@id":"https:\/\/tecscience.tec.mx\/es\/salud\/desarrollo-del-cerebro-en-la-primera-infancia\/#primaryimage"},"thumbnailUrl":"https:\/\/tecscience.tec.mx\/es\/wp-content\/uploads\/sites\/8\/2023\/11\/desarrollo-del-cerebro-en-la-primera-infancia-2.jpg","keywords":["Centro de Primera Infancia","Foro Internacional de Primera Infancia","Salud"],"articleSection":["Salud"],"inLanguage":"es"},{"@type":"WebPage","@id":"https:\/\/tecscience.tec.mx\/es\/salud\/desarrollo-del-cerebro-en-la-primera-infancia\/","url":"https:\/\/tecscience.tec.mx\/es\/salud\/desarrollo-del-cerebro-en-la-primera-infancia\/","name":"El desarrollo del cerebro en la primera infancia | TecScience","isPartOf":{"@id":"https:\/\/tecscience.tec.mx\/es\/#website"},"primaryImageOfPage":{"@id":"https:\/\/tecscience.tec.mx\/es\/salud\/desarrollo-del-cerebro-en-la-primera-infancia\/#primaryimage"},"image":{"@id":"https:\/\/tecscience.tec.mx\/es\/salud\/desarrollo-del-cerebro-en-la-primera-infancia\/#primaryimage"},"thumbnailUrl":"https:\/\/tecscience.tec.mx\/es\/wp-content\/uploads\/sites\/8\/2023\/11\/desarrollo-del-cerebro-en-la-primera-infancia-2.jpg","datePublished":"2023-11-29T18:24:30+00:00","dateModified":"2024-12-10T02:35:29+00:00","description":"Los primeros cinco a\u00f1os son cruciales para una persona. Durante este tiempo, se desarrolla 80% de la capacidad cognitiva.","breadcrumb":{"@id":"https:\/\/tecscience.tec.mx\/es\/salud\/desarrollo-del-cerebro-en-la-primera-infancia\/#breadcrumb"},"inLanguage":"es","potentialAction":[{"@type":"ReadAction","target":["https:\/\/tecscience.tec.mx\/es\/salud\/desarrollo-del-cerebro-en-la-primera-infancia\/"]}]},{"@type":"ImageObject","inLanguage":"es","@id":"https:\/\/tecscience.tec.mx\/es\/salud\/desarrollo-del-cerebro-en-la-primera-infancia\/#primaryimage","url":"https:\/\/tecscience.tec.mx\/es\/wp-content\/uploads\/sites\/8\/2023\/11\/desarrollo-del-cerebro-en-la-primera-infancia-2.jpg","contentUrl":"https:\/\/tecscience.tec.mx\/es\/wp-content\/uploads\/sites\/8\/2023\/11\/desarrollo-del-cerebro-en-la-primera-infancia-2.jpg","width":750,"height":500,"caption":"Raquel Bernal, rectora de la Universidad de los Andes en Colombia, ha dedicado su investigaci\u00f3n a la econom\u00eda social y los determinantes del capital humano, sobre todo durante la primera infancia. (Foto: Amirhossein Hosseini \/ TecScience)"},{"@type":"BreadcrumbList","@id":"https:\/\/tecscience.tec.mx\/es\/salud\/desarrollo-del-cerebro-en-la-primera-infancia\/#breadcrumb","itemListElement":[{"@type":"ListItem","position":1,"name":"Home","item":"https:\/\/tecscience.tec.mx\/es\/"},{"@type":"ListItem","position":2,"name":"Un &#8216;big bang&#8217; neuronal ocurre durante nuestros primeros a\u00f1os de vida"}]},{"@type":"WebSite","@id":"https:\/\/tecscience.tec.mx\/es\/#website","url":"https:\/\/tecscience.tec.mx\/es\/","name":"TecScience","description":"Bilingual platform in charge of communicating advances in research, science and innovation at Tec","publisher":{"@id":"https:\/\/tecscience.tec.mx\/es\/#organization"},"potentialAction":[{"@type":"SearchAction","target":{"@type":"EntryPoint","urlTemplate":"https:\/\/tecscience.tec.mx\/es\/?s={search_term_string}"},"query-input":{"@type":"PropertyValueSpecification","valueRequired":true,"valueName":"search_term_string"}}],"inLanguage":"es"},{"@type":"Organization","@id":"https:\/\/tecscience.tec.mx\/es\/#organization","name":"TecScience","url":"https:\/\/tecscience.tec.mx\/es\/","logo":{"@type":"ImageObject","inLanguage":"es","@id":"https:\/\/tecscience.tec.mx\/es\/#\/schema\/logo\/image\/","url":"https:\/\/tecscience.tec.mx\/es\/wp-content\/uploads\/sites\/8\/2022\/11\/logo-negro-tecscience.svg","contentUrl":"https:\/\/tecscience.tec.mx\/es\/wp-content\/uploads\/sites\/8\/2022\/11\/logo-negro-tecscience.svg","width":250,"height":38,"caption":"TecScience"},"image":{"@id":"https:\/\/tecscience.tec.mx\/es\/#\/schema\/logo\/image\/"},"sameAs":["https:\/\/www.facebook.com\/TecScienceWeb","https:\/\/x.com\/TecScience_","https:\/\/www.linkedin.com\/company\/tec-science\/","https:\/\/www.instagram.com\/tecscienceweb\/"],"publishingPrinciples":"https:\/\/tecscience.tec.mx\/es\/guia-de-publicacion-para-articulos-de-divulgacion\/","correctionsPolicy":"https:\/\/tecscience.tec.mx\/es\/equipo-editorial-tecscience\/"},{"@type":"Person","@id":"https:\/\/tecscience.tec.mx\/es\/#\/schema\/person\/583b844aa08f220546393f853170003f","name":"Asael Villanueva","image":{"@type":"ImageObject","inLanguage":"es","@id":"https:\/\/secure.gravatar.com\/avatar\/772990cddc7ff52558eb45682dbec4efb93f213a087063c52d8db21aed3e6b85?s=96&d=mm&r=g","url":"https:\/\/secure.gravatar.com\/avatar\/772990cddc7ff52558eb45682dbec4efb93f213a087063c52d8db21aed3e6b85?s=96&d=mm&r=g","contentUrl":"https:\/\/secure.gravatar.com\/avatar\/772990cddc7ff52558eb45682dbec4efb93f213a087063c52d8db21aed3e6b85?s=96&d=mm&r=g","caption":"Asael Villanueva"},"description":"Periodista de ciencia y creador de contenido. Trabaj\u00e9 en CONECTA, el sitio de noticias del Tec de Monterrey. Egresado de la Licenciatura en Comunicaci\u00f3n de la Universidad Aut\u00f3noma de Coahuila, mi trabajo ha sido publicado en medios digitales de M\u00e9xico y en algunos lugares del extranjero. Creo en el poder de las historias y su impacto en el mundo, inspirando y ayudando a creer que el futuro puede ser mejor.","url":"https:\/\/tecscience.tec.mx\/es\/author\/avillanueva\/"}]}},"_links":{"self":[{"href":"https:\/\/tecscience.tec.mx\/es\/wp-json\/wp\/v2\/posts\/159343","targetHints":{"allow":["GET"]}}],"collection":[{"href":"https:\/\/tecscience.tec.mx\/es\/wp-json\/wp\/v2\/posts"}],"about":[{"href":"https:\/\/tecscience.tec.mx\/es\/wp-json\/wp\/v2\/types\/post"}],"author":[{"embeddable":true,"href":"https:\/\/tecscience.tec.mx\/es\/wp-json\/wp\/v2\/users\/13"}],"replies":[{"embeddable":true,"href":"https:\/\/tecscience.tec.mx\/es\/wp-json\/wp\/v2\/comments?post=159343"}],"version-history":[{"count":0,"href":"https:\/\/tecscience.tec.mx\/es\/wp-json\/wp\/v2\/posts\/159343\/revisions"}],"wp:featuredmedia":[{"embeddable":true,"href":"https:\/\/tecscience.tec.mx\/es\/wp-json\/wp\/v2\/media\/159375"}],"wp:attachment":[{"href":"https:\/\/tecscience.tec.mx\/es\/wp-json\/wp\/v2\/media?parent=159343"}],"wp:term":[{"taxonomy":"category","embeddable":true,"href":"https:\/\/tecscience.tec.mx\/es\/wp-json\/wp\/v2\/categories?post=159343"},{"taxonomy":"post_tag","embeddable":true,"href":"https:\/\/tecscience.tec.mx\/es\/wp-json\/wp\/v2\/tags?post=159343"}],"curies":[{"name":"wp","href":"https:\/\/api.w.org\/{rel}","templated":true}]}}