{"id":159573,"date":"2023-12-22T18:47:50","date_gmt":"2023-12-22T18:47:50","guid":{"rendered":"https:\/\/tecscience.tec.mx\/es\/?p=159573"},"modified":"2024-12-09T13:11:57","modified_gmt":"2024-12-09T19:11:57","slug":"enfermedades-cronicas-en-america-latina","status":"publish","type":"post","link":"https:\/\/tecscience.tec.mx\/es\/biotecnologia\/enfermedades-cronicas-en-america-latina\/","title":{"rendered":"\u00bfC\u00f3mo amenazan las enfermedades cr\u00f3nicas a Am\u00e9rica Latina?"},"content":{"rendered":"\n<p>En Am\u00e9rica Latina y el Caribe, las enfermedades cr\u00f3nicas, como los padecimientos cardiovasculares, el c\u00e1ncer y la diabetes, <a href=\"https:\/\/www.paho.org\/es\/temas\/enfermedades-no-transmisibles\" target=\"_blank\" rel=\"noreferrer noopener\">son la principal causa de muerte y discapacidad<\/a>. Uno de cada 10 adultos padece diabetes y ocho de cada 10 muertes son atribuibles a estos padecimientos.<\/p>\n\n\n\n<p>Estas son enfermedades que tienen una duraci\u00f3n prolongada y progresan de forma lenta. En general, aparecen en edades avanzadas y no tienen cura, solo se pueden controlar. <\/p>\n\n\n\n<p>Por su impacto en las sociedades humanas, <a href=\"https:\/\/www.accdis.cl\/dr-sergio-lavandero\/\" target=\"_blank\" rel=\"noreferrer noopener\">Sergio Lavandero<\/a>, director del <a href=\"https:\/\/www.accdis.cl\/\" target=\"_blank\" rel=\"noreferrer noopener\">Advanced Center for Chronic Diseases<\/a> (ACCDiS, por sus siglas en ingl\u00e9s), ha hecho su misi\u00f3n estudiar las bases moleculares y celulares que subyacen a las principales enfermedades cardiovasculares, como la diabetes, la hipertensi\u00f3n, el infarto de miocardio y la insuficiencia cardiaca.<\/p>\n\n\n<blockquote class=\"twitter-tweet\">\n<p lang=\"es\" dir=\"ltr\"><a href=\"https:\/\/twitter.com\/hashtag\/UTalcaTV?src=hash&amp;ref_src=twsrc%5Etfw\">#UTalcaTV<\/a> \ud83d\udcfaEnfermedades cr\u00f3nicas no transmisibles en <a href=\"https:\/\/twitter.com\/hashtag\/Chile?src=hash&amp;ref_src=twsrc%5Etfw\">#Chile<\/a> \ud83d\udc49Premio Nacional de Ciencias Naturales, <a href=\"https:\/\/twitter.com\/sergiolavandero?ref_src=twsrc%5Etfw\">@sergiolavandero<\/a> dijo que patolog\u00edas han aumentado y afectan tambi\u00e9n a los j\u00f3venes. Particip\u00f3 en aniversario de <a href=\"https:\/\/twitter.com\/hashtag\/CsSaludUTalca?src=hash&amp;ref_src=twsrc%5Etfw\">#CsSaludUTalca<\/a> \u2728 <a href=\"https:\/\/twitter.com\/hashtag\/28A%C3%B1osFCSUTalca?src=hash&amp;ref_src=twsrc%5Etfw\">#28A\u00f1osFCSUTalca<\/a><a href=\"https:\/\/t.co\/5SF1BtECd4\">https:\/\/t.co\/5SF1BtECd4<\/a><\/p>\n<p>&mdash; Ciencias de la Salud UTalca (@CsSaludUTalca) <a href=\"https:\/\/twitter.com\/CsSaludUTalca\/status\/1729194625238237243?ref_src=twsrc%5Etfw\">November 27, 2023<\/a><\/p><\/blockquote>\n\n\n\n<p>\u201cSon la primera causa de mortalidad en mi pa\u00eds y el mundo, y tienen la caracter\u00edstica de ser incurables, as\u00ed que la \u00fanica manera de hacer algo ahora es apelar a la prevenci\u00f3n\u201d, dice en entrevista con <em><strong>TecScience<\/strong>.<\/em><\/p>\n\n\n\n<p>Lavandero es ganador del Premio Nacional de Ciencias Naturales 2022 en Chile, as\u00ed como profesor investigador en la Facultad de Ciencias Qu\u00edmicas y Farmac\u00e9uticas de la Facultad de Medicina, Universidad de Chile.<\/p>\n\n\n\n<p>En ACCDiS, fundado por la Universidad de Chile y la Pontificia Universidad Cat\u00f3lica de Chile, \u00e9l y un grupo de investigadores se dedican a estudiar distintos aspectos de las enfermedades cr\u00f3nicas, para avanzar el conocimiento sobre ellas en Am\u00e9rica Latina.<\/p>\n\n\n\n<p>En nuestra entrevista, Lavandero explica cu\u00e1les son los avances m\u00e1s recientes de su grupo en relaci\u00f3n con estas enfermedades y c\u00f3mo ser\u00e1 el convenio de colaboraci\u00f3n que firmaron recientemente con el <a href=\"https:\/\/tecscience.tec.mx\/es\/tag\/institute-for-obesity-research\/\" target=\"_blank\" rel=\"noreferrer noopener\">Institute for Obesity Research<\/a> (IOR) del Tec de Monterrey.<\/p>\n\n\n\n<p>\u201cEl \u00e9nfasis que tienen [en el IOR] de buscar la aplicabilidad del conocimiento es algo que compartimos y nos entusiasma\u201d, dice.<\/p>\n\n\n<p><!--HubSpot Call-to-Action Code --><span class=\"hs-cta-wrapper\" id=\"hs-cta-wrapper-2c58ad21-0b81-4245-a63c-00792bd02bdf\"><span class=\"hs-cta-node hs-cta-2c58ad21-0b81-4245-a63c-00792bd02bdf\" id=\"hs-cta-2c58ad21-0b81-4245-a63c-00792bd02bdf\">&lt;!&#8211;[if lte IE 8]&gt;<\/p>\n<div id=\"hs-cta-ie-element\"><\/div>\n<p>&lt;![endif]&#8211;&gt;<a href=\"https:\/\/cta-redirect.hubspot.com\/cta\/redirect\/5092991\/2c58ad21-0b81-4245-a63c-00792bd02bdf\" target=\"_blank\" rel=\"noopener\"><picture>\r\n                <source srcset=\"https:\/\/no-cache.hubspot.com\/cta\/default\/5092991\/2c58ad21-0b81-4245-a63c-00792bd02bdf.webp\" type=\"image\/webp\">\r\n                <img decoding=\"async\" class=\"hs-cta-img\" id=\"hs-cta-img-2c58ad21-0b81-4245-a63c-00792bd02bdf\" style=\"border-width:0px\" src=\"https:\/\/no-cache.hubspot.com\/cta\/default\/5092991\/2c58ad21-0b81-4245-a63c-00792bd02bdf.png\" alt=\"IOR banner\" \/>\r\n            <\/picture><\/a><\/span> hbspt.cta.load(5092991, &#8216;2c58ad21-0b81-4245-a63c-00792bd02bdf&#8217;, {\u00abuseNewLoader\u00bb:\u00bbtrue\u00bb,\u00bbregion\u00bb:\u00bbna1&#8243;}); <\/span><!-- end HubSpot Call-to-Action Code --><\/p>\n\n\n\n<h2 class=\"wp-block-heading\" id=\"h-las-enfermedades-cronicas-principal-causa-de-muerte-en-america-latina\"><strong>Las enfermedades cr\u00f3nicas: principal causa de muerte en Am\u00e9rica Latina<\/strong><\/h2>\n\n\n\n<p><em><strong>\u00bfQu\u00e9 nos hace falta entender sobre las enfermedades cr\u00f3nicas para poder enfrentarlas mejor?<\/strong><\/em><br><br>Las enfermedades cr\u00f3nicas son incurables hasta ahora, lo cual quiere decir que no sabemos exactamente c\u00f3mo se desarrollan. Mientras desciframos los mecanismos moleculares y celulares por los cuales se desarrollan, lo mejor que podemos hacer es apostar por la prevenci\u00f3n, impulsando h\u00e1bitos saludables en la poblaci\u00f3n como no fumar, llevar una dieta saludable, hacer ejercicio y dormir adecuadamente.<\/p>\n\n\n\n<p>Por eso, en Am\u00e9rica Latina es tan importante apoyar el desarrollo de pol\u00edticas p\u00fablicas con datos duros para informar a las autoridades de salud, a las escuelas sobre estas recomendaciones.<\/p>\n\n\n\n<p><em><strong>\u00bfQu\u00e9 hace falta en Am\u00e9rica Latina para reducir el impacto de estas enfermedades?<\/strong><\/em><\/p>\n\n\n\n<p>En nuestro pa\u00eds como el de ustedes necesitamos que haya inversi\u00f3n, tanto p\u00fablica, como privada, en ciencia, tecnolog\u00eda e innovaci\u00f3n.<\/p>\n\n\n\n<p>Eso es clave porque necesitamos desarrollar capacidades locales de respuesta ante estas enfermedades que sean independientes de lo que se hace en el extranjero.<\/p>\n\n\n\n<h2 class=\"wp-block-heading\" id=\"h-un-convenio-entre-accdis-y-el-ior\"><strong>Un convenio entre ACCDiS y el IOR<\/strong><\/h2>\n\n\n\n<p><em><strong>\u00bfCu\u00e1les son algunos de los avances m\u00e1s recientes que han hecho sobre los mecanismos moleculares detr\u00e1s de las enfermedades cr\u00f3nicas?<\/strong><\/em><\/p>\n\n\n\n<p>Las enfermedades cardiovasculares, como la diabetes, la hipertensi\u00f3n, el infarto, la arritmia, todas terminan en lo que llamamos la fase final, con una insuficiencia card\u00edaca. Hasta hace poco, esa insuficiencia la hab\u00edamos caracterizado como el resultado de una debilidad de nuestro coraz\u00f3n al expulsar la sangre, conocida como disfunci\u00f3n contr\u00e1ctil.&nbsp;<\/p>\n\n\n\n<p>Sin embargo, hoy en d\u00eda lo que hemos encontrado en pacientes que acumulan diferentes enfermedades, como obesidad, diabetes, hipertensi\u00f3n, es una forma de insuficiencia cardiaca en la que la dificultad fundamental que tiene el coraz\u00f3n es de relajarse. Para eso, hasta hace pocos a\u00f1os no exist\u00eda un modelo experimental animal que imitara fielmente lo que ocurr\u00eda en nuestros pacientes. En un trabajo colaborativo entre mi grupo y el departamento de Cardiolog\u00eda en la Universidad de Texas, Western Medical Center en Dallas, desarrollamos por primera vez ese modelo y describimos un mecanismo que podr\u00eda empezar a explicar el da\u00f1o que ocurre.<\/p>\n\n\n\n<p>A la par, tambi\u00e9n estamos tratando de descubrir nuevos blancos moleculares que permitan el desarrollo de f\u00e1rmacos para prevenir esta insuficiencia cardiaca.<br><br><em><strong>\u00bfCu\u00e1les son algunos de los hallazgos m\u00e1s importantes de ACCDiS?<\/strong><\/em><br><br>Hemos sido muy conocidos por descubrir una mol\u00e9cula, la angiotensina II, que tiene un rol en la regulaci\u00f3n de la funci\u00f3n cardiovascular y renal. A partir de este descubrimiento hemos desarrollado lo que llamamos p\u00e9ptidos mim\u00e9ticos tienen una acci\u00f3n cardioprotectora.<br><br><em><strong>\u00bfEn qu\u00e9 consiste el convenio entre el ACCDiS y el IOR?<\/strong><\/em><br><br>Tanto nosotros como centro, como el Tec de Monterrey, estamos interesados en prevenir las enfermedades cr\u00f3nicas no transmisibles que son tan comunes en nuestros pa\u00edses. Por lo tanto,&nbsp; queremos intercambiar conocimiento, experiencias, hacer investigaciones conjuntas, intercambio de estudiantes y de investigadores.Estamos muy contentos de haberlo firmado porque las proyecciones se ven interesantes y espero que sea el inicio de una gran colaboraci\u00f3n a largo plazo.<\/p>\n\n\n\n<p>Me gusta que tambi\u00e9n tienen el concepto de buscar la aplicabilidad, no solamente investigaci\u00f3n b\u00e1sica, sino la posibilidad de que esa informaci\u00f3n sea traspasada a la sociedad.<\/p>\n","protected":false},"excerpt":{"rendered":"<p>Sergio Lavandero, director del Advanced Center for Chronic Diseases, advierte que se necesita m\u00e1s inversi\u00f3n en ciencia para enfrentar el problema.<\/p>\n","protected":false},"author":12,"featured_media":159592,"comment_status":"closed","ping_status":"closed","sticky":false,"template":"","format":"standard","meta":{"_acf_changed":false,"_eb_attr":"","footnotes":""},"categories":[97],"tags":[160],"class_list":["post-159573","post","type-post","status-publish","format-standard","has-post-thumbnail","hentry","category-biotecnologia","tag-institute-for-obesity-research"],"acf":[],"yoast_head":"<!-- This site is optimized with the Yoast SEO Premium plugin v21.0 (Yoast SEO v27.4) - https:\/\/yoast.com\/product\/yoast-seo-premium-wordpress\/ -->\n<title>\u00bfC\u00f3mo amenazan las enfermedades cr\u00f3nicas a Am\u00e9rica Latina? | TecScience<\/title>\n<meta name=\"description\" content=\"Sergio Lavandero, director del Advanced Center for Chronic Diseases, advierte que se necesita m\u00e1s inversi\u00f3n en ciencia para enfrentar el problema.\" \/>\n<meta name=\"robots\" content=\"index, follow, max-snippet:-1, max-image-preview:large, max-video-preview:-1\" \/>\n<link rel=\"canonical\" href=\"https:\/\/tecscience.tec.mx\/es\/biotecnologia\/enfermedades-cronicas-en-america-latina\/\" \/>\n<meta property=\"og:locale\" content=\"es_ES\" \/>\n<meta property=\"og:type\" content=\"article\" \/>\n<meta property=\"og:title\" content=\"\u00bfC\u00f3mo amenazan las enfermedades cr\u00f3nicas a Am\u00e9rica Latina?\" \/>\n<meta property=\"og:description\" content=\"Sergio Lavandero, director del Advanced Center for Chronic Diseases, advierte que se necesita m\u00e1s inversi\u00f3n en ciencia para enfrentar el problema.\" \/>\n<meta property=\"og:url\" content=\"https:\/\/tecscience.tec.mx\/es\/biotecnologia\/enfermedades-cronicas-en-america-latina\/\" \/>\n<meta property=\"og:site_name\" content=\"TecScience\" \/>\n<meta property=\"article:publisher\" content=\"https:\/\/www.facebook.com\/TecScienceWeb\" \/>\n<meta property=\"article:published_time\" content=\"2023-12-22T18:47:50+00:00\" \/>\n<meta property=\"article:modified_time\" content=\"2024-12-09T19:11:57+00:00\" \/>\n<meta property=\"og:image\" content=\"https:\/\/tecscience.tec.mx\/es\/wp-content\/uploads\/sites\/8\/2023\/12\/inv1.jpg\" \/>\n\t<meta property=\"og:image:width\" content=\"750\" \/>\n\t<meta property=\"og:image:height\" content=\"500\" \/>\n\t<meta property=\"og:image:type\" content=\"image\/jpeg\" \/>\n<meta name=\"author\" content=\"In\u00e9s Guti\u00e9rrez Jaber\" \/>\n<meta name=\"twitter:card\" content=\"summary_large_image\" \/>\n<meta name=\"twitter:creator\" content=\"@TecScience_\" \/>\n<meta name=\"twitter:site\" content=\"@TecScience_\" \/>\n<meta name=\"twitter:label1\" content=\"Escrito por\" \/>\n\t<meta name=\"twitter:data1\" content=\"In\u00e9s Guti\u00e9rrez Jaber\" \/>\n\t<meta name=\"twitter:label2\" content=\"Tiempo de lectura\" \/>\n\t<meta name=\"twitter:data2\" content=\"1 minuto\" \/>\n<script type=\"application\/ld+json\" class=\"yoast-schema-graph\">{\"@context\":\"https:\\\/\\\/schema.org\",\"@graph\":[{\"@type\":\"Article\",\"@id\":\"https:\\\/\\\/tecscience.tec.mx\\\/es\\\/biotecnologia\\\/enfermedades-cronicas-en-america-latina\\\/#article\",\"isPartOf\":{\"@id\":\"https:\\\/\\\/tecscience.tec.mx\\\/es\\\/biotecnologia\\\/enfermedades-cronicas-en-america-latina\\\/\"},\"author\":{\"name\":\"In\u00e9s Guti\u00e9rrez Jaber\",\"@id\":\"https:\\\/\\\/tecscience.tec.mx\\\/es\\\/#\\\/schema\\\/person\\\/72a3b50d0dbd7d1124452069e14a2db9\"},\"headline\":\"\u00bfC\u00f3mo amenazan las enfermedades cr\u00f3nicas a Am\u00e9rica Latina?\",\"datePublished\":\"2023-12-22T18:47:50+00:00\",\"dateModified\":\"2024-12-09T19:11:57+00:00\",\"mainEntityOfPage\":{\"@id\":\"https:\\\/\\\/tecscience.tec.mx\\\/es\\\/biotecnologia\\\/enfermedades-cronicas-en-america-latina\\\/\"},\"wordCount\":972,\"publisher\":{\"@id\":\"https:\\\/\\\/tecscience.tec.mx\\\/es\\\/#organization\"},\"image\":{\"@id\":\"https:\\\/\\\/tecscience.tec.mx\\\/es\\\/biotecnologia\\\/enfermedades-cronicas-en-america-latina\\\/#primaryimage\"},\"thumbnailUrl\":\"https:\\\/\\\/tecscience.tec.mx\\\/es\\\/wp-content\\\/uploads\\\/sites\\\/8\\\/2023\\\/12\\\/inv1.jpg\",\"keywords\":[\"Institute for Obesity Research\"],\"articleSection\":[\"Biotecnolog\u00eda\"],\"inLanguage\":\"es\"},{\"@type\":\"WebPage\",\"@id\":\"https:\\\/\\\/tecscience.tec.mx\\\/es\\\/biotecnologia\\\/enfermedades-cronicas-en-america-latina\\\/\",\"url\":\"https:\\\/\\\/tecscience.tec.mx\\\/es\\\/biotecnologia\\\/enfermedades-cronicas-en-america-latina\\\/\",\"name\":\"\u00bfC\u00f3mo amenazan las enfermedades cr\u00f3nicas a Am\u00e9rica Latina? | TecScience\",\"isPartOf\":{\"@id\":\"https:\\\/\\\/tecscience.tec.mx\\\/es\\\/#website\"},\"primaryImageOfPage\":{\"@id\":\"https:\\\/\\\/tecscience.tec.mx\\\/es\\\/biotecnologia\\\/enfermedades-cronicas-en-america-latina\\\/#primaryimage\"},\"image\":{\"@id\":\"https:\\\/\\\/tecscience.tec.mx\\\/es\\\/biotecnologia\\\/enfermedades-cronicas-en-america-latina\\\/#primaryimage\"},\"thumbnailUrl\":\"https:\\\/\\\/tecscience.tec.mx\\\/es\\\/wp-content\\\/uploads\\\/sites\\\/8\\\/2023\\\/12\\\/inv1.jpg\",\"datePublished\":\"2023-12-22T18:47:50+00:00\",\"dateModified\":\"2024-12-09T19:11:57+00:00\",\"description\":\"Sergio Lavandero, director del Advanced Center for Chronic Diseases, advierte que se necesita m\u00e1s inversi\u00f3n en ciencia para enfrentar el problema.\",\"breadcrumb\":{\"@id\":\"https:\\\/\\\/tecscience.tec.mx\\\/es\\\/biotecnologia\\\/enfermedades-cronicas-en-america-latina\\\/#breadcrumb\"},\"inLanguage\":\"es\",\"potentialAction\":[{\"@type\":\"ReadAction\",\"target\":[\"https:\\\/\\\/tecscience.tec.mx\\\/es\\\/biotecnologia\\\/enfermedades-cronicas-en-america-latina\\\/\"]}]},{\"@type\":\"ImageObject\",\"inLanguage\":\"es\",\"@id\":\"https:\\\/\\\/tecscience.tec.mx\\\/es\\\/biotecnologia\\\/enfermedades-cronicas-en-america-latina\\\/#primaryimage\",\"url\":\"https:\\\/\\\/tecscience.tec.mx\\\/es\\\/wp-content\\\/uploads\\\/sites\\\/8\\\/2023\\\/12\\\/inv1.jpg\",\"contentUrl\":\"https:\\\/\\\/tecscience.tec.mx\\\/es\\\/wp-content\\\/uploads\\\/sites\\\/8\\\/2023\\\/12\\\/inv1.jpg\",\"width\":750,\"height\":500,\"caption\":\"El Centro firm\u00f3 un convenio de colaboraci\u00f3n con el Institute for Obesity Research (IOR) del Tec de Monterrey.(Foto: Getty Images)\"},{\"@type\":\"BreadcrumbList\",\"@id\":\"https:\\\/\\\/tecscience.tec.mx\\\/es\\\/biotecnologia\\\/enfermedades-cronicas-en-america-latina\\\/#breadcrumb\",\"itemListElement\":[{\"@type\":\"ListItem\",\"position\":1,\"name\":\"Home\",\"item\":\"https:\\\/\\\/tecscience.tec.mx\\\/es\\\/\"},{\"@type\":\"ListItem\",\"position\":2,\"name\":\"\u00bfC\u00f3mo amenazan las enfermedades cr\u00f3nicas a Am\u00e9rica Latina?\"}]},{\"@type\":\"WebSite\",\"@id\":\"https:\\\/\\\/tecscience.tec.mx\\\/es\\\/#website\",\"url\":\"https:\\\/\\\/tecscience.tec.mx\\\/es\\\/\",\"name\":\"TecScience\",\"description\":\"Bilingual platform in charge of communicating advances in research, science and innovation at Tec\",\"publisher\":{\"@id\":\"https:\\\/\\\/tecscience.tec.mx\\\/es\\\/#organization\"},\"potentialAction\":[{\"@type\":\"SearchAction\",\"target\":{\"@type\":\"EntryPoint\",\"urlTemplate\":\"https:\\\/\\\/tecscience.tec.mx\\\/es\\\/?s={search_term_string}\"},\"query-input\":{\"@type\":\"PropertyValueSpecification\",\"valueRequired\":true,\"valueName\":\"search_term_string\"}}],\"inLanguage\":\"es\"},{\"@type\":\"Organization\",\"@id\":\"https:\\\/\\\/tecscience.tec.mx\\\/es\\\/#organization\",\"name\":\"TecScience\",\"url\":\"https:\\\/\\\/tecscience.tec.mx\\\/es\\\/\",\"logo\":{\"@type\":\"ImageObject\",\"inLanguage\":\"es\",\"@id\":\"https:\\\/\\\/tecscience.tec.mx\\\/es\\\/#\\\/schema\\\/logo\\\/image\\\/\",\"url\":\"https:\\\/\\\/tecscience.tec.mx\\\/es\\\/wp-content\\\/uploads\\\/sites\\\/8\\\/2022\\\/11\\\/logo-negro-tecscience.svg\",\"contentUrl\":\"https:\\\/\\\/tecscience.tec.mx\\\/es\\\/wp-content\\\/uploads\\\/sites\\\/8\\\/2022\\\/11\\\/logo-negro-tecscience.svg\",\"width\":250,\"height\":38,\"caption\":\"TecScience\"},\"image\":{\"@id\":\"https:\\\/\\\/tecscience.tec.mx\\\/es\\\/#\\\/schema\\\/logo\\\/image\\\/\"},\"sameAs\":[\"https:\\\/\\\/www.facebook.com\\\/TecScienceWeb\",\"https:\\\/\\\/x.com\\\/TecScience_\",\"https:\\\/\\\/www.linkedin.com\\\/company\\\/tec-science\\\/\",\"https:\\\/\\\/www.instagram.com\\\/tecscienceweb\\\/\"],\"publishingPrinciples\":\"https:\\\/\\\/tecscience.tec.mx\\\/es\\\/guia-de-publicacion-para-articulos-de-divulgacion\\\/\",\"correctionsPolicy\":\"https:\\\/\\\/tecscience.tec.mx\\\/es\\\/equipo-editorial-tecscience\\\/\"},{\"@type\":\"Person\",\"@id\":\"https:\\\/\\\/tecscience.tec.mx\\\/es\\\/#\\\/schema\\\/person\\\/72a3b50d0dbd7d1124452069e14a2db9\",\"name\":\"In\u00e9s Guti\u00e9rrez Jaber\",\"image\":{\"@type\":\"ImageObject\",\"inLanguage\":\"es\",\"@id\":\"https:\\\/\\\/secure.gravatar.com\\\/avatar\\\/d136e90158f5aac8a8da8abe38806ceebb853d4d6d17967fb867b912b35483a9?s=96&d=mm&r=g\",\"url\":\"https:\\\/\\\/secure.gravatar.com\\\/avatar\\\/d136e90158f5aac8a8da8abe38806ceebb853d4d6d17967fb867b912b35483a9?s=96&d=mm&r=g\",\"contentUrl\":\"https:\\\/\\\/secure.gravatar.com\\\/avatar\\\/d136e90158f5aac8a8da8abe38806ceebb853d4d6d17967fb867b912b35483a9?s=96&d=mm&r=g\",\"caption\":\"In\u00e9s Guti\u00e9rrez Jaber\"},\"description\":\"Periodista de ciencia y artista visual. Mi trabajo ha sido publicado en medios como Science, Science News, Newsweek, Nexos, \u00bfC\u00f3mo ves?, entre otros. Estudi\u00e9 Biolog\u00eda en la Facultad de Ciencias de la UNAM y ah\u00ed descubr\u00ed mi pasi\u00f3n por comunicarle a todas las personas el conocimiento cient\u00edfico y su relevancia social. Creo que la ciencia, al fomentar el pensamiento cr\u00edtico, puede empoderar a la humanidad y, al ser la base de los avances tecnol\u00f3gicos, puede ayudarla a vivir en las mejores condiciones posibles.\",\"url\":\"https:\\\/\\\/tecscience.tec.mx\\\/es\\\/author\\\/igutierrez\\\/\"}]}<\/script>\n<!-- \/ Yoast SEO Premium plugin. -->","yoast_head_json":{"title":"\u00bfC\u00f3mo amenazan las enfermedades cr\u00f3nicas a Am\u00e9rica Latina? | TecScience","description":"Sergio Lavandero, director del Advanced Center for Chronic Diseases, advierte que se necesita m\u00e1s inversi\u00f3n en ciencia para enfrentar el problema.","robots":{"index":"index","follow":"follow","max-snippet":"max-snippet:-1","max-image-preview":"max-image-preview:large","max-video-preview":"max-video-preview:-1"},"canonical":"https:\/\/tecscience.tec.mx\/es\/biotecnologia\/enfermedades-cronicas-en-america-latina\/","og_locale":"es_ES","og_type":"article","og_title":"\u00bfC\u00f3mo amenazan las enfermedades cr\u00f3nicas a Am\u00e9rica Latina?","og_description":"Sergio Lavandero, director del Advanced Center for Chronic Diseases, advierte que se necesita m\u00e1s inversi\u00f3n en ciencia para enfrentar el problema.","og_url":"https:\/\/tecscience.tec.mx\/es\/biotecnologia\/enfermedades-cronicas-en-america-latina\/","og_site_name":"TecScience","article_publisher":"https:\/\/www.facebook.com\/TecScienceWeb","article_published_time":"2023-12-22T18:47:50+00:00","article_modified_time":"2024-12-09T19:11:57+00:00","og_image":[{"width":750,"height":500,"url":"https:\/\/tecscience.tec.mx\/es\/wp-content\/uploads\/sites\/8\/2023\/12\/inv1.jpg","type":"image\/jpeg"}],"author":"In\u00e9s Guti\u00e9rrez Jaber","twitter_card":"summary_large_image","twitter_creator":"@TecScience_","twitter_site":"@TecScience_","twitter_misc":{"Escrito por":"In\u00e9s Guti\u00e9rrez Jaber","Tiempo de lectura":"1 minuto"},"schema":{"@context":"https:\/\/schema.org","@graph":[{"@type":"Article","@id":"https:\/\/tecscience.tec.mx\/es\/biotecnologia\/enfermedades-cronicas-en-america-latina\/#article","isPartOf":{"@id":"https:\/\/tecscience.tec.mx\/es\/biotecnologia\/enfermedades-cronicas-en-america-latina\/"},"author":{"name":"In\u00e9s Guti\u00e9rrez Jaber","@id":"https:\/\/tecscience.tec.mx\/es\/#\/schema\/person\/72a3b50d0dbd7d1124452069e14a2db9"},"headline":"\u00bfC\u00f3mo amenazan las enfermedades cr\u00f3nicas a Am\u00e9rica Latina?","datePublished":"2023-12-22T18:47:50+00:00","dateModified":"2024-12-09T19:11:57+00:00","mainEntityOfPage":{"@id":"https:\/\/tecscience.tec.mx\/es\/biotecnologia\/enfermedades-cronicas-en-america-latina\/"},"wordCount":972,"publisher":{"@id":"https:\/\/tecscience.tec.mx\/es\/#organization"},"image":{"@id":"https:\/\/tecscience.tec.mx\/es\/biotecnologia\/enfermedades-cronicas-en-america-latina\/#primaryimage"},"thumbnailUrl":"https:\/\/tecscience.tec.mx\/es\/wp-content\/uploads\/sites\/8\/2023\/12\/inv1.jpg","keywords":["Institute for Obesity Research"],"articleSection":["Biotecnolog\u00eda"],"inLanguage":"es"},{"@type":"WebPage","@id":"https:\/\/tecscience.tec.mx\/es\/biotecnologia\/enfermedades-cronicas-en-america-latina\/","url":"https:\/\/tecscience.tec.mx\/es\/biotecnologia\/enfermedades-cronicas-en-america-latina\/","name":"\u00bfC\u00f3mo amenazan las enfermedades cr\u00f3nicas a Am\u00e9rica Latina? | TecScience","isPartOf":{"@id":"https:\/\/tecscience.tec.mx\/es\/#website"},"primaryImageOfPage":{"@id":"https:\/\/tecscience.tec.mx\/es\/biotecnologia\/enfermedades-cronicas-en-america-latina\/#primaryimage"},"image":{"@id":"https:\/\/tecscience.tec.mx\/es\/biotecnologia\/enfermedades-cronicas-en-america-latina\/#primaryimage"},"thumbnailUrl":"https:\/\/tecscience.tec.mx\/es\/wp-content\/uploads\/sites\/8\/2023\/12\/inv1.jpg","datePublished":"2023-12-22T18:47:50+00:00","dateModified":"2024-12-09T19:11:57+00:00","description":"Sergio Lavandero, director del Advanced Center for Chronic Diseases, advierte que se necesita m\u00e1s inversi\u00f3n en ciencia para enfrentar el problema.","breadcrumb":{"@id":"https:\/\/tecscience.tec.mx\/es\/biotecnologia\/enfermedades-cronicas-en-america-latina\/#breadcrumb"},"inLanguage":"es","potentialAction":[{"@type":"ReadAction","target":["https:\/\/tecscience.tec.mx\/es\/biotecnologia\/enfermedades-cronicas-en-america-latina\/"]}]},{"@type":"ImageObject","inLanguage":"es","@id":"https:\/\/tecscience.tec.mx\/es\/biotecnologia\/enfermedades-cronicas-en-america-latina\/#primaryimage","url":"https:\/\/tecscience.tec.mx\/es\/wp-content\/uploads\/sites\/8\/2023\/12\/inv1.jpg","contentUrl":"https:\/\/tecscience.tec.mx\/es\/wp-content\/uploads\/sites\/8\/2023\/12\/inv1.jpg","width":750,"height":500,"caption":"El Centro firm\u00f3 un convenio de colaboraci\u00f3n con el Institute for Obesity Research (IOR) del Tec de Monterrey.(Foto: Getty Images)"},{"@type":"BreadcrumbList","@id":"https:\/\/tecscience.tec.mx\/es\/biotecnologia\/enfermedades-cronicas-en-america-latina\/#breadcrumb","itemListElement":[{"@type":"ListItem","position":1,"name":"Home","item":"https:\/\/tecscience.tec.mx\/es\/"},{"@type":"ListItem","position":2,"name":"\u00bfC\u00f3mo amenazan las enfermedades cr\u00f3nicas a Am\u00e9rica Latina?"}]},{"@type":"WebSite","@id":"https:\/\/tecscience.tec.mx\/es\/#website","url":"https:\/\/tecscience.tec.mx\/es\/","name":"TecScience","description":"Bilingual platform in charge of communicating advances in research, science and innovation at Tec","publisher":{"@id":"https:\/\/tecscience.tec.mx\/es\/#organization"},"potentialAction":[{"@type":"SearchAction","target":{"@type":"EntryPoint","urlTemplate":"https:\/\/tecscience.tec.mx\/es\/?s={search_term_string}"},"query-input":{"@type":"PropertyValueSpecification","valueRequired":true,"valueName":"search_term_string"}}],"inLanguage":"es"},{"@type":"Organization","@id":"https:\/\/tecscience.tec.mx\/es\/#organization","name":"TecScience","url":"https:\/\/tecscience.tec.mx\/es\/","logo":{"@type":"ImageObject","inLanguage":"es","@id":"https:\/\/tecscience.tec.mx\/es\/#\/schema\/logo\/image\/","url":"https:\/\/tecscience.tec.mx\/es\/wp-content\/uploads\/sites\/8\/2022\/11\/logo-negro-tecscience.svg","contentUrl":"https:\/\/tecscience.tec.mx\/es\/wp-content\/uploads\/sites\/8\/2022\/11\/logo-negro-tecscience.svg","width":250,"height":38,"caption":"TecScience"},"image":{"@id":"https:\/\/tecscience.tec.mx\/es\/#\/schema\/logo\/image\/"},"sameAs":["https:\/\/www.facebook.com\/TecScienceWeb","https:\/\/x.com\/TecScience_","https:\/\/www.linkedin.com\/company\/tec-science\/","https:\/\/www.instagram.com\/tecscienceweb\/"],"publishingPrinciples":"https:\/\/tecscience.tec.mx\/es\/guia-de-publicacion-para-articulos-de-divulgacion\/","correctionsPolicy":"https:\/\/tecscience.tec.mx\/es\/equipo-editorial-tecscience\/"},{"@type":"Person","@id":"https:\/\/tecscience.tec.mx\/es\/#\/schema\/person\/72a3b50d0dbd7d1124452069e14a2db9","name":"In\u00e9s Guti\u00e9rrez Jaber","image":{"@type":"ImageObject","inLanguage":"es","@id":"https:\/\/secure.gravatar.com\/avatar\/d136e90158f5aac8a8da8abe38806ceebb853d4d6d17967fb867b912b35483a9?s=96&d=mm&r=g","url":"https:\/\/secure.gravatar.com\/avatar\/d136e90158f5aac8a8da8abe38806ceebb853d4d6d17967fb867b912b35483a9?s=96&d=mm&r=g","contentUrl":"https:\/\/secure.gravatar.com\/avatar\/d136e90158f5aac8a8da8abe38806ceebb853d4d6d17967fb867b912b35483a9?s=96&d=mm&r=g","caption":"In\u00e9s Guti\u00e9rrez Jaber"},"description":"Periodista de ciencia y artista visual. Mi trabajo ha sido publicado en medios como Science, Science News, Newsweek, Nexos, \u00bfC\u00f3mo ves?, entre otros. Estudi\u00e9 Biolog\u00eda en la Facultad de Ciencias de la UNAM y ah\u00ed descubr\u00ed mi pasi\u00f3n por comunicarle a todas las personas el conocimiento cient\u00edfico y su relevancia social. Creo que la ciencia, al fomentar el pensamiento cr\u00edtico, puede empoderar a la humanidad y, al ser la base de los avances tecnol\u00f3gicos, puede ayudarla a vivir en las mejores condiciones posibles.","url":"https:\/\/tecscience.tec.mx\/es\/author\/igutierrez\/"}]}},"_links":{"self":[{"href":"https:\/\/tecscience.tec.mx\/es\/wp-json\/wp\/v2\/posts\/159573","targetHints":{"allow":["GET"]}}],"collection":[{"href":"https:\/\/tecscience.tec.mx\/es\/wp-json\/wp\/v2\/posts"}],"about":[{"href":"https:\/\/tecscience.tec.mx\/es\/wp-json\/wp\/v2\/types\/post"}],"author":[{"embeddable":true,"href":"https:\/\/tecscience.tec.mx\/es\/wp-json\/wp\/v2\/users\/12"}],"replies":[{"embeddable":true,"href":"https:\/\/tecscience.tec.mx\/es\/wp-json\/wp\/v2\/comments?post=159573"}],"version-history":[{"count":0,"href":"https:\/\/tecscience.tec.mx\/es\/wp-json\/wp\/v2\/posts\/159573\/revisions"}],"wp:featuredmedia":[{"embeddable":true,"href":"https:\/\/tecscience.tec.mx\/es\/wp-json\/wp\/v2\/media\/159592"}],"wp:attachment":[{"href":"https:\/\/tecscience.tec.mx\/es\/wp-json\/wp\/v2\/media?parent=159573"}],"wp:term":[{"taxonomy":"category","embeddable":true,"href":"https:\/\/tecscience.tec.mx\/es\/wp-json\/wp\/v2\/categories?post=159573"},{"taxonomy":"post_tag","embeddable":true,"href":"https:\/\/tecscience.tec.mx\/es\/wp-json\/wp\/v2\/tags?post=159573"}],"curies":[{"name":"wp","href":"https:\/\/api.w.org\/{rel}","templated":true}]}}