{"id":162417,"date":"2024-04-01T16:10:00","date_gmt":"2024-04-01T22:10:00","guid":{"rendered":"https:\/\/tecscience.tec.mx\/es\/?p=162417"},"modified":"2026-03-27T15:40:32","modified_gmt":"2026-03-27T21:40:32","slug":"autismo-en-mujeres-adultas-diagnostico","status":"publish","type":"post","link":"https:\/\/tecscience.tec.mx\/es\/salud\/autismo-en-mujeres-adultas-diagnostico\/","title":{"rendered":"El vac\u00edo del diagn\u00f3stico de autismo en ni\u00f1as y mujeres"},"content":{"rendered":"\n<p>A <strong>Mar\u00eda<\/strong> no le gustaba que la tocaran cuando era una beb\u00e9, \u00fanicamente permit\u00eda que sus pap\u00e1s la cargaran y cuando alguien intentaba acercarse a ella lloraba y se as\u00eda con fuerza a los brazos de su mam\u00e1. La gente dec\u00eda que era una peque\u00f1a \u201cmuy consentida\u201d. Durante sus a\u00f1os escolares, al ser una ni\u00f1a m\u00e1s callada y tranquila que las dem\u00e1s, pero que adem\u00e1s preguntaba las instrucciones precisas para las actividades diarias, sus maestras aseguraban que eso la hac\u00eda \u201cproactiva\u201d. Tiempo despu\u00e9s, a los 22 a\u00f1os, comenz\u00f3 a rayar las paredes de su cuarto y su mam\u00e1, alarmada, la llev\u00f3 de emergencia al hospital. A esa edad, ya en la adultez, tuvo su primer contacto con especialistas en <strong>salud mental<\/strong>.<\/p>\n\n\n\n<p>Pasaron dos a\u00f1os desde ese episodio -y tratamientos para depresi\u00f3n, ansiedad y colitis nerviosa- para por fin dar con el diagn\u00f3stico que le cambiar\u00eda la vida: <strong><a href=\"\/es\/biotecnologia\/microbiota-autismo\/\" target=\"_blank\" rel=\"noreferrer noopener\">Trastorno del Espectro Autista<\/a><\/strong> (TEA).<\/p>\n\n\n\n<p>\u201cEl diagn\u00f3stico me dio much\u00edsimas respuestas: como por qu\u00e9 salir a fiestas y reuniones familiares me era tan dif\u00edcil o por qu\u00e9 preguntaba cosas tan espec\u00edficas\u201d, dice Mar\u00eda G\u00f3mez, hoy de 30 a\u00f1os, en entrevista con <em><strong>TecScience<\/strong><\/em>.&nbsp;<\/p>\n\n\n\n<p>Mar\u00eda no es la \u00fanica. Desde 2020, mujeres con <a href=\"\/es\/humano-social\/arquitectura-para-el-espectro-autista\/\" target=\"_blank\" rel=\"noreferrer noopener\">autismo<\/a> han comenzado a abrir la conversaci\u00f3n sobre su condici\u00f3n y el infradiagn\u00f3stico de <strong>TEA en ni\u00f1as y mujeres<\/strong> y la posible afectaci\u00f3n del sesgo de g\u00e9nero para una detecci\u00f3n temprana.<\/p>\n\n\n\n<p>Por ejemplo, hasta hace unos a\u00f1os, organizaciones especializadas afirmaban que por cada cuatro varones que viven con <strong>TEA<\/strong>, hay una mujer; en poco tiempo esa brecha se ha ido acortando y ahora se calcula que la proporci\u00f3n es de 3.2 ni\u00f1os u hombres con autismo, hay una mujer, seg\u00fan la <a href=\"https:\/\/autismo.org.es\/el-autismo\/deteccion-y-diagnostico\/\" target=\"_blank\" rel=\"noreferrer noopener\">Confederaci\u00f3n Autismo Espa\u00f1a<\/a>.<\/p>\n\n\n\n<p>Adem\u00e1s, un <a href=\"https:\/\/www.researchgate.net\/publication\/247772263_ASD_in_Females_Are_We_Overstating_the_Gender_Difference_in_Diagnosis\" target=\"_blank\" rel=\"noreferrer noopener\">estudio de 2014<\/a> de las investigadoras Nicole Kreisel y Susan White, del Departamento de Psicolog\u00eda del Tecnol\u00f3gico de Virginia, se\u00f1ala que el g\u00e9nero es una diferencia particularmente importante en el tratamiento de <strong>TEA en mujeres<\/strong> quienes enfrentan desaf\u00edos sociales particularmente dif\u00edciles, como violencia en sus relaciones personales, riesgo de violencia sexual, entre otros.<\/p>\n\n\n\n<p>En el caso de Mar\u00eda, por ejemplo, ella fue abusada sexualmente por un hombre de su familia desde los 4 y hasta los 22 a\u00f1os. Sus dificultades de expresar sentimientos y sensaciones hicieron m\u00e1s dif\u00edcil la detecci\u00f3n y fin del abuso.<\/p>\n\n\n\n<p>\u201cEl <strong>autismo<\/strong> lo volvi\u00f3 m\u00e1s complicado porque, si de por si hay una dificultad para saber y expresar lo que sientes, cuando te desarrollas con abuso sexual -como en mi caso- hasta el d\u00eda de hoy estoy aprendiendo cu\u00e1les son las <strong>emociones<\/strong>\u201d, dice.<\/p>\n\n\n\n<p>Y no es que no las sienta, sino que por su condici\u00f3n no sabe identificarlas y clasificarlas. \u201cYo s\u00e9 que bajo ninguna circunstancia el abuso es algo positivo, pero cuando tienes una condici\u00f3n es m\u00e1s dif\u00edcil\u201d, comparte Mar\u00eda G\u00f3mez quien pudo revelar a su familia esa experiencia hasta los 30 a\u00f1os, poco despu\u00e9s de que su sobrina naci\u00f3 y a quien busca proteger de la persona que la da\u00f1\u00f3 a ella.<\/p>\n\n\n\n<figure class=\"wp-block-embed is-type-rich is-provider-spotify wp-block-embed-spotify wp-embed-aspect-21-9 wp-has-aspect-ratio\"><div class=\"wp-block-embed__wrapper\">\n<iframe title=\"Spotify Embed: Ep. 113 - La salud mental de las familias con ni\u00f1os autistas: el reto de enfrentar una nueva realidad | La entrevista\" style=\"border-radius: 12px\" width=\"100%\" height=\"152\" frameborder=\"0\" allowfullscreen allow=\"autoplay; clipboard-write; encrypted-media; fullscreen; picture-in-picture\" loading=\"lazy\" src=\"https:\/\/open.spotify.com\/embed\/episode\/5pzSQCsJZ0DUo04ASbKDfZ?si=fcfcf87499e54cdc&amp;utm_source=oembed\"><\/iframe>\n<\/div><\/figure>\n\n\n\n<h2 class=\"wp-block-heading\" id=\"h-autismo-en-ninas-y-mujeres-el-largo-camino-para-un-diagnostico\"><strong>Autismo en ni\u00f1as y mujeres: El largo camino para un diagn\u00f3stico<\/strong><\/h2>\n\n\n\n<p>Los primeros especialistas de <a href=\"\/es\/divulgacion-ciencia\/el-impacto-del-covid-19-en-la-salud-mental-durante-la-contingencia\/\" target=\"_blank\" rel=\"noreferrer noopener\">salud mental<\/a> que trataron a Mar\u00eda tardaron poco m\u00e1s de dos a\u00f1os en llegar a la conclusi\u00f3n que lo suyo no era ni depresi\u00f3n, ni ansiedad, sino <strong>autismo<\/strong>.&nbsp;<\/p>\n\n\n\n<p>La neuropsic\u00f3loga <a href=\"https:\/\/www.facebook.com\/psictaniag\/\" target=\"_blank\" rel=\"noreferrer noopener\">Tania G\u00f3mez<\/a>, especializada en determinaci\u00f3n de perfiles cognitivos y comportamentales y neurodesarrollo en ni\u00f1os, ni\u00f1as y adolescentes, explica que muchos <strong>especialistas<\/strong> <strong>no toman en cuenta el contexto de las personas<\/strong> y la educaci\u00f3n con respecto a su g\u00e9nero. Un ejemplo es que a las mujeres suele ense\u00f1\u00e1rseles a que no deben \u201cexplotar en ira\u201d.<\/p>\n\n\n\n<p>\u201cEntonces ah\u00ed tienes <strong>mujeres<\/strong> que llegan a la edad adulta, a los consultorios, obtienen un diagn\u00f3stico de depresi\u00f3n, ansiedad, cuando en realidad tienen <strong>d\u00e9ficit de atenci\u00f3n<\/strong> y se la han pasado frustradas, con una mala concepci\u00f3n de s\u00ed mismas porque hay que trabajar con aspectos de su regulaci\u00f3n atentiva. Algo similar pasa con el <strong>TEA<\/strong>\u201d, dice.&nbsp;<\/p>\n\n\n\n<p>Otro obst\u00e1culo es el <em><strong>masking<\/strong><\/em>, o <em>enmascaramiento<\/em> en espa\u00f1ol, muy dado en ni\u00f1as y mujeres quienes, al verse obligadas a cumplir con funciones sociales propias del rol de g\u00e9nero que se les asigna \u201ccamuflan sus propias caracter\u00edsticas\u201d, explica Grisel Salmer\u00f3n, de <a href=\"https:\/\/iluminemos.org\/\" target=\"_blank\" rel=\"noreferrer noopener\">Iluminemos por el Autismo<\/a>, organizaci\u00f3n mexicana dedicada a ser el primer contacto de <strong>personas con autismo<\/strong> y sus familias con especialistas o grupos de apoyo.<\/p>\n\n\n\n<p>Sin embargo, dice la especialista, esto tiene consecuencias importantes para su salud mental: el <em>enmascaramiento<\/em> provoca <strong>ansiedad<\/strong> y <strong>burnout<\/strong>. De hecho, una <a href=\"https:\/\/www.ncbi.nlm.nih.gov\/pmc\/articles\/PMC9607919\/\" target=\"_blank\" rel=\"noreferrer noopener\">investigaci\u00f3n del Instituto Karolinska<\/a> de Estocolmo, se\u00f1ala que 77% de las mujeres con TEA recibieron un diagn\u00f3stico psiqui\u00e1trico, en comparaci\u00f3n con el 62% de los hombres con el mismo trastorno.&nbsp;<\/p>\n\n\n\n<p>Es decir, las mujeres con autismo tienen un riesgo particularmente mayor de ansiedad, depresi\u00f3n y trastornos del sue\u00f1o.<\/p>\n\n\n\n<p>Adem\u00e1s, la misma investigaci\u00f3n se\u00f1ala que las <strong>mujeres con TEA<\/strong> tienen m\u00e1s riesgo de hospitalizaci\u00f3n psiqui\u00e1trica: a los 25 a\u00f1os, el 22.1% de las mujeres con autismo incluidas en la investigaci\u00f3n tuvieron una hospitalizaci\u00f3n psiqui\u00e1trica, en comparaci\u00f3n con el 10.9% de los hombres con el mismo trastorno.<\/p>\n\n\n\n<p>En el caso de Mar\u00eda, su primer diagn\u00f3stico en 2016 fue de depresi\u00f3n y fue enviada al departamento de psiquiatr\u00eda luego de haber rayado las paredes de su cuarto en un episodio de profunda frustraci\u00f3n y por lo que su mam\u00e1 decidi\u00f3 llevarla con un neur\u00f3logo.<\/p>\n\n\n\n<figure class=\"wp-block-embed is-type-video is-provider-youtube wp-block-embed-youtube wp-embed-aspect-16-9 wp-has-aspect-ratio\"><div class=\"wp-block-embed__wrapper\">\n<iframe title=\"El costo de un cerebro infeliz\" width=\"800\" height=\"450\" src=\"https:\/\/www.youtube.com\/embed\/2BVpkSy0B70?feature=oembed\" frameborder=\"0\" allow=\"accelerometer; autoplay; clipboard-write; encrypted-media; gyroscope; picture-in-picture; web-share\" referrerpolicy=\"strict-origin-when-cross-origin\" allowfullscreen><\/iframe>\n<\/div><\/figure>\n\n\n\n<h2 class=\"wp-block-heading\" id=\"h-el-peso-del-sesgo-de-genero-en-el-diagnostico-de-tea-en-ninas-y-mujeres\"><strong>El peso del sesgo de g\u00e9nero en el diagn\u00f3stico de TEA en ni\u00f1as y mujeres<\/strong><\/h2>\n\n\n\n<p>\u201cEl autismo es, de por s\u00ed, dif\u00edcil de diagnosticar\u201d, explica Grisel Salmer\u00f3n. \u201cS\u00ed existe un <strong>subdiagn\u00f3stico en mujeres<\/strong> y ni\u00f1as pues muchas conductas se les tachan de \u2018ser otra cosa\u2019\u201d.<\/p>\n\n\n\n<p>Esta confusi\u00f3n, ahonda Grisel, en parte tiene que ver con que las <strong>ni\u00f1as<\/strong> tienen habilidades de socializaci\u00f3n m\u00e1s altas que los ni\u00f1os, tanto porque es una habilidad que se desarrolla m\u00e1s r\u00e1pido en el <a href=\"\/es\/negocios-innovacion\/cerebro-feliz\/\" target=\"_blank\" rel=\"noreferrer noopener\">cerebro<\/a> femenino, como por los roles de g\u00e9nero atribuidos socialmente.<\/p>\n\n\n\n<p>Incluso existen estudios, como el de <a href=\"https:\/\/pubmed.ncbi.nlm.nih.gov\/29701730\/\" target=\"_blank\" rel=\"noreferrer noopener\">Baio et. al. de 2014<\/a>, que se\u00f1alan que las competencias sociales y de comunicaci\u00f3n pueden ser mejores en el caso de las ni\u00f1as. Esto, aunado a lo que explica Grisel Salmer\u00f3n, hace m\u00e1s dif\u00edcil llegar a un diagn\u00f3stico de <strong>TEA<\/strong>.<\/p>\n\n\n\n<p>\u201cLas pruebas de detecci\u00f3n de autismo est\u00e1n hechas para hombres, pensando en sus caracter\u00edsticas\u201d, destaca la activista quien explica que los principales test utilizados por especialistas para la detecci\u00f3n del TEA fueron dise\u00f1adas en entrevistas, cuestionarios y observaci\u00f3n en poblaciones masculinas.&nbsp;<\/p>\n\n\n\n<p>Actualmente los <strong>dos test principales<\/strong> para el <strong>diagn\u00f3stico de autismo<\/strong> son las pruebas <strong>ADOS-2<\/strong> y <strong>ADO-R<\/strong>, que respectivamente eval\u00faan las capacidades comunicativas, de interacci\u00f3n social y el juego y uso de materiales, y entrevistas cl\u00ednicas para explorar lenguaje, interacci\u00f3n social rec\u00edproca y conductas e intereses restringidos.<\/p>\n\n\n\n<p>Por ejemplo, a Mar\u00eda Garc\u00eda le resulta dif\u00edcil socializar y constantemente su familia extendida la tach\u00f3 de ser una mujer terca.<\/p>\n\n\n\n<p>Para la neuropsic\u00f3loga Tania G\u00f3mez, quien adem\u00e1s estudi\u00f3 el doctorado en Psicolog\u00eda en la UNAM, el <strong>subdiagn\u00f3stico de TEA<\/strong> en mujeres est\u00e1 relacionado a un <strong>problema cultural<\/strong>.<\/p>\n\n\n\n<p>Al no existir un diagn\u00f3stico diferenciado con los hombres, las mujeres con esta condici\u00f3n pueden ser se\u00f1aladas como fr\u00edas, solitarias o desinteresadas antes que con <strong>autismo<\/strong>, \u201cculturalmente a las mujeres se nos ense\u00f1a a regular nuestras emociones, controlar nuestro temple, de repente la expresi\u00f3n de emociones o conductas puede estar limitada y no vista a nivel cl\u00ednico y estas conductas, donde puede parecer que hay falta de empat\u00eda o una no adaptabilidad a los principios de las normas sociales\u201d.<\/p>\n\n\n\n<p>Algo as\u00ed le pasaba a Mar\u00eda Garc\u00eda. Cuando era peque\u00f1a, de menos de 5 a\u00f1os, y visitaba la casa de sus abuelos, al llegar dec\u00eda en voz m\u00e1s grave y con seriedad \u201c\u00a1al cuarto oscuro!\u201d, y caminaba con decisi\u00f3n hacia una habitaci\u00f3n fresca y en penumbras. El comportamiento causaba gracia entre los adultos de su familia, pero para Mar\u00eda significaba el momento de autorregularse.<\/p>\n\n\n\n<p>Hoy, a sus 30 a\u00f1os, acompa\u00f1ada de especialistas que entienden su condici\u00f3n, con una familia que la apoya y busca comprenderla, y una determinaci\u00f3n personal por entenderse a s\u00ed misma, Mar\u00eda busca compartir su experiencia con m\u00e1s mujeres y ni\u00f1as como ella porque \u201c<strong>a partir de mi diagn\u00f3stico pude empezar a concebir la idea de calidad de vida<\/strong>\u201d.<\/p>\n","protected":false},"excerpt":{"rendered":"<p>Se cree que por cada 4 hombres con autismo hay una mujer, \u00bflas cifras son ciertas o un sesgo de g\u00e9nero provoca un diagn\u00f3stico tard\u00edo de TEA en personas del sexo femenino?<\/p>\n","protected":false},"author":45,"featured_media":162419,"comment_status":"closed","ping_status":"closed","sticky":false,"template":"","format":"standard","meta":{"_acf_changed":false,"_eb_attr":"","footnotes":""},"categories":[99],"tags":[227,151],"class_list":["post-162417","post","type-post","status-publish","format-standard","has-post-thumbnail","hentry","category-salud","tag-salud","tag-tecsalud"],"acf":[],"yoast_head":"<!-- This site is optimized with the Yoast SEO Premium plugin v21.0 (Yoast SEO v27.4) - https:\/\/yoast.com\/product\/yoast-seo-premium-wordpress\/ -->\n<title>Autismo en mujeres: un subdiagn\u00f3stico por sesgo de g\u00e9nero | TecScience<\/title>\n<meta name=\"description\" content=\"Se cree que por cada 4 hombres con autismo hay una mujer, sin embargo en los \u00faltimos a\u00f1os se ha abierto la conversaci\u00f3n, \u00bfy si el sesgo de g\u00e9nero provoca un diagn\u00f3stico tard\u00edo de TEA en mujeres y ni\u00f1as?\" \/>\n<meta name=\"robots\" content=\"index, follow, max-snippet:-1, max-image-preview:large, max-video-preview:-1\" \/>\n<link rel=\"canonical\" href=\"https:\/\/tecscience.tec.mx\/es\/salud\/autismo-en-mujeres-adultas-diagnostico\/\" \/>\n<meta property=\"og:locale\" content=\"es_ES\" \/>\n<meta property=\"og:type\" content=\"article\" \/>\n<meta property=\"og:title\" content=\"El vac\u00edo del diagn\u00f3stico de autismo en ni\u00f1as y mujeres\" \/>\n<meta property=\"og:description\" content=\"Se cree que por cada 4 hombres con autismo hay una mujer, sin embargo en los \u00faltimos a\u00f1os se ha abierto la conversaci\u00f3n, \u00bfy si el sesgo de g\u00e9nero provoca un diagn\u00f3stico tard\u00edo de TEA en mujeres y ni\u00f1as?\" \/>\n<meta property=\"og:url\" content=\"https:\/\/tecscience.tec.mx\/es\/salud\/autismo-en-mujeres-adultas-diagnostico\/\" \/>\n<meta property=\"og:site_name\" content=\"TecScience\" \/>\n<meta property=\"article:publisher\" content=\"https:\/\/www.facebook.com\/TecScienceWeb\" \/>\n<meta property=\"article:published_time\" content=\"2024-04-01T22:10:00+00:00\" \/>\n<meta property=\"article:modified_time\" content=\"2026-03-27T21:40:32+00:00\" \/>\n<meta property=\"og:image\" content=\"https:\/\/tecscience.tec.mx\/es\/wp-content\/uploads\/sites\/8\/2024\/04\/autismo-en-mujeres.jpg\" \/>\n\t<meta property=\"og:image:width\" content=\"750\" \/>\n\t<meta property=\"og:image:height\" content=\"500\" \/>\n\t<meta property=\"og:image:type\" content=\"image\/jpeg\" \/>\n<meta name=\"author\" content=\"Ana Estrada\" \/>\n<meta name=\"twitter:card\" content=\"summary_large_image\" \/>\n<meta name=\"twitter:creator\" content=\"@TecScience_\" \/>\n<meta name=\"twitter:site\" content=\"@TecScience_\" \/>\n<meta name=\"twitter:label1\" content=\"Escrito por\" \/>\n\t<meta name=\"twitter:data1\" content=\"Ana Estrada\" \/>\n\t<meta name=\"twitter:label2\" content=\"Tiempo de lectura\" \/>\n\t<meta name=\"twitter:data2\" content=\"7 minutos\" \/>\n<script type=\"application\/ld+json\" class=\"yoast-schema-graph\">{\"@context\":\"https:\\\/\\\/schema.org\",\"@graph\":[{\"@type\":\"Article\",\"@id\":\"https:\\\/\\\/tecscience.tec.mx\\\/es\\\/salud\\\/autismo-en-mujeres-adultas-diagnostico\\\/#article\",\"isPartOf\":{\"@id\":\"https:\\\/\\\/tecscience.tec.mx\\\/es\\\/salud\\\/autismo-en-mujeres-adultas-diagnostico\\\/\"},\"author\":{\"name\":\"Ana Estrada\",\"@id\":\"https:\\\/\\\/tecscience.tec.mx\\\/es\\\/#\\\/schema\\\/person\\\/f1eda754f351fee8286f107866d16bb6\"},\"headline\":\"El vac\u00edo del diagn\u00f3stico de autismo en ni\u00f1as y mujeres\",\"datePublished\":\"2024-04-01T22:10:00+00:00\",\"dateModified\":\"2026-03-27T21:40:32+00:00\",\"mainEntityOfPage\":{\"@id\":\"https:\\\/\\\/tecscience.tec.mx\\\/es\\\/salud\\\/autismo-en-mujeres-adultas-diagnostico\\\/\"},\"wordCount\":1549,\"publisher\":{\"@id\":\"https:\\\/\\\/tecscience.tec.mx\\\/es\\\/#organization\"},\"image\":{\"@id\":\"https:\\\/\\\/tecscience.tec.mx\\\/es\\\/salud\\\/autismo-en-mujeres-adultas-diagnostico\\\/#primaryimage\"},\"thumbnailUrl\":\"https:\\\/\\\/tecscience.tec.mx\\\/es\\\/wp-content\\\/uploads\\\/sites\\\/8\\\/2024\\\/04\\\/autismo-en-mujeres.jpg\",\"keywords\":[\"Salud\",\"TecSalud\"],\"articleSection\":[\"Salud\"],\"inLanguage\":\"es\"},{\"@type\":\"WebPage\",\"@id\":\"https:\\\/\\\/tecscience.tec.mx\\\/es\\\/salud\\\/autismo-en-mujeres-adultas-diagnostico\\\/\",\"url\":\"https:\\\/\\\/tecscience.tec.mx\\\/es\\\/salud\\\/autismo-en-mujeres-adultas-diagnostico\\\/\",\"name\":\"Autismo en mujeres: un subdiagn\u00f3stico por sesgo de g\u00e9nero | TecScience\",\"isPartOf\":{\"@id\":\"https:\\\/\\\/tecscience.tec.mx\\\/es\\\/#website\"},\"primaryImageOfPage\":{\"@id\":\"https:\\\/\\\/tecscience.tec.mx\\\/es\\\/salud\\\/autismo-en-mujeres-adultas-diagnostico\\\/#primaryimage\"},\"image\":{\"@id\":\"https:\\\/\\\/tecscience.tec.mx\\\/es\\\/salud\\\/autismo-en-mujeres-adultas-diagnostico\\\/#primaryimage\"},\"thumbnailUrl\":\"https:\\\/\\\/tecscience.tec.mx\\\/es\\\/wp-content\\\/uploads\\\/sites\\\/8\\\/2024\\\/04\\\/autismo-en-mujeres.jpg\",\"datePublished\":\"2024-04-01T22:10:00+00:00\",\"dateModified\":\"2026-03-27T21:40:32+00:00\",\"description\":\"Se cree que por cada 4 hombres con autismo hay una mujer, sin embargo en los \u00faltimos a\u00f1os se ha abierto la conversaci\u00f3n, \u00bfy si el sesgo de g\u00e9nero provoca un diagn\u00f3stico tard\u00edo de TEA en mujeres y ni\u00f1as?\",\"breadcrumb\":{\"@id\":\"https:\\\/\\\/tecscience.tec.mx\\\/es\\\/salud\\\/autismo-en-mujeres-adultas-diagnostico\\\/#breadcrumb\"},\"inLanguage\":\"es\",\"potentialAction\":[{\"@type\":\"ReadAction\",\"target\":[\"https:\\\/\\\/tecscience.tec.mx\\\/es\\\/salud\\\/autismo-en-mujeres-adultas-diagnostico\\\/\"]}]},{\"@type\":\"ImageObject\",\"inLanguage\":\"es\",\"@id\":\"https:\\\/\\\/tecscience.tec.mx\\\/es\\\/salud\\\/autismo-en-mujeres-adultas-diagnostico\\\/#primaryimage\",\"url\":\"https:\\\/\\\/tecscience.tec.mx\\\/es\\\/wp-content\\\/uploads\\\/sites\\\/8\\\/2024\\\/04\\\/autismo-en-mujeres.jpg\",\"contentUrl\":\"https:\\\/\\\/tecscience.tec.mx\\\/es\\\/wp-content\\\/uploads\\\/sites\\\/8\\\/2024\\\/04\\\/autismo-en-mujeres.jpg\",\"width\":750,\"height\":500,\"caption\":\"Las mujeres con autismo tienen un riesgo mayor de padecer ansiedad, depresi\u00f3n y trastornos del sue\u00f1o. (Foto: Shutterstock)\"},{\"@type\":\"BreadcrumbList\",\"@id\":\"https:\\\/\\\/tecscience.tec.mx\\\/es\\\/salud\\\/autismo-en-mujeres-adultas-diagnostico\\\/#breadcrumb\",\"itemListElement\":[{\"@type\":\"ListItem\",\"position\":1,\"name\":\"Home\",\"item\":\"https:\\\/\\\/tecscience.tec.mx\\\/es\\\/\"},{\"@type\":\"ListItem\",\"position\":2,\"name\":\"El vac\u00edo del diagn\u00f3stico de autismo en ni\u00f1as y mujeres\"}]},{\"@type\":\"WebSite\",\"@id\":\"https:\\\/\\\/tecscience.tec.mx\\\/es\\\/#website\",\"url\":\"https:\\\/\\\/tecscience.tec.mx\\\/es\\\/\",\"name\":\"TecScience\",\"description\":\"Bilingual platform in charge of communicating advances in research, science and innovation at Tec\",\"publisher\":{\"@id\":\"https:\\\/\\\/tecscience.tec.mx\\\/es\\\/#organization\"},\"potentialAction\":[{\"@type\":\"SearchAction\",\"target\":{\"@type\":\"EntryPoint\",\"urlTemplate\":\"https:\\\/\\\/tecscience.tec.mx\\\/es\\\/?s={search_term_string}\"},\"query-input\":{\"@type\":\"PropertyValueSpecification\",\"valueRequired\":true,\"valueName\":\"search_term_string\"}}],\"inLanguage\":\"es\"},{\"@type\":\"Organization\",\"@id\":\"https:\\\/\\\/tecscience.tec.mx\\\/es\\\/#organization\",\"name\":\"TecScience\",\"url\":\"https:\\\/\\\/tecscience.tec.mx\\\/es\\\/\",\"logo\":{\"@type\":\"ImageObject\",\"inLanguage\":\"es\",\"@id\":\"https:\\\/\\\/tecscience.tec.mx\\\/es\\\/#\\\/schema\\\/logo\\\/image\\\/\",\"url\":\"https:\\\/\\\/tecscience.tec.mx\\\/es\\\/wp-content\\\/uploads\\\/sites\\\/8\\\/2022\\\/11\\\/logo-negro-tecscience.svg\",\"contentUrl\":\"https:\\\/\\\/tecscience.tec.mx\\\/es\\\/wp-content\\\/uploads\\\/sites\\\/8\\\/2022\\\/11\\\/logo-negro-tecscience.svg\",\"width\":250,\"height\":38,\"caption\":\"TecScience\"},\"image\":{\"@id\":\"https:\\\/\\\/tecscience.tec.mx\\\/es\\\/#\\\/schema\\\/logo\\\/image\\\/\"},\"sameAs\":[\"https:\\\/\\\/www.facebook.com\\\/TecScienceWeb\",\"https:\\\/\\\/x.com\\\/TecScience_\",\"https:\\\/\\\/www.linkedin.com\\\/company\\\/tec-science\\\/\",\"https:\\\/\\\/www.instagram.com\\\/tecscienceweb\\\/\"],\"publishingPrinciples\":\"https:\\\/\\\/tecscience.tec.mx\\\/es\\\/guia-de-publicacion-para-articulos-de-divulgacion\\\/\",\"correctionsPolicy\":\"https:\\\/\\\/tecscience.tec.mx\\\/es\\\/equipo-editorial-tecscience\\\/\"},{\"@type\":\"Person\",\"@id\":\"https:\\\/\\\/tecscience.tec.mx\\\/es\\\/#\\\/schema\\\/person\\\/f1eda754f351fee8286f107866d16bb6\",\"name\":\"Ana Estrada\",\"image\":{\"@type\":\"ImageObject\",\"inLanguage\":\"es\",\"@id\":\"https:\\\/\\\/secure.gravatar.com\\\/avatar\\\/f4f23822abf70749c03344d71b87695b101fcb0c7a42f9a4fbe258ae0f67efd0?s=96&d=mm&r=g\",\"url\":\"https:\\\/\\\/secure.gravatar.com\\\/avatar\\\/f4f23822abf70749c03344d71b87695b101fcb0c7a42f9a4fbe258ae0f67efd0?s=96&d=mm&r=g\",\"contentUrl\":\"https:\\\/\\\/secure.gravatar.com\\\/avatar\\\/f4f23822abf70749c03344d71b87695b101fcb0c7a42f9a4fbe258ae0f67efd0?s=96&d=mm&r=g\",\"caption\":\"Ana Estrada\"},\"url\":\"https:\\\/\\\/tecscience.tec.mx\\\/es\\\/author\\\/anae\\\/\"}]}<\/script>\n<!-- \/ Yoast SEO Premium plugin. -->","yoast_head_json":{"title":"Autismo en mujeres: un subdiagn\u00f3stico por sesgo de g\u00e9nero | TecScience","description":"Se cree que por cada 4 hombres con autismo hay una mujer, sin embargo en los \u00faltimos a\u00f1os se ha abierto la conversaci\u00f3n, \u00bfy si el sesgo de g\u00e9nero provoca un diagn\u00f3stico tard\u00edo de TEA en mujeres y ni\u00f1as?","robots":{"index":"index","follow":"follow","max-snippet":"max-snippet:-1","max-image-preview":"max-image-preview:large","max-video-preview":"max-video-preview:-1"},"canonical":"https:\/\/tecscience.tec.mx\/es\/salud\/autismo-en-mujeres-adultas-diagnostico\/","og_locale":"es_ES","og_type":"article","og_title":"El vac\u00edo del diagn\u00f3stico de autismo en ni\u00f1as y mujeres","og_description":"Se cree que por cada 4 hombres con autismo hay una mujer, sin embargo en los \u00faltimos a\u00f1os se ha abierto la conversaci\u00f3n, \u00bfy si el sesgo de g\u00e9nero provoca un diagn\u00f3stico tard\u00edo de TEA en mujeres y ni\u00f1as?","og_url":"https:\/\/tecscience.tec.mx\/es\/salud\/autismo-en-mujeres-adultas-diagnostico\/","og_site_name":"TecScience","article_publisher":"https:\/\/www.facebook.com\/TecScienceWeb","article_published_time":"2024-04-01T22:10:00+00:00","article_modified_time":"2026-03-27T21:40:32+00:00","og_image":[{"width":750,"height":500,"url":"https:\/\/tecscience.tec.mx\/es\/wp-content\/uploads\/sites\/8\/2024\/04\/autismo-en-mujeres.jpg","type":"image\/jpeg"}],"author":"Ana Estrada","twitter_card":"summary_large_image","twitter_creator":"@TecScience_","twitter_site":"@TecScience_","twitter_misc":{"Escrito por":"Ana Estrada","Tiempo de lectura":"7 minutos"},"schema":{"@context":"https:\/\/schema.org","@graph":[{"@type":"Article","@id":"https:\/\/tecscience.tec.mx\/es\/salud\/autismo-en-mujeres-adultas-diagnostico\/#article","isPartOf":{"@id":"https:\/\/tecscience.tec.mx\/es\/salud\/autismo-en-mujeres-adultas-diagnostico\/"},"author":{"name":"Ana Estrada","@id":"https:\/\/tecscience.tec.mx\/es\/#\/schema\/person\/f1eda754f351fee8286f107866d16bb6"},"headline":"El vac\u00edo del diagn\u00f3stico de autismo en ni\u00f1as y mujeres","datePublished":"2024-04-01T22:10:00+00:00","dateModified":"2026-03-27T21:40:32+00:00","mainEntityOfPage":{"@id":"https:\/\/tecscience.tec.mx\/es\/salud\/autismo-en-mujeres-adultas-diagnostico\/"},"wordCount":1549,"publisher":{"@id":"https:\/\/tecscience.tec.mx\/es\/#organization"},"image":{"@id":"https:\/\/tecscience.tec.mx\/es\/salud\/autismo-en-mujeres-adultas-diagnostico\/#primaryimage"},"thumbnailUrl":"https:\/\/tecscience.tec.mx\/es\/wp-content\/uploads\/sites\/8\/2024\/04\/autismo-en-mujeres.jpg","keywords":["Salud","TecSalud"],"articleSection":["Salud"],"inLanguage":"es"},{"@type":"WebPage","@id":"https:\/\/tecscience.tec.mx\/es\/salud\/autismo-en-mujeres-adultas-diagnostico\/","url":"https:\/\/tecscience.tec.mx\/es\/salud\/autismo-en-mujeres-adultas-diagnostico\/","name":"Autismo en mujeres: un subdiagn\u00f3stico por sesgo de g\u00e9nero | TecScience","isPartOf":{"@id":"https:\/\/tecscience.tec.mx\/es\/#website"},"primaryImageOfPage":{"@id":"https:\/\/tecscience.tec.mx\/es\/salud\/autismo-en-mujeres-adultas-diagnostico\/#primaryimage"},"image":{"@id":"https:\/\/tecscience.tec.mx\/es\/salud\/autismo-en-mujeres-adultas-diagnostico\/#primaryimage"},"thumbnailUrl":"https:\/\/tecscience.tec.mx\/es\/wp-content\/uploads\/sites\/8\/2024\/04\/autismo-en-mujeres.jpg","datePublished":"2024-04-01T22:10:00+00:00","dateModified":"2026-03-27T21:40:32+00:00","description":"Se cree que por cada 4 hombres con autismo hay una mujer, sin embargo en los \u00faltimos a\u00f1os se ha abierto la conversaci\u00f3n, \u00bfy si el sesgo de g\u00e9nero provoca un diagn\u00f3stico tard\u00edo de TEA en mujeres y ni\u00f1as?","breadcrumb":{"@id":"https:\/\/tecscience.tec.mx\/es\/salud\/autismo-en-mujeres-adultas-diagnostico\/#breadcrumb"},"inLanguage":"es","potentialAction":[{"@type":"ReadAction","target":["https:\/\/tecscience.tec.mx\/es\/salud\/autismo-en-mujeres-adultas-diagnostico\/"]}]},{"@type":"ImageObject","inLanguage":"es","@id":"https:\/\/tecscience.tec.mx\/es\/salud\/autismo-en-mujeres-adultas-diagnostico\/#primaryimage","url":"https:\/\/tecscience.tec.mx\/es\/wp-content\/uploads\/sites\/8\/2024\/04\/autismo-en-mujeres.jpg","contentUrl":"https:\/\/tecscience.tec.mx\/es\/wp-content\/uploads\/sites\/8\/2024\/04\/autismo-en-mujeres.jpg","width":750,"height":500,"caption":"Las mujeres con autismo tienen un riesgo mayor de padecer ansiedad, depresi\u00f3n y trastornos del sue\u00f1o. (Foto: Shutterstock)"},{"@type":"BreadcrumbList","@id":"https:\/\/tecscience.tec.mx\/es\/salud\/autismo-en-mujeres-adultas-diagnostico\/#breadcrumb","itemListElement":[{"@type":"ListItem","position":1,"name":"Home","item":"https:\/\/tecscience.tec.mx\/es\/"},{"@type":"ListItem","position":2,"name":"El vac\u00edo del diagn\u00f3stico de autismo en ni\u00f1as y mujeres"}]},{"@type":"WebSite","@id":"https:\/\/tecscience.tec.mx\/es\/#website","url":"https:\/\/tecscience.tec.mx\/es\/","name":"TecScience","description":"Bilingual platform in charge of communicating advances in research, science and innovation at Tec","publisher":{"@id":"https:\/\/tecscience.tec.mx\/es\/#organization"},"potentialAction":[{"@type":"SearchAction","target":{"@type":"EntryPoint","urlTemplate":"https:\/\/tecscience.tec.mx\/es\/?s={search_term_string}"},"query-input":{"@type":"PropertyValueSpecification","valueRequired":true,"valueName":"search_term_string"}}],"inLanguage":"es"},{"@type":"Organization","@id":"https:\/\/tecscience.tec.mx\/es\/#organization","name":"TecScience","url":"https:\/\/tecscience.tec.mx\/es\/","logo":{"@type":"ImageObject","inLanguage":"es","@id":"https:\/\/tecscience.tec.mx\/es\/#\/schema\/logo\/image\/","url":"https:\/\/tecscience.tec.mx\/es\/wp-content\/uploads\/sites\/8\/2022\/11\/logo-negro-tecscience.svg","contentUrl":"https:\/\/tecscience.tec.mx\/es\/wp-content\/uploads\/sites\/8\/2022\/11\/logo-negro-tecscience.svg","width":250,"height":38,"caption":"TecScience"},"image":{"@id":"https:\/\/tecscience.tec.mx\/es\/#\/schema\/logo\/image\/"},"sameAs":["https:\/\/www.facebook.com\/TecScienceWeb","https:\/\/x.com\/TecScience_","https:\/\/www.linkedin.com\/company\/tec-science\/","https:\/\/www.instagram.com\/tecscienceweb\/"],"publishingPrinciples":"https:\/\/tecscience.tec.mx\/es\/guia-de-publicacion-para-articulos-de-divulgacion\/","correctionsPolicy":"https:\/\/tecscience.tec.mx\/es\/equipo-editorial-tecscience\/"},{"@type":"Person","@id":"https:\/\/tecscience.tec.mx\/es\/#\/schema\/person\/f1eda754f351fee8286f107866d16bb6","name":"Ana Estrada","image":{"@type":"ImageObject","inLanguage":"es","@id":"https:\/\/secure.gravatar.com\/avatar\/f4f23822abf70749c03344d71b87695b101fcb0c7a42f9a4fbe258ae0f67efd0?s=96&d=mm&r=g","url":"https:\/\/secure.gravatar.com\/avatar\/f4f23822abf70749c03344d71b87695b101fcb0c7a42f9a4fbe258ae0f67efd0?s=96&d=mm&r=g","contentUrl":"https:\/\/secure.gravatar.com\/avatar\/f4f23822abf70749c03344d71b87695b101fcb0c7a42f9a4fbe258ae0f67efd0?s=96&d=mm&r=g","caption":"Ana Estrada"},"url":"https:\/\/tecscience.tec.mx\/es\/author\/anae\/"}]}},"_links":{"self":[{"href":"https:\/\/tecscience.tec.mx\/es\/wp-json\/wp\/v2\/posts\/162417","targetHints":{"allow":["GET"]}}],"collection":[{"href":"https:\/\/tecscience.tec.mx\/es\/wp-json\/wp\/v2\/posts"}],"about":[{"href":"https:\/\/tecscience.tec.mx\/es\/wp-json\/wp\/v2\/types\/post"}],"author":[{"embeddable":true,"href":"https:\/\/tecscience.tec.mx\/es\/wp-json\/wp\/v2\/users\/45"}],"replies":[{"embeddable":true,"href":"https:\/\/tecscience.tec.mx\/es\/wp-json\/wp\/v2\/comments?post=162417"}],"version-history":[{"count":1,"href":"https:\/\/tecscience.tec.mx\/es\/wp-json\/wp\/v2\/posts\/162417\/revisions"}],"predecessor-version":[{"id":183663,"href":"https:\/\/tecscience.tec.mx\/es\/wp-json\/wp\/v2\/posts\/162417\/revisions\/183663"}],"wp:featuredmedia":[{"embeddable":true,"href":"https:\/\/tecscience.tec.mx\/es\/wp-json\/wp\/v2\/media\/162419"}],"wp:attachment":[{"href":"https:\/\/tecscience.tec.mx\/es\/wp-json\/wp\/v2\/media?parent=162417"}],"wp:term":[{"taxonomy":"category","embeddable":true,"href":"https:\/\/tecscience.tec.mx\/es\/wp-json\/wp\/v2\/categories?post=162417"},{"taxonomy":"post_tag","embeddable":true,"href":"https:\/\/tecscience.tec.mx\/es\/wp-json\/wp\/v2\/tags?post=162417"}],"curies":[{"name":"wp","href":"https:\/\/api.w.org\/{rel}","templated":true}]}}