{"id":166660,"date":"2024-07-29T15:34:48","date_gmt":"2024-07-29T21:34:48","guid":{"rendered":"https:\/\/tecscience.tec.mx\/es\/?p=166660"},"modified":"2024-07-29T17:09:00","modified_gmt":"2024-07-29T23:09:00","slug":"premio-nacional-de-periodismo-en-salud","status":"publish","type":"post","link":"https:\/\/tecscience.tec.mx\/es\/humano-social\/premio-nacional-de-periodismo-en-salud\/","title":{"rendered":"Reconocen al podcast de TecScience en Premio Nacional de Periodismo en Salud"},"content":{"rendered":"\n<p>El podcast de <strong><em>TecScience<\/em><\/strong>, <a href=\"https:\/\/open.spotify.com\/show\/7DgCusvMmSaIx9gFibDnBg\" target=\"_blank\" rel=\"noreferrer noopener\">Historias para mentes curiosas<\/a>, fue reconocido durante la entrega del <strong><a href=\"https:\/\/www.opinion51.com\/premiosalud\/\">Premio Nacional de Periodismo en Salud 2024<\/a><\/strong>, que destaca a los trabajos que han contribuido a la divulgaci\u00f3n de informaci\u00f3n en este campo.<\/p>\n\n\n\n<p>El jurado destac\u00f3 el proyecto <a href=\"https:\/\/open.spotify.com\/episode\/2mojAi4Xcuh3qbxI6p8Bln?si=aSt5yCNmSpWeIBGko5WoSA\" target=\"_blank\" rel=\"noreferrer noopener\"><em>Hongos y microdosis de psilocibina para combatir la depresi\u00f3n. Todo lo que debes saber<\/em><\/a>, que recibi\u00f3 una <strong>Menci\u00f3n Honor\u00edfica<\/strong> en la categor\u00eda de <strong>Contenido en Audio<\/strong>.<\/p>\n\n\n\n<p>El cap\u00edtulo reconocido habla sobre el uso de la <strong>psilocibina<\/strong> como tratamiento para las enfermedades mentales como la <a href=\"https:\/\/tecscience.tec.mx\/es\/salud\/que-es-la-depresion\/\">depresi\u00f3n<\/a> y hace un llamado a promover la investigaci\u00f3n cient\u00edfica en M\u00e9xico de dicho compuesto.&nbsp;<\/p>\n\n\n\n<figure class=\"wp-block-image aligncenter size-full\"><picture>\r\n                <source srcset=\"https:\/\/tecscience.tec.mx\/es\/wp-content\/uploads\/sites\/8\/2024\/07\/premio-nacional-de-periodismo-en-salud-3.webp\" type=\"image\/webp\">\r\n                <img fetchpriority=\"high\" decoding=\"async\" width=\"750\" height=\"500\" src=\"https:\/\/tecscience.tec.mx\/es\/wp-content\/uploads\/sites\/8\/2024\/07\/premio-nacional-de-periodismo-en-salud-3.jpg\" alt=\"\" class=\"wp-image-166671\" srcset=\"https:\/\/tecscience.tec.mx\/es\/wp-content\/uploads\/sites\/8\/2024\/07\/premio-nacional-de-periodismo-en-salud-3.jpg 750w, https:\/\/tecscience.tec.mx\/es\/wp-content\/uploads\/sites\/8\/2024\/07\/premio-nacional-de-periodismo-en-salud-3-300x200.jpg 300w\" sizes=\"(max-width: 750px) 100vw, 750px\" \/>\r\n            <\/picture><figcaption class=\"wp-element-caption\">El equipo de TecScience reconocido por el podcast \u201cHistorias para mentes curiosas\u201d. De izquierda a derecha: Orlando Oliveros, Carmina de la Luz, Karina Rodr\u00edguez e In\u00e9s Gutierrez. (Foto: Mariana Le\u00f3n \/ TecScience)<\/figcaption><\/figure>\n\n\n\n<p>El premio fue convocado por <strong>Merck<\/strong>, una empresa dedicada al desarrollo de ciencia y tecnolog\u00eda desde hace 300 a\u00f1os. <strong>Cristian<\/strong> <strong>Von Schulz Hausmann<\/strong>, director general de Merck en M\u00e9xico, dijo que el periodismo sobre salud existe en un entorno complejo y dif\u00edcil de comunicar.\u00a0<\/p>\n\n\n\n<p>\u201cQuiero contarles que los <strong>m\u00e9dicos<\/strong> muchas veces nos nutrimos del trabajo de los periodistas, es imposible abarcar todos los avances, desde mi lugar como cardi\u00f3logo tengo que actualizarme\u201d, dijo Von Schulz.&nbsp;<\/p>\n\n\n\n<p>Los periodistas que participaron con sus proyectos fueron reconocidos por Merck, Opini\u00f3n 51, TV UNAM, El Economista, Universidad de Guadalajara, El Universal y S\u00edntesis TV por aportar informaci\u00f3n sobre salud durante 2022 y 2023. En esta primera versi\u00f3n del premio se recibieron m\u00e1s de 100 proyectos period\u00edsticos.<\/p>\n\n\n\n<figure class=\"wp-block-image aligncenter size-full\"><picture>\r\n                <source srcset=\"https:\/\/tecscience.tec.mx\/es\/wp-content\/uploads\/sites\/8\/2024\/07\/premio-nacional-de-periodismo-en-salud-1.webp\" type=\"image\/webp\">\r\n                <img decoding=\"async\" width=\"750\" height=\"500\" src=\"https:\/\/tecscience.tec.mx\/es\/wp-content\/uploads\/sites\/8\/2024\/07\/premio-nacional-de-periodismo-en-salud-1.jpg\" alt=\"\" class=\"wp-image-166689\" srcset=\"https:\/\/tecscience.tec.mx\/es\/wp-content\/uploads\/sites\/8\/2024\/07\/premio-nacional-de-periodismo-en-salud-1.jpg 750w, https:\/\/tecscience.tec.mx\/es\/wp-content\/uploads\/sites\/8\/2024\/07\/premio-nacional-de-periodismo-en-salud-1-300x200.jpg 300w\" sizes=\"(max-width: 750px) 100vw, 750px\" \/>\r\n            <\/picture><figcaption class=\"wp-element-caption\">Los periodistas reconocidos con el Premio Nacional de Periodismo en Salud 2024. (Foto: Equipo Merck y Equipo Eje de comunicaci\u00f3n)<\/figcaption><\/figure>\n\n\n\n<h2 class=\"wp-block-heading\"><strong>Ganadores:<\/strong><\/h2>\n\n\n\n<p><strong>Contenido en Audio<\/strong><\/p>\n\n\n\n<p><strong>1er Lugar<\/strong>: Itzel Elizabeth G\u00f3mez Gurrola y Carlos Antonio S\u00e1nchez Rodr\u00edguez con el proyecto \u201cMenos de metro y medio\u201d, publicado en Pan Pal Susto Podcast.<\/p>\n\n\n\n<p><strong>Menci\u00f3n Honor\u00edfica<\/strong>:&nbsp;Carmina de la Luz, In\u00e9s Gutierrez, Karina Rodr\u00edguez, Orlando Oliveros con el proyecto \u201cHongos y microdosis de psilocibina para combatir la depresi\u00f3n. Todo lo que debes saber\u201d, publicado en Historias para Mentes Curiosas.<\/p>\n\n\n\n<figure class=\"wp-block-embed is-type-rich is-provider-spotify wp-block-embed-spotify wp-embed-aspect-21-9 wp-has-aspect-ratio\"><div class=\"wp-block-embed__wrapper\">\n<iframe title=\"Spotify Embed: Ep. 83 - Hongos y microdosis de psilocibina para combatir la depresi\u00f3n: Todo lo que debes saber.\" style=\"border-radius: 12px\" width=\"100%\" height=\"152\" frameborder=\"0\" allowfullscreen allow=\"autoplay; clipboard-write; encrypted-media; fullscreen; picture-in-picture\" loading=\"lazy\" src=\"https:\/\/open.spotify.com\/embed\/episode\/2mojAi4Xcuh3qbxI6p8Bln?si=tQR7k72PSV6jtsycrMToWQ&#038;utm_source=oembed\"><\/iframe>\n<\/div><\/figure>\n\n\n\n<p><strong>Contenido Escrito<\/strong><\/p>\n\n\n\n<p><strong>1er Lugar<\/strong>: Jair Avalos L\u00f3pez con el proyecto \u201cEl Silencio del VIH en Yucat\u00e1n\u201d, publicado en Revista Gatopardo.<\/p>\n\n\n\n<p><strong>Menci\u00f3n Honor\u00edfica<\/strong>: Luz Yarazai Santes Simbr\u00f3n con su proyecto \u201cPanorama rojo: M\u00e9xico avanza lento hacia la justicia menstrual\u201d, publicado en Corriente Alterna.<\/p>\n\n\n\n<p><strong>Contenido en Video<\/strong><\/p>\n\n\n\n<p><strong>1er Lugar<\/strong>: Yvette Solorzano Parra, Juan Antonio Zapata Pardo, Jorge Isaac Moreno Ram\u00edrez, Jos\u00e9 Luis Villegas Ortega, con el proyecto \u201c\u00bfEl agua contaminada del r\u00edo Atoyac da c\u00e1ncer?\u201d, publicado en N+Media.<\/p>\n\n\n\n<p><strong>Menci\u00f3n Honor\u00edfica<\/strong>: Mar\u00eda Claudia Santos S\u00e1nchez y Dulce Citlaly L\u00f3pez Orozco con el proyecto \u201c\u00bfHay riesgo si tomo muchos medicamentos?\u201d, publicado en Canal Once del Instituto Polit\u00e9cnico Nacional.<\/p>\n\n\n\n<p><strong>Contenido en Redes Sociales<\/strong><\/p>\n\n\n\n<p><strong>1er Lugar<\/strong>: Carmina de la Luz, Diana Peredo, Enrique Sa\u00f1udo, Estefan\u00eda Escobar, Sara Villegas, con el proyecto \u201cEl c\u00e1ncer detectado a tiempo es tratable\u201d, publicado en Pictoline.<\/p>\n\n\n\n<p><strong>Categor\u00eda Universitaria<\/strong><\/p>\n\n\n\n<p><strong>1er Lugar<\/strong>: Mariana Mastache Maldonado, con el proyecto \u201cNubes de pl\u00e1stico y los recuerdos que perdemos\u201d, publicado en Revista Gatopardo.<\/p>\n\n\n\n<p><strong>Menci\u00f3n Honor\u00edfica<\/strong>: Mar\u00eda Isabel Beltr\u00e1n Antonio, con el proyecto \u201cEntre la vida y la deuda: el alto costo de la insuficiencia renal\u201d.<\/p>\n\n\n\n<p><strong><em>\u00bfTe interes\u00f3 esta historia? \u00bfQuieres publicarla?&nbsp; Contacta a nuestra editora de contenidos para conocer m\u00e1s&nbsp;<a href=\"mailto:marianaleonm@tec.mx\" target=\"_blank\" rel=\"noreferrer noopener\">marianaleonm@tec.mx<\/a><\/em><\/strong><\/p>\n","protected":false},"excerpt":{"rendered":"<p>\u201cHistorias para mentes curiosas\u201d recibi\u00f3 la Menci\u00f3n Honor\u00edfica en la categor\u00eda de Contenido de Audio.<\/p>\n","protected":false},"author":24,"featured_media":166665,"comment_status":"closed","ping_status":"closed","sticky":false,"template":"","format":"standard","meta":{"_acf_changed":false,"_eb_attr":"","footnotes":""},"categories":[101],"tags":[817],"class_list":["post-166660","post","type-post","status-publish","format-standard","has-post-thumbnail","hentry","category-humano-social","tag-historias-para-mentes-curiosas"],"acf":[],"yoast_head":"<!-- This site is optimized with the Yoast SEO Premium plugin v21.0 (Yoast SEO v27.4) - https:\/\/yoast.com\/product\/yoast-seo-premium-wordpress\/ -->\n<title>Reconocen podcast de TecScience en Premio de Periodismo de Salud | TecScience<\/title>\n<meta name=\"description\" content=\"\u201cHistorias para mentes curiosas\u201d recibi\u00f3 la Menci\u00f3n Honor\u00edfica en la categor\u00eda de Contenido de Audio del Premio Nacional de Periodismo en Salud 2024.\" \/>\n<meta name=\"robots\" content=\"index, follow, max-snippet:-1, max-image-preview:large, max-video-preview:-1\" \/>\n<link rel=\"canonical\" href=\"https:\/\/tecscience.tec.mx\/es\/humano-social\/premio-nacional-de-periodismo-en-salud\/\" \/>\n<meta property=\"og:locale\" content=\"es_ES\" \/>\n<meta property=\"og:type\" content=\"article\" \/>\n<meta property=\"og:title\" content=\"Reconocen al podcast de TecScience en Premio Nacional de Periodismo en Salud Reconocen podcast de TecScience en Premio de Periodismo de Salud | TecScience\" \/>\n<meta property=\"og:description\" content=\"\u201cHistorias para mentes curiosas\u201d recibi\u00f3 la Menci\u00f3n Honor\u00edfica en la categor\u00eda de Contenido de Audio del Premio Nacional de Periodismo en Salud 2024.\" \/>\n<meta property=\"og:url\" content=\"https:\/\/tecscience.tec.mx\/es\/humano-social\/premio-nacional-de-periodismo-en-salud\/\" \/>\n<meta property=\"og:site_name\" content=\"TecScience\" \/>\n<meta property=\"article:publisher\" content=\"https:\/\/www.facebook.com\/TecScienceWeb\" \/>\n<meta property=\"article:published_time\" content=\"2024-07-29T21:34:48+00:00\" \/>\n<meta property=\"article:modified_time\" content=\"2024-07-29T23:09:00+00:00\" \/>\n<meta property=\"og:image\" content=\"https:\/\/tecscience.tec.mx\/es\/wp-content\/uploads\/sites\/8\/2024\/07\/premio-nacional-de-periodismo-en-salud-1.jpg\" \/>\n\t<meta property=\"og:image:width\" content=\"750\" \/>\n\t<meta property=\"og:image:height\" content=\"500\" \/>\n\t<meta property=\"og:image:type\" content=\"image\/jpeg\" \/>\n<meta name=\"author\" content=\"Daniel Melchor\" \/>\n<meta name=\"twitter:card\" content=\"summary_large_image\" \/>\n<meta name=\"twitter:title\" content=\"Reconocen al podcast de TecScience en Premio Nacional de Periodismo en Salud\" \/>\n<meta name=\"twitter:creator\" content=\"@TecScience_\" \/>\n<meta name=\"twitter:site\" content=\"@TecScience_\" \/>\n<meta name=\"twitter:label1\" content=\"Escrito por\" \/>\n\t<meta name=\"twitter:data1\" content=\"Daniel Melchor\" \/>\n\t<meta name=\"twitter:label2\" content=\"Tiempo de lectura\" \/>\n\t<meta name=\"twitter:data2\" content=\"4 minutos\" \/>\n<script type=\"application\/ld+json\" class=\"yoast-schema-graph\">{\"@context\":\"https:\\\/\\\/schema.org\",\"@graph\":[{\"@type\":\"Article\",\"@id\":\"https:\\\/\\\/tecscience.tec.mx\\\/es\\\/humano-social\\\/premio-nacional-de-periodismo-en-salud\\\/#article\",\"isPartOf\":{\"@id\":\"https:\\\/\\\/tecscience.tec.mx\\\/es\\\/humano-social\\\/premio-nacional-de-periodismo-en-salud\\\/\"},\"author\":{\"name\":\"Daniel Melchor\",\"@id\":\"https:\\\/\\\/tecscience.tec.mx\\\/es\\\/#\\\/schema\\\/person\\\/8d23afb94097012190a6aeea73edcb07\"},\"headline\":\"Reconocen al podcast de TecScience en Premio Nacional de Periodismo en Salud\",\"datePublished\":\"2024-07-29T21:34:48+00:00\",\"dateModified\":\"2024-07-29T23:09:00+00:00\",\"mainEntityOfPage\":{\"@id\":\"https:\\\/\\\/tecscience.tec.mx\\\/es\\\/humano-social\\\/premio-nacional-de-periodismo-en-salud\\\/\"},\"wordCount\":621,\"publisher\":{\"@id\":\"https:\\\/\\\/tecscience.tec.mx\\\/es\\\/#organization\"},\"image\":{\"@id\":\"https:\\\/\\\/tecscience.tec.mx\\\/es\\\/humano-social\\\/premio-nacional-de-periodismo-en-salud\\\/#primaryimage\"},\"thumbnailUrl\":\"https:\\\/\\\/tecscience.tec.mx\\\/es\\\/wp-content\\\/uploads\\\/sites\\\/8\\\/2024\\\/07\\\/premio-nacional-de-periodismo-en-salud.jpg\",\"keywords\":[\"Historias para mentes curiosas\"],\"articleSection\":[\"Humano y Social\"],\"inLanguage\":\"es\"},{\"@type\":\"WebPage\",\"@id\":\"https:\\\/\\\/tecscience.tec.mx\\\/es\\\/humano-social\\\/premio-nacional-de-periodismo-en-salud\\\/\",\"url\":\"https:\\\/\\\/tecscience.tec.mx\\\/es\\\/humano-social\\\/premio-nacional-de-periodismo-en-salud\\\/\",\"name\":\"Reconocen podcast de TecScience en Premio de Periodismo de Salud | TecScience\",\"isPartOf\":{\"@id\":\"https:\\\/\\\/tecscience.tec.mx\\\/es\\\/#website\"},\"primaryImageOfPage\":{\"@id\":\"https:\\\/\\\/tecscience.tec.mx\\\/es\\\/humano-social\\\/premio-nacional-de-periodismo-en-salud\\\/#primaryimage\"},\"image\":{\"@id\":\"https:\\\/\\\/tecscience.tec.mx\\\/es\\\/humano-social\\\/premio-nacional-de-periodismo-en-salud\\\/#primaryimage\"},\"thumbnailUrl\":\"https:\\\/\\\/tecscience.tec.mx\\\/es\\\/wp-content\\\/uploads\\\/sites\\\/8\\\/2024\\\/07\\\/premio-nacional-de-periodismo-en-salud.jpg\",\"datePublished\":\"2024-07-29T21:34:48+00:00\",\"dateModified\":\"2024-07-29T23:09:00+00:00\",\"description\":\"\u201cHistorias para mentes curiosas\u201d recibi\u00f3 la Menci\u00f3n Honor\u00edfica en la categor\u00eda de Contenido de Audio del Premio Nacional de Periodismo en Salud 2024.\",\"breadcrumb\":{\"@id\":\"https:\\\/\\\/tecscience.tec.mx\\\/es\\\/humano-social\\\/premio-nacional-de-periodismo-en-salud\\\/#breadcrumb\"},\"inLanguage\":\"es\",\"potentialAction\":[{\"@type\":\"ReadAction\",\"target\":[\"https:\\\/\\\/tecscience.tec.mx\\\/es\\\/humano-social\\\/premio-nacional-de-periodismo-en-salud\\\/\"]}]},{\"@type\":\"ImageObject\",\"inLanguage\":\"es\",\"@id\":\"https:\\\/\\\/tecscience.tec.mx\\\/es\\\/humano-social\\\/premio-nacional-de-periodismo-en-salud\\\/#primaryimage\",\"url\":\"https:\\\/\\\/tecscience.tec.mx\\\/es\\\/wp-content\\\/uploads\\\/sites\\\/8\\\/2024\\\/07\\\/premio-nacional-de-periodismo-en-salud.jpg\",\"contentUrl\":\"https:\\\/\\\/tecscience.tec.mx\\\/es\\\/wp-content\\\/uploads\\\/sites\\\/8\\\/2024\\\/07\\\/premio-nacional-de-periodismo-en-salud.jpg\",\"width\":750,\"height\":500,\"caption\":\"El equipo de TecScience recibe reconocimiento por el podcast \\\"Historias para mentes curiosas\\\". (Ilustraci\u00f3n: TecScience)\"},{\"@type\":\"BreadcrumbList\",\"@id\":\"https:\\\/\\\/tecscience.tec.mx\\\/es\\\/humano-social\\\/premio-nacional-de-periodismo-en-salud\\\/#breadcrumb\",\"itemListElement\":[{\"@type\":\"ListItem\",\"position\":1,\"name\":\"Home\",\"item\":\"https:\\\/\\\/tecscience.tec.mx\\\/es\\\/\"},{\"@type\":\"ListItem\",\"position\":2,\"name\":\"Reconocen al podcast de TecScience en Premio Nacional de Periodismo en Salud\"}]},{\"@type\":\"WebSite\",\"@id\":\"https:\\\/\\\/tecscience.tec.mx\\\/es\\\/#website\",\"url\":\"https:\\\/\\\/tecscience.tec.mx\\\/es\\\/\",\"name\":\"TecScience\",\"description\":\"Bilingual platform in charge of communicating advances in research, science and innovation at Tec\",\"publisher\":{\"@id\":\"https:\\\/\\\/tecscience.tec.mx\\\/es\\\/#organization\"},\"potentialAction\":[{\"@type\":\"SearchAction\",\"target\":{\"@type\":\"EntryPoint\",\"urlTemplate\":\"https:\\\/\\\/tecscience.tec.mx\\\/es\\\/?s={search_term_string}\"},\"query-input\":{\"@type\":\"PropertyValueSpecification\",\"valueRequired\":true,\"valueName\":\"search_term_string\"}}],\"inLanguage\":\"es\"},{\"@type\":\"Organization\",\"@id\":\"https:\\\/\\\/tecscience.tec.mx\\\/es\\\/#organization\",\"name\":\"TecScience\",\"url\":\"https:\\\/\\\/tecscience.tec.mx\\\/es\\\/\",\"logo\":{\"@type\":\"ImageObject\",\"inLanguage\":\"es\",\"@id\":\"https:\\\/\\\/tecscience.tec.mx\\\/es\\\/#\\\/schema\\\/logo\\\/image\\\/\",\"url\":\"https:\\\/\\\/tecscience.tec.mx\\\/es\\\/wp-content\\\/uploads\\\/sites\\\/8\\\/2022\\\/11\\\/logo-negro-tecscience.svg\",\"contentUrl\":\"https:\\\/\\\/tecscience.tec.mx\\\/es\\\/wp-content\\\/uploads\\\/sites\\\/8\\\/2022\\\/11\\\/logo-negro-tecscience.svg\",\"width\":250,\"height\":38,\"caption\":\"TecScience\"},\"image\":{\"@id\":\"https:\\\/\\\/tecscience.tec.mx\\\/es\\\/#\\\/schema\\\/logo\\\/image\\\/\"},\"sameAs\":[\"https:\\\/\\\/www.facebook.com\\\/TecScienceWeb\",\"https:\\\/\\\/x.com\\\/TecScience_\",\"https:\\\/\\\/www.linkedin.com\\\/company\\\/tec-science\\\/\",\"https:\\\/\\\/www.instagram.com\\\/tecscienceweb\\\/\"],\"publishingPrinciples\":\"https:\\\/\\\/tecscience.tec.mx\\\/es\\\/guia-de-publicacion-para-articulos-de-divulgacion\\\/\",\"correctionsPolicy\":\"https:\\\/\\\/tecscience.tec.mx\\\/es\\\/equipo-editorial-tecscience\\\/\"},{\"@type\":\"Person\",\"@id\":\"https:\\\/\\\/tecscience.tec.mx\\\/es\\\/#\\\/schema\\\/person\\\/8d23afb94097012190a6aeea73edcb07\",\"name\":\"Daniel Melchor\",\"image\":{\"@type\":\"ImageObject\",\"inLanguage\":\"es\",\"@id\":\"https:\\\/\\\/secure.gravatar.com\\\/avatar\\\/2b10be3b35ff4def1069d5594079220273cf421ada2ed6dba3b98fd0a362a8cd?s=96&d=mm&r=g\",\"url\":\"https:\\\/\\\/secure.gravatar.com\\\/avatar\\\/2b10be3b35ff4def1069d5594079220273cf421ada2ed6dba3b98fd0a362a8cd?s=96&d=mm&r=g\",\"contentUrl\":\"https:\\\/\\\/secure.gravatar.com\\\/avatar\\\/2b10be3b35ff4def1069d5594079220273cf421ada2ed6dba3b98fd0a362a8cd?s=96&d=mm&r=g\",\"caption\":\"Daniel Melchor\"},\"url\":\"https:\\\/\\\/tecscience.tec.mx\\\/es\\\/author\\\/dmelchor\\\/\"}]}<\/script>\n<!-- \/ Yoast SEO Premium plugin. -->","yoast_head_json":{"title":"Reconocen podcast de TecScience en Premio de Periodismo de Salud | TecScience","description":"\u201cHistorias para mentes curiosas\u201d recibi\u00f3 la Menci\u00f3n Honor\u00edfica en la categor\u00eda de Contenido de Audio del Premio Nacional de Periodismo en Salud 2024.","robots":{"index":"index","follow":"follow","max-snippet":"max-snippet:-1","max-image-preview":"max-image-preview:large","max-video-preview":"max-video-preview:-1"},"canonical":"https:\/\/tecscience.tec.mx\/es\/humano-social\/premio-nacional-de-periodismo-en-salud\/","og_locale":"es_ES","og_type":"article","og_title":"Reconocen al podcast de TecScience en Premio Nacional de Periodismo en Salud Reconocen podcast de TecScience en Premio de Periodismo de Salud | TecScience","og_description":"\u201cHistorias para mentes curiosas\u201d recibi\u00f3 la Menci\u00f3n Honor\u00edfica en la categor\u00eda de Contenido de Audio del Premio Nacional de Periodismo en Salud 2024.","og_url":"https:\/\/tecscience.tec.mx\/es\/humano-social\/premio-nacional-de-periodismo-en-salud\/","og_site_name":"TecScience","article_publisher":"https:\/\/www.facebook.com\/TecScienceWeb","article_published_time":"2024-07-29T21:34:48+00:00","article_modified_time":"2024-07-29T23:09:00+00:00","og_image":[{"width":750,"height":500,"url":"https:\/\/tecscience.tec.mx\/es\/wp-content\/uploads\/sites\/8\/2024\/07\/premio-nacional-de-periodismo-en-salud-1.jpg","type":"image\/jpeg"}],"author":"Daniel Melchor","twitter_card":"summary_large_image","twitter_title":"Reconocen al podcast de TecScience en Premio Nacional de Periodismo en Salud","twitter_creator":"@TecScience_","twitter_site":"@TecScience_","twitter_misc":{"Escrito por":"Daniel Melchor","Tiempo de lectura":"4 minutos"},"schema":{"@context":"https:\/\/schema.org","@graph":[{"@type":"Article","@id":"https:\/\/tecscience.tec.mx\/es\/humano-social\/premio-nacional-de-periodismo-en-salud\/#article","isPartOf":{"@id":"https:\/\/tecscience.tec.mx\/es\/humano-social\/premio-nacional-de-periodismo-en-salud\/"},"author":{"name":"Daniel Melchor","@id":"https:\/\/tecscience.tec.mx\/es\/#\/schema\/person\/8d23afb94097012190a6aeea73edcb07"},"headline":"Reconocen al podcast de TecScience en Premio Nacional de Periodismo en Salud","datePublished":"2024-07-29T21:34:48+00:00","dateModified":"2024-07-29T23:09:00+00:00","mainEntityOfPage":{"@id":"https:\/\/tecscience.tec.mx\/es\/humano-social\/premio-nacional-de-periodismo-en-salud\/"},"wordCount":621,"publisher":{"@id":"https:\/\/tecscience.tec.mx\/es\/#organization"},"image":{"@id":"https:\/\/tecscience.tec.mx\/es\/humano-social\/premio-nacional-de-periodismo-en-salud\/#primaryimage"},"thumbnailUrl":"https:\/\/tecscience.tec.mx\/es\/wp-content\/uploads\/sites\/8\/2024\/07\/premio-nacional-de-periodismo-en-salud.jpg","keywords":["Historias para mentes curiosas"],"articleSection":["Humano y Social"],"inLanguage":"es"},{"@type":"WebPage","@id":"https:\/\/tecscience.tec.mx\/es\/humano-social\/premio-nacional-de-periodismo-en-salud\/","url":"https:\/\/tecscience.tec.mx\/es\/humano-social\/premio-nacional-de-periodismo-en-salud\/","name":"Reconocen podcast de TecScience en Premio de Periodismo de Salud | TecScience","isPartOf":{"@id":"https:\/\/tecscience.tec.mx\/es\/#website"},"primaryImageOfPage":{"@id":"https:\/\/tecscience.tec.mx\/es\/humano-social\/premio-nacional-de-periodismo-en-salud\/#primaryimage"},"image":{"@id":"https:\/\/tecscience.tec.mx\/es\/humano-social\/premio-nacional-de-periodismo-en-salud\/#primaryimage"},"thumbnailUrl":"https:\/\/tecscience.tec.mx\/es\/wp-content\/uploads\/sites\/8\/2024\/07\/premio-nacional-de-periodismo-en-salud.jpg","datePublished":"2024-07-29T21:34:48+00:00","dateModified":"2024-07-29T23:09:00+00:00","description":"\u201cHistorias para mentes curiosas\u201d recibi\u00f3 la Menci\u00f3n Honor\u00edfica en la categor\u00eda de Contenido de Audio del Premio Nacional de Periodismo en Salud 2024.","breadcrumb":{"@id":"https:\/\/tecscience.tec.mx\/es\/humano-social\/premio-nacional-de-periodismo-en-salud\/#breadcrumb"},"inLanguage":"es","potentialAction":[{"@type":"ReadAction","target":["https:\/\/tecscience.tec.mx\/es\/humano-social\/premio-nacional-de-periodismo-en-salud\/"]}]},{"@type":"ImageObject","inLanguage":"es","@id":"https:\/\/tecscience.tec.mx\/es\/humano-social\/premio-nacional-de-periodismo-en-salud\/#primaryimage","url":"https:\/\/tecscience.tec.mx\/es\/wp-content\/uploads\/sites\/8\/2024\/07\/premio-nacional-de-periodismo-en-salud.jpg","contentUrl":"https:\/\/tecscience.tec.mx\/es\/wp-content\/uploads\/sites\/8\/2024\/07\/premio-nacional-de-periodismo-en-salud.jpg","width":750,"height":500,"caption":"El equipo de TecScience recibe reconocimiento por el podcast \"Historias para mentes curiosas\". (Ilustraci\u00f3n: TecScience)"},{"@type":"BreadcrumbList","@id":"https:\/\/tecscience.tec.mx\/es\/humano-social\/premio-nacional-de-periodismo-en-salud\/#breadcrumb","itemListElement":[{"@type":"ListItem","position":1,"name":"Home","item":"https:\/\/tecscience.tec.mx\/es\/"},{"@type":"ListItem","position":2,"name":"Reconocen al podcast de TecScience en Premio Nacional de Periodismo en Salud"}]},{"@type":"WebSite","@id":"https:\/\/tecscience.tec.mx\/es\/#website","url":"https:\/\/tecscience.tec.mx\/es\/","name":"TecScience","description":"Bilingual platform in charge of communicating advances in research, science and innovation at Tec","publisher":{"@id":"https:\/\/tecscience.tec.mx\/es\/#organization"},"potentialAction":[{"@type":"SearchAction","target":{"@type":"EntryPoint","urlTemplate":"https:\/\/tecscience.tec.mx\/es\/?s={search_term_string}"},"query-input":{"@type":"PropertyValueSpecification","valueRequired":true,"valueName":"search_term_string"}}],"inLanguage":"es"},{"@type":"Organization","@id":"https:\/\/tecscience.tec.mx\/es\/#organization","name":"TecScience","url":"https:\/\/tecscience.tec.mx\/es\/","logo":{"@type":"ImageObject","inLanguage":"es","@id":"https:\/\/tecscience.tec.mx\/es\/#\/schema\/logo\/image\/","url":"https:\/\/tecscience.tec.mx\/es\/wp-content\/uploads\/sites\/8\/2022\/11\/logo-negro-tecscience.svg","contentUrl":"https:\/\/tecscience.tec.mx\/es\/wp-content\/uploads\/sites\/8\/2022\/11\/logo-negro-tecscience.svg","width":250,"height":38,"caption":"TecScience"},"image":{"@id":"https:\/\/tecscience.tec.mx\/es\/#\/schema\/logo\/image\/"},"sameAs":["https:\/\/www.facebook.com\/TecScienceWeb","https:\/\/x.com\/TecScience_","https:\/\/www.linkedin.com\/company\/tec-science\/","https:\/\/www.instagram.com\/tecscienceweb\/"],"publishingPrinciples":"https:\/\/tecscience.tec.mx\/es\/guia-de-publicacion-para-articulos-de-divulgacion\/","correctionsPolicy":"https:\/\/tecscience.tec.mx\/es\/equipo-editorial-tecscience\/"},{"@type":"Person","@id":"https:\/\/tecscience.tec.mx\/es\/#\/schema\/person\/8d23afb94097012190a6aeea73edcb07","name":"Daniel Melchor","image":{"@type":"ImageObject","inLanguage":"es","@id":"https:\/\/secure.gravatar.com\/avatar\/2b10be3b35ff4def1069d5594079220273cf421ada2ed6dba3b98fd0a362a8cd?s=96&d=mm&r=g","url":"https:\/\/secure.gravatar.com\/avatar\/2b10be3b35ff4def1069d5594079220273cf421ada2ed6dba3b98fd0a362a8cd?s=96&d=mm&r=g","contentUrl":"https:\/\/secure.gravatar.com\/avatar\/2b10be3b35ff4def1069d5594079220273cf421ada2ed6dba3b98fd0a362a8cd?s=96&d=mm&r=g","caption":"Daniel Melchor"},"url":"https:\/\/tecscience.tec.mx\/es\/author\/dmelchor\/"}]}},"_links":{"self":[{"href":"https:\/\/tecscience.tec.mx\/es\/wp-json\/wp\/v2\/posts\/166660","targetHints":{"allow":["GET"]}}],"collection":[{"href":"https:\/\/tecscience.tec.mx\/es\/wp-json\/wp\/v2\/posts"}],"about":[{"href":"https:\/\/tecscience.tec.mx\/es\/wp-json\/wp\/v2\/types\/post"}],"author":[{"embeddable":true,"href":"https:\/\/tecscience.tec.mx\/es\/wp-json\/wp\/v2\/users\/24"}],"replies":[{"embeddable":true,"href":"https:\/\/tecscience.tec.mx\/es\/wp-json\/wp\/v2\/comments?post=166660"}],"version-history":[{"count":0,"href":"https:\/\/tecscience.tec.mx\/es\/wp-json\/wp\/v2\/posts\/166660\/revisions"}],"wp:featuredmedia":[{"embeddable":true,"href":"https:\/\/tecscience.tec.mx\/es\/wp-json\/wp\/v2\/media\/166665"}],"wp:attachment":[{"href":"https:\/\/tecscience.tec.mx\/es\/wp-json\/wp\/v2\/media?parent=166660"}],"wp:term":[{"taxonomy":"category","embeddable":true,"href":"https:\/\/tecscience.tec.mx\/es\/wp-json\/wp\/v2\/categories?post=166660"},{"taxonomy":"post_tag","embeddable":true,"href":"https:\/\/tecscience.tec.mx\/es\/wp-json\/wp\/v2\/tags?post=166660"}],"curies":[{"name":"wp","href":"https:\/\/api.w.org\/{rel}","templated":true}]}}