{"id":169825,"date":"2024-11-11T12:50:58","date_gmt":"2024-11-11T18:50:58","guid":{"rendered":"https:\/\/tecscience.tec.mx\/es\/?p=169825"},"modified":"2024-12-09T20:06:47","modified_gmt":"2024-12-10T02:06:47","slug":"astrocitos-y-memoria","status":"publish","type":"post","link":"https:\/\/tecscience.tec.mx\/es\/salud\/astrocitos-y-memoria\/","title":{"rendered":"Astrocitos: claves en la formaci\u00f3n de recuerdos y contra la p\u00e9rdida de la memoria"},"content":{"rendered":"\n<p>Cuando se hablaba de memoria, hasta ahora en el mundo acad\u00e9mico predominaba la idea de que conjuntos espec\u00edficos de neuronas, denominados engramas, <strong>se activaban con el aprendizaje y almacenaban los recuerdos<\/strong> para posteriormente rememorar lo aprendido en cada experiencia relevante.<\/p>\n\n\n\n<p>Un nuevo <a href=\"https:\/\/www.nature.com\/articles\/s41586-024-08170-w\" target=\"_blank\" rel=\"noreferrer noopener\">estudio<\/a> publicado en la revista <em>Nature<\/em> muestra c\u00f3mo otro tipo de c\u00e9lulas del cerebro, los <strong>astrocitos<\/strong>, forman redes que regulan los circuitos de la memoria en estrecha colaboraci\u00f3n con las neuronas.<\/p>\n\n\n\n<p>El descubrimiento de sus autores, investigadores de la Facultad de Medicina de Baylor, en Houston, cambia lo que se sab\u00eda hasta ahora de<strong> la formaci\u00f3n de recuerdos <\/strong>y tal vez sobre el <a href=\"\/es\/biotecnologia\/una-nueva-oportunidad-para-la-deteccion-de-alzheimer\/\" target=\"_blank\" rel=\"noreferrer noopener\">abordaje<\/a> de patolog\u00edas asociadas a la p\u00e9rdida de memoria, como el <a href=\"\/es\/salud\/sildenafil-viagra-alzheimer\/\" target=\"_blank\" rel=\"noreferrer noopener\">alzh\u00e9imer<\/a>, o el trastorno de estr\u00e9s postraum\u00e1tico, en el que distintos sucesos se evocan repetidamente y son dif\u00edciles de suprimir.<\/p>\n\n\n\n<p>Los cient\u00edficos, liderados por Benjamin Deneen, descubrieron que los procesos de aprendizaje <strong>activan subconjuntos de astrocitos en el hipocampo<\/strong> que regulan la recuperaci\u00f3n de memorias, lo que indica que estas c\u00e9lulas cerebrales participan tambi\u00e9n \u201cen la manifestaci\u00f3n f\u00edsica y la expresi\u00f3n de los recuerdos\u201d.<\/p>\n\n\n\n<figure class=\"wp-block-embed is-type-video is-provider-youtube wp-block-embed-youtube wp-embed-aspect-16-9 wp-has-aspect-ratio\"><div class=\"wp-block-embed__wrapper\">\n<iframe title=\"Conoce c\u00f3mo una dieta antiinflamatoria puede evitar el deterioro cognitivo\" width=\"800\" height=\"450\" src=\"https:\/\/www.youtube.com\/embed\/GsiyzDN1Hcc?feature=oembed\" frameborder=\"0\" allow=\"accelerometer; autoplay; clipboard-write; encrypted-media; gyroscope; picture-in-picture; web-share\" referrerpolicy=\"strict-origin-when-cross-origin\" allowfullscreen><\/iframe>\n<\/div><\/figure>\n\n\n\n<h2 class=\"wp-block-heading\">Colaboraci\u00f3n astrocitos-neuronas<\/h2>\n\n\n\n<p>Gertrudis Perea, que lidera el Laboratorio de redes neuro-gliales del Instituto Cajal-CSIC, explica a SINC que este estudio muestra por primera vez <strong>c\u00f3mo los astrocitos, en estrecha colaboraci\u00f3n con las neuronas, forman las redes<\/strong> que regulan los circuitos de la memoria.<\/p>\n\n\n\n<p>\u201cEn concreto, describe la existencia de grupos de astrocitos que, al igual que estas, se activan durante el proceso del miedo condicionado a un entorno espec\u00edfico, y c\u00f3mo la activaci\u00f3n de estas poblaciones de astrocitos era<strong> capaz de desencadenar la recuperaci\u00f3n de recuerdos<\/strong>, incluso en contextos diferentes\u201d, afirma Perea, que ha revisado el art\u00edculo publicado en <em>Nature<\/em>.<\/p>\n\n\n\n<p>Los astrocitos est\u00e1n ligados a las neuronas y tienen funciones esenciales en la regulaci\u00f3n de la funci\u00f3n de los circuitos neuronales, incluidos los asociados con el aprendizaje y la memoria. Adem\u00e1s, exhiben una <strong>plasticidad dependiente de la experiencia<\/strong>, en la que sus estados de activaci\u00f3n, respuestas transcripcionales y propiedades funcionales est\u00e1n sintonizados con los est\u00edmulos ambientales y los estados internos, recuerdan los investigadores.<\/p>\n\n\n\n<p>Esto llev\u00f3 al grupo de Denee a suponer que la posibilidad de que participen activamente en la formaci\u00f3n y recuperaci\u00f3n de la memoria, en coordinaci\u00f3n con los conjuntos neuronales, era una hip\u00f3tesis viable.<\/p>\n\n\n\n<p>Para probarla, desarrollaron herramientas de laboratorio para identificar <strong>la actividad de los astrocitos asociados a los circuitos cerebrales de la memoria<\/strong>. Posteriormente condicionaron a ratones para que sintieran miedo en una situaci\u00f3n determinada. Los ratones demuestran su miedo qued\u00e1ndose r\u00edgidos e inm\u00f3viles, lo que los investigadores denominan quedarse \u00abcongelados\u00bb.<\/p>\n\n\n\n<figure class=\"wp-block-embed is-type-rich is-provider-spotify wp-block-embed-spotify wp-embed-aspect-21-9 wp-has-aspect-ratio\"><div class=\"wp-block-embed__wrapper\">\n<iframe title=\"Spotify Embed: Ep. 97 - Alzheimer: El dolor de perderse y lo que hace la ciencia para encontrar una cura\" style=\"border-radius: 12px\" width=\"100%\" height=\"152\" frameborder=\"0\" allowfullscreen allow=\"autoplay; clipboard-write; encrypted-media; fullscreen; picture-in-picture\" loading=\"lazy\" src=\"https:\/\/open.spotify.com\/embed\/episode\/60IWnwtdMqB9IR3AD9Bx4B?si=ad9c73a93ae24d18&#038;utm_source=oembed\"><\/iframe>\n<\/div><\/figure>\n\n\n\n<h2 class=\"wp-block-heading\">Regulaci\u00f3n de los circuitos cerebrales<\/h2>\n\n\n\n<p>Los investigadores demostraron que, durante los acontecimientos de aprendizaje como el condicionamiento al miedo, un subconjunto de astrocitos del cerebro de los ratones expresaba un <strong>gen denominado c-Fos<\/strong>. Y lo utilizaron para comprobar si estos astrocitos participaban en la <strong>memorizaci\u00f3n de situaciones que provocaban miedo.<\/strong><\/p>\n\n\n\n<p>Para ello, activaron de forma espec\u00edfica el conjunto de astrocitos que llevaban este gen c-Fos en los ratones que hab\u00edan tenido la experiencia de miedo, en un entorno neutro. Y los animales se \u201ccongelaron\u201d en ausencia de un est\u00edmulo que los provocara miedo, lo que demuestra que la activaci\u00f3n de los astrocitos era la responsable de <strong>estimular el recuerdo del miedo que hab\u00edan aprendido previamente.<\/strong><\/p>\n\n\n\n<p>\u201cEstos hallazgos ampl\u00edan la noci\u00f3n de que los astrocitos exhiben una plasticidad dependiente de la experiencia, en la que su funci\u00f3n se ajusta a las experiencias sensoriales o sociales, ilustrando nuevos papeles en<strong> la consolidaci\u00f3n y el recuerdo de la memoria<\/strong>\u201d, explican los investigadores.<\/p>\n\n\n\n<p>\u201cTradicionalmente se pensaba que los procesos de la memoria depend\u00edan \u00fanicamente de las neuronas, espec\u00edficamente de grupos llamados engramas. Este estudio muestra<strong> la existencia de subpoblaciones de astrocitos <\/strong>que participan directamente en su formaci\u00f3n y recuperaci\u00f3n\u201d, apunta Perea.<\/p>\n\n\n\n<p>El grupo de Deneen se\u00f1ala al gen que codifica para el factor nuclear I-A (NFIA) de uni\u00f3n a ADN como clave en la recuperaci\u00f3n de la memoria. Esto sugiere que existen grupos de <strong>astrocitos vinculados de manera \u00fanica a memorias particulares<\/strong>, igual que las neuronas, aclara Perea.<\/p>\n\n\n\n<h2 class=\"wp-block-heading\">Unas c\u00e9lulas en \u201cascenso\u201d<\/h2>\n\n\n\n<p>Con forma de estrella (a lo que deben su nombre), los astrocitos son el tipo de c\u00e9lulas m\u00e1s abundantes en el cerebro, se encuentran muy cerca de las neuronas y <strong>participan en procesos que favorecen la transmisi\u00f3n de informaci\u00f3n (neurotransmisi\u00f3n)<\/strong> y la plasticidad de los circuitos cerebrales. Sin embargo, durante mucho tiempo se consideraron como c\u00e9lulas que proporcionaban soporte y nutrici\u00f3n a las neuronas.<\/p>\n\n\n\n<p>El investigador espa\u00f1ol Alfonso Araque, actualmente en la Universidad de Minnesota, plante\u00f3 en 1998 durante su estancia posdoctoral en el laboratorio de Philip Haydon, en Estados Unidos, que los astrocitos participaban activamente en<strong> la regulaci\u00f3n de las sinapsis<\/strong>. Aunque entonces la comunidad cient\u00edfica se mostr\u00f3 bastante esc\u00e9ptica con la nueva funci\u00f3n.<\/p>\n\n\n\n<p>En 2007, la revista <em><a href=\"https:\/\/pubmed.ncbi.nlm.nih.gov\/17717185\/\" target=\"_blank\" rel=\"noreferrer noopener\">Science<\/a><\/em> recogi\u00f3 la idea de<strong> \u00absinapsis tripartita\u00bb<\/strong>, en la que participaban activamente los astrocitos junto con las neuronas. El art\u00edculo reconoci\u00f3 los resultados de la tesis doctoral de Gertrudis Perea, dirigida por Araque, que se incorpor\u00f3 al Instituto Cajal-CSIC despu\u00e9s de su estancia posdoctoral en Estados Unidos.<\/p>\n\n\n\n<p>Desde entonces los astrocitos han ido \u00abganando\u00bb funciones de relevancia. Y la \u00faltima prueba de ello es este nuevo art\u00edculo. \u201cEste estudio pone de manifiesto el potencial de los astrocitos para controlar los procesos que regulan la formaci\u00f3n de memorias, influyendo de manera crucial en c\u00f3mo interactuamos con el mundo que nos rodea, que se basa en <strong>un contraste continuo entre percepci\u00f3n (informaci\u00f3n externa) y memoria (informaci\u00f3n interna)\u201d<\/strong>, concluye Perea. (<a href=\"https:\/\/www.agenciasinc.es\/Noticias\/Astrocitos-nuestra-memoria-no-es-solo-cosa-de-las-neuronas\" target=\"_blank\" rel=\"noreferrer noopener\"><em>Agencia Sinc<\/em><\/a>)<\/p>\n","protected":false},"excerpt":{"rendered":"<p>Un descubrimiento reciente cambia lo que se sab\u00eda hasta ahora sobre el almacenamiento de la memoria y el abordaje de patolog\u00edas como el alzh\u00e9imer o el estr\u00e9s postraum\u00e1tico.<\/p>\n","protected":false},"author":18,"featured_media":169840,"comment_status":"closed","ping_status":"closed","sticky":false,"template":"","format":"standard","meta":{"_acf_changed":false,"_eb_attr":"","footnotes":""},"categories":[99],"tags":[227],"class_list":["post-169825","post","type-post","status-publish","format-standard","has-post-thumbnail","hentry","category-salud","tag-salud"],"acf":[],"yoast_head":"<!-- This site is optimized with the Yoast SEO Premium plugin v21.0 (Yoast SEO v27.4) - https:\/\/yoast.com\/product\/yoast-seo-premium-wordpress\/ -->\n<title>Los astrocitos y su rol importante en la memoria | TecScience<\/title>\n<meta name=\"description\" content=\"Un nuevo estudio muestra a los astrocitos, otro tipo de c\u00e9lulas junto a las neuronas, y c\u00f3mo forman redes que regulan los circuitos de la memoria.\" \/>\n<meta name=\"robots\" content=\"index, follow, max-snippet:-1, max-image-preview:large, max-video-preview:-1\" \/>\n<link rel=\"canonical\" href=\"https:\/\/tecscience.tec.mx\/es\/salud\/astrocitos-y-memoria\/\" \/>\n<meta property=\"og:locale\" content=\"es_ES\" \/>\n<meta property=\"og:type\" content=\"article\" \/>\n<meta property=\"og:title\" content=\"Astrocitos: claves en la formaci\u00f3n de recuerdos y contra la p\u00e9rdida de la memoria\" \/>\n<meta property=\"og:description\" content=\"Un nuevo estudio muestra a los astrocitos, otro tipo de c\u00e9lulas junto a las neuronas, y c\u00f3mo forman redes que regulan los circuitos de la memoria.\" \/>\n<meta property=\"og:url\" content=\"https:\/\/tecscience.tec.mx\/es\/salud\/astrocitos-y-memoria\/\" \/>\n<meta property=\"og:site_name\" content=\"TecScience\" \/>\n<meta property=\"article:publisher\" content=\"https:\/\/www.facebook.com\/TecScienceWeb\" \/>\n<meta property=\"article:published_time\" content=\"2024-11-11T18:50:58+00:00\" \/>\n<meta property=\"article:modified_time\" content=\"2024-12-10T02:06:47+00:00\" \/>\n<meta property=\"og:image\" content=\"https:\/\/tecscience.tec.mx\/es\/wp-content\/uploads\/sites\/8\/2024\/11\/Astrocitos-nuestra-memoria-no-es-solo-cosa-de-las-neuronas-1.jpg\" \/>\n\t<meta property=\"og:image:width\" content=\"750\" \/>\n\t<meta property=\"og:image:height\" content=\"500\" \/>\n\t<meta property=\"og:image:type\" content=\"image\/jpeg\" \/>\n<meta name=\"author\" content=\"TecScience\" \/>\n<meta name=\"twitter:card\" content=\"summary_large_image\" \/>\n<meta name=\"twitter:creator\" content=\"@TecScience_\" \/>\n<meta name=\"twitter:site\" content=\"@TecScience_\" \/>\n<meta name=\"twitter:label1\" content=\"Escrito por\" \/>\n\t<meta name=\"twitter:data1\" content=\"TecScience\" \/>\n\t<meta name=\"twitter:label2\" content=\"Tiempo de lectura\" \/>\n\t<meta name=\"twitter:data2\" content=\"5 minutos\" \/>\n<script type=\"application\/ld+json\" class=\"yoast-schema-graph\">{\"@context\":\"https:\\\/\\\/schema.org\",\"@graph\":[{\"@type\":\"Article\",\"@id\":\"https:\\\/\\\/tecscience.tec.mx\\\/es\\\/salud\\\/astrocitos-y-memoria\\\/#article\",\"isPartOf\":{\"@id\":\"https:\\\/\\\/tecscience.tec.mx\\\/es\\\/salud\\\/astrocitos-y-memoria\\\/\"},\"author\":{\"name\":\"TecScience\",\"@id\":\"https:\\\/\\\/tecscience.tec.mx\\\/es\\\/#\\\/schema\\\/person\\\/2cb21529224a81080d5bb51f3ff1587e\"},\"headline\":\"Astrocitos: claves en la formaci\u00f3n de recuerdos y contra la p\u00e9rdida de la memoria\",\"datePublished\":\"2024-11-11T18:50:58+00:00\",\"dateModified\":\"2024-12-10T02:06:47+00:00\",\"mainEntityOfPage\":{\"@id\":\"https:\\\/\\\/tecscience.tec.mx\\\/es\\\/salud\\\/astrocitos-y-memoria\\\/\"},\"wordCount\":1032,\"publisher\":{\"@id\":\"https:\\\/\\\/tecscience.tec.mx\\\/es\\\/#organization\"},\"image\":{\"@id\":\"https:\\\/\\\/tecscience.tec.mx\\\/es\\\/salud\\\/astrocitos-y-memoria\\\/#primaryimage\"},\"thumbnailUrl\":\"https:\\\/\\\/tecscience.tec.mx\\\/es\\\/wp-content\\\/uploads\\\/sites\\\/8\\\/2024\\\/11\\\/Astrocitos-nuestra-memoria-no-es-solo-cosa-de-las-neuronas-1.jpg\",\"keywords\":[\"Salud\"],\"articleSection\":[\"Salud\"],\"inLanguage\":\"es\"},{\"@type\":\"WebPage\",\"@id\":\"https:\\\/\\\/tecscience.tec.mx\\\/es\\\/salud\\\/astrocitos-y-memoria\\\/\",\"url\":\"https:\\\/\\\/tecscience.tec.mx\\\/es\\\/salud\\\/astrocitos-y-memoria\\\/\",\"name\":\"Los astrocitos y su rol importante en la memoria | TecScience\",\"isPartOf\":{\"@id\":\"https:\\\/\\\/tecscience.tec.mx\\\/es\\\/#website\"},\"primaryImageOfPage\":{\"@id\":\"https:\\\/\\\/tecscience.tec.mx\\\/es\\\/salud\\\/astrocitos-y-memoria\\\/#primaryimage\"},\"image\":{\"@id\":\"https:\\\/\\\/tecscience.tec.mx\\\/es\\\/salud\\\/astrocitos-y-memoria\\\/#primaryimage\"},\"thumbnailUrl\":\"https:\\\/\\\/tecscience.tec.mx\\\/es\\\/wp-content\\\/uploads\\\/sites\\\/8\\\/2024\\\/11\\\/Astrocitos-nuestra-memoria-no-es-solo-cosa-de-las-neuronas-1.jpg\",\"datePublished\":\"2024-11-11T18:50:58+00:00\",\"dateModified\":\"2024-12-10T02:06:47+00:00\",\"description\":\"Un nuevo estudio muestra a los astrocitos, otro tipo de c\u00e9lulas junto a las neuronas, y c\u00f3mo forman redes que regulan los circuitos de la memoria.\",\"breadcrumb\":{\"@id\":\"https:\\\/\\\/tecscience.tec.mx\\\/es\\\/salud\\\/astrocitos-y-memoria\\\/#breadcrumb\"},\"inLanguage\":\"es\",\"potentialAction\":[{\"@type\":\"ReadAction\",\"target\":[\"https:\\\/\\\/tecscience.tec.mx\\\/es\\\/salud\\\/astrocitos-y-memoria\\\/\"]}]},{\"@type\":\"ImageObject\",\"inLanguage\":\"es\",\"@id\":\"https:\\\/\\\/tecscience.tec.mx\\\/es\\\/salud\\\/astrocitos-y-memoria\\\/#primaryimage\",\"url\":\"https:\\\/\\\/tecscience.tec.mx\\\/es\\\/wp-content\\\/uploads\\\/sites\\\/8\\\/2024\\\/11\\\/Astrocitos-nuestra-memoria-no-es-solo-cosa-de-las-neuronas-1.jpg\",\"contentUrl\":\"https:\\\/\\\/tecscience.tec.mx\\\/es\\\/wp-content\\\/uploads\\\/sites\\\/8\\\/2024\\\/11\\\/Astrocitos-nuestra-memoria-no-es-solo-cosa-de-las-neuronas-1.jpg\",\"width\":750,\"height\":500,\"caption\":\"Con forma de estrella (a lo que deben su nombre), los astrocitos son el tipo de c\u00e9lulas m\u00e1s abundantes en el cerebro. (Imagen: Agencia Sinc)\"},{\"@type\":\"BreadcrumbList\",\"@id\":\"https:\\\/\\\/tecscience.tec.mx\\\/es\\\/salud\\\/astrocitos-y-memoria\\\/#breadcrumb\",\"itemListElement\":[{\"@type\":\"ListItem\",\"position\":1,\"name\":\"Home\",\"item\":\"https:\\\/\\\/tecscience.tec.mx\\\/es\\\/\"},{\"@type\":\"ListItem\",\"position\":2,\"name\":\"Astrocitos: claves en la formaci\u00f3n de recuerdos y contra la p\u00e9rdida de la memoria\"}]},{\"@type\":\"WebSite\",\"@id\":\"https:\\\/\\\/tecscience.tec.mx\\\/es\\\/#website\",\"url\":\"https:\\\/\\\/tecscience.tec.mx\\\/es\\\/\",\"name\":\"TecScience\",\"description\":\"Bilingual platform in charge of communicating advances in research, science and innovation at Tec\",\"publisher\":{\"@id\":\"https:\\\/\\\/tecscience.tec.mx\\\/es\\\/#organization\"},\"potentialAction\":[{\"@type\":\"SearchAction\",\"target\":{\"@type\":\"EntryPoint\",\"urlTemplate\":\"https:\\\/\\\/tecscience.tec.mx\\\/es\\\/?s={search_term_string}\"},\"query-input\":{\"@type\":\"PropertyValueSpecification\",\"valueRequired\":true,\"valueName\":\"search_term_string\"}}],\"inLanguage\":\"es\"},{\"@type\":\"Organization\",\"@id\":\"https:\\\/\\\/tecscience.tec.mx\\\/es\\\/#organization\",\"name\":\"TecScience\",\"url\":\"https:\\\/\\\/tecscience.tec.mx\\\/es\\\/\",\"logo\":{\"@type\":\"ImageObject\",\"inLanguage\":\"es\",\"@id\":\"https:\\\/\\\/tecscience.tec.mx\\\/es\\\/#\\\/schema\\\/logo\\\/image\\\/\",\"url\":\"https:\\\/\\\/tecscience.tec.mx\\\/es\\\/wp-content\\\/uploads\\\/sites\\\/8\\\/2022\\\/11\\\/logo-negro-tecscience.svg\",\"contentUrl\":\"https:\\\/\\\/tecscience.tec.mx\\\/es\\\/wp-content\\\/uploads\\\/sites\\\/8\\\/2022\\\/11\\\/logo-negro-tecscience.svg\",\"width\":250,\"height\":38,\"caption\":\"TecScience\"},\"image\":{\"@id\":\"https:\\\/\\\/tecscience.tec.mx\\\/es\\\/#\\\/schema\\\/logo\\\/image\\\/\"},\"sameAs\":[\"https:\\\/\\\/www.facebook.com\\\/TecScienceWeb\",\"https:\\\/\\\/x.com\\\/TecScience_\",\"https:\\\/\\\/www.linkedin.com\\\/company\\\/tec-science\\\/\",\"https:\\\/\\\/www.instagram.com\\\/tecscienceweb\\\/\"],\"publishingPrinciples\":\"https:\\\/\\\/tecscience.tec.mx\\\/es\\\/guia-de-publicacion-para-articulos-de-divulgacion\\\/\",\"correctionsPolicy\":\"https:\\\/\\\/tecscience.tec.mx\\\/es\\\/equipo-editorial-tecscience\\\/\"},{\"@type\":\"Person\",\"@id\":\"https:\\\/\\\/tecscience.tec.mx\\\/es\\\/#\\\/schema\\\/person\\\/2cb21529224a81080d5bb51f3ff1587e\",\"name\":\"TecScience\",\"image\":{\"@type\":\"ImageObject\",\"inLanguage\":\"es\",\"@id\":\"https:\\\/\\\/secure.gravatar.com\\\/avatar\\\/e6a0e74259e313ed3fefde7854d31aa0a2caf7e52ddf9c0baa19e015b7bb5751?s=96&d=mm&r=g\",\"url\":\"https:\\\/\\\/secure.gravatar.com\\\/avatar\\\/e6a0e74259e313ed3fefde7854d31aa0a2caf7e52ddf9c0baa19e015b7bb5751?s=96&d=mm&r=g\",\"contentUrl\":\"https:\\\/\\\/secure.gravatar.com\\\/avatar\\\/e6a0e74259e313ed3fefde7854d31aa0a2caf7e52ddf9c0baa19e015b7bb5751?s=96&d=mm&r=g\",\"caption\":\"TecScience\"},\"url\":\"https:\\\/\\\/tecscience.tec.mx\\\/es\\\/author\\\/tscience\\\/\"}]}<\/script>\n<!-- \/ Yoast SEO Premium plugin. -->","yoast_head_json":{"title":"Los astrocitos y su rol importante en la memoria | TecScience","description":"Un nuevo estudio muestra a los astrocitos, otro tipo de c\u00e9lulas junto a las neuronas, y c\u00f3mo forman redes que regulan los circuitos de la memoria.","robots":{"index":"index","follow":"follow","max-snippet":"max-snippet:-1","max-image-preview":"max-image-preview:large","max-video-preview":"max-video-preview:-1"},"canonical":"https:\/\/tecscience.tec.mx\/es\/salud\/astrocitos-y-memoria\/","og_locale":"es_ES","og_type":"article","og_title":"Astrocitos: claves en la formaci\u00f3n de recuerdos y contra la p\u00e9rdida de la memoria","og_description":"Un nuevo estudio muestra a los astrocitos, otro tipo de c\u00e9lulas junto a las neuronas, y c\u00f3mo forman redes que regulan los circuitos de la memoria.","og_url":"https:\/\/tecscience.tec.mx\/es\/salud\/astrocitos-y-memoria\/","og_site_name":"TecScience","article_publisher":"https:\/\/www.facebook.com\/TecScienceWeb","article_published_time":"2024-11-11T18:50:58+00:00","article_modified_time":"2024-12-10T02:06:47+00:00","og_image":[{"width":750,"height":500,"url":"https:\/\/tecscience.tec.mx\/es\/wp-content\/uploads\/sites\/8\/2024\/11\/Astrocitos-nuestra-memoria-no-es-solo-cosa-de-las-neuronas-1.jpg","type":"image\/jpeg"}],"author":"TecScience","twitter_card":"summary_large_image","twitter_creator":"@TecScience_","twitter_site":"@TecScience_","twitter_misc":{"Escrito por":"TecScience","Tiempo de lectura":"5 minutos"},"schema":{"@context":"https:\/\/schema.org","@graph":[{"@type":"Article","@id":"https:\/\/tecscience.tec.mx\/es\/salud\/astrocitos-y-memoria\/#article","isPartOf":{"@id":"https:\/\/tecscience.tec.mx\/es\/salud\/astrocitos-y-memoria\/"},"author":{"name":"TecScience","@id":"https:\/\/tecscience.tec.mx\/es\/#\/schema\/person\/2cb21529224a81080d5bb51f3ff1587e"},"headline":"Astrocitos: claves en la formaci\u00f3n de recuerdos y contra la p\u00e9rdida de la memoria","datePublished":"2024-11-11T18:50:58+00:00","dateModified":"2024-12-10T02:06:47+00:00","mainEntityOfPage":{"@id":"https:\/\/tecscience.tec.mx\/es\/salud\/astrocitos-y-memoria\/"},"wordCount":1032,"publisher":{"@id":"https:\/\/tecscience.tec.mx\/es\/#organization"},"image":{"@id":"https:\/\/tecscience.tec.mx\/es\/salud\/astrocitos-y-memoria\/#primaryimage"},"thumbnailUrl":"https:\/\/tecscience.tec.mx\/es\/wp-content\/uploads\/sites\/8\/2024\/11\/Astrocitos-nuestra-memoria-no-es-solo-cosa-de-las-neuronas-1.jpg","keywords":["Salud"],"articleSection":["Salud"],"inLanguage":"es"},{"@type":"WebPage","@id":"https:\/\/tecscience.tec.mx\/es\/salud\/astrocitos-y-memoria\/","url":"https:\/\/tecscience.tec.mx\/es\/salud\/astrocitos-y-memoria\/","name":"Los astrocitos y su rol importante en la memoria | TecScience","isPartOf":{"@id":"https:\/\/tecscience.tec.mx\/es\/#website"},"primaryImageOfPage":{"@id":"https:\/\/tecscience.tec.mx\/es\/salud\/astrocitos-y-memoria\/#primaryimage"},"image":{"@id":"https:\/\/tecscience.tec.mx\/es\/salud\/astrocitos-y-memoria\/#primaryimage"},"thumbnailUrl":"https:\/\/tecscience.tec.mx\/es\/wp-content\/uploads\/sites\/8\/2024\/11\/Astrocitos-nuestra-memoria-no-es-solo-cosa-de-las-neuronas-1.jpg","datePublished":"2024-11-11T18:50:58+00:00","dateModified":"2024-12-10T02:06:47+00:00","description":"Un nuevo estudio muestra a los astrocitos, otro tipo de c\u00e9lulas junto a las neuronas, y c\u00f3mo forman redes que regulan los circuitos de la memoria.","breadcrumb":{"@id":"https:\/\/tecscience.tec.mx\/es\/salud\/astrocitos-y-memoria\/#breadcrumb"},"inLanguage":"es","potentialAction":[{"@type":"ReadAction","target":["https:\/\/tecscience.tec.mx\/es\/salud\/astrocitos-y-memoria\/"]}]},{"@type":"ImageObject","inLanguage":"es","@id":"https:\/\/tecscience.tec.mx\/es\/salud\/astrocitos-y-memoria\/#primaryimage","url":"https:\/\/tecscience.tec.mx\/es\/wp-content\/uploads\/sites\/8\/2024\/11\/Astrocitos-nuestra-memoria-no-es-solo-cosa-de-las-neuronas-1.jpg","contentUrl":"https:\/\/tecscience.tec.mx\/es\/wp-content\/uploads\/sites\/8\/2024\/11\/Astrocitos-nuestra-memoria-no-es-solo-cosa-de-las-neuronas-1.jpg","width":750,"height":500,"caption":"Con forma de estrella (a lo que deben su nombre), los astrocitos son el tipo de c\u00e9lulas m\u00e1s abundantes en el cerebro. (Imagen: Agencia Sinc)"},{"@type":"BreadcrumbList","@id":"https:\/\/tecscience.tec.mx\/es\/salud\/astrocitos-y-memoria\/#breadcrumb","itemListElement":[{"@type":"ListItem","position":1,"name":"Home","item":"https:\/\/tecscience.tec.mx\/es\/"},{"@type":"ListItem","position":2,"name":"Astrocitos: claves en la formaci\u00f3n de recuerdos y contra la p\u00e9rdida de la memoria"}]},{"@type":"WebSite","@id":"https:\/\/tecscience.tec.mx\/es\/#website","url":"https:\/\/tecscience.tec.mx\/es\/","name":"TecScience","description":"Bilingual platform in charge of communicating advances in research, science and innovation at Tec","publisher":{"@id":"https:\/\/tecscience.tec.mx\/es\/#organization"},"potentialAction":[{"@type":"SearchAction","target":{"@type":"EntryPoint","urlTemplate":"https:\/\/tecscience.tec.mx\/es\/?s={search_term_string}"},"query-input":{"@type":"PropertyValueSpecification","valueRequired":true,"valueName":"search_term_string"}}],"inLanguage":"es"},{"@type":"Organization","@id":"https:\/\/tecscience.tec.mx\/es\/#organization","name":"TecScience","url":"https:\/\/tecscience.tec.mx\/es\/","logo":{"@type":"ImageObject","inLanguage":"es","@id":"https:\/\/tecscience.tec.mx\/es\/#\/schema\/logo\/image\/","url":"https:\/\/tecscience.tec.mx\/es\/wp-content\/uploads\/sites\/8\/2022\/11\/logo-negro-tecscience.svg","contentUrl":"https:\/\/tecscience.tec.mx\/es\/wp-content\/uploads\/sites\/8\/2022\/11\/logo-negro-tecscience.svg","width":250,"height":38,"caption":"TecScience"},"image":{"@id":"https:\/\/tecscience.tec.mx\/es\/#\/schema\/logo\/image\/"},"sameAs":["https:\/\/www.facebook.com\/TecScienceWeb","https:\/\/x.com\/TecScience_","https:\/\/www.linkedin.com\/company\/tec-science\/","https:\/\/www.instagram.com\/tecscienceweb\/"],"publishingPrinciples":"https:\/\/tecscience.tec.mx\/es\/guia-de-publicacion-para-articulos-de-divulgacion\/","correctionsPolicy":"https:\/\/tecscience.tec.mx\/es\/equipo-editorial-tecscience\/"},{"@type":"Person","@id":"https:\/\/tecscience.tec.mx\/es\/#\/schema\/person\/2cb21529224a81080d5bb51f3ff1587e","name":"TecScience","image":{"@type":"ImageObject","inLanguage":"es","@id":"https:\/\/secure.gravatar.com\/avatar\/e6a0e74259e313ed3fefde7854d31aa0a2caf7e52ddf9c0baa19e015b7bb5751?s=96&d=mm&r=g","url":"https:\/\/secure.gravatar.com\/avatar\/e6a0e74259e313ed3fefde7854d31aa0a2caf7e52ddf9c0baa19e015b7bb5751?s=96&d=mm&r=g","contentUrl":"https:\/\/secure.gravatar.com\/avatar\/e6a0e74259e313ed3fefde7854d31aa0a2caf7e52ddf9c0baa19e015b7bb5751?s=96&d=mm&r=g","caption":"TecScience"},"url":"https:\/\/tecscience.tec.mx\/es\/author\/tscience\/"}]}},"_links":{"self":[{"href":"https:\/\/tecscience.tec.mx\/es\/wp-json\/wp\/v2\/posts\/169825","targetHints":{"allow":["GET"]}}],"collection":[{"href":"https:\/\/tecscience.tec.mx\/es\/wp-json\/wp\/v2\/posts"}],"about":[{"href":"https:\/\/tecscience.tec.mx\/es\/wp-json\/wp\/v2\/types\/post"}],"author":[{"embeddable":true,"href":"https:\/\/tecscience.tec.mx\/es\/wp-json\/wp\/v2\/users\/18"}],"replies":[{"embeddable":true,"href":"https:\/\/tecscience.tec.mx\/es\/wp-json\/wp\/v2\/comments?post=169825"}],"version-history":[{"count":0,"href":"https:\/\/tecscience.tec.mx\/es\/wp-json\/wp\/v2\/posts\/169825\/revisions"}],"wp:featuredmedia":[{"embeddable":true,"href":"https:\/\/tecscience.tec.mx\/es\/wp-json\/wp\/v2\/media\/169840"}],"wp:attachment":[{"href":"https:\/\/tecscience.tec.mx\/es\/wp-json\/wp\/v2\/media?parent=169825"}],"wp:term":[{"taxonomy":"category","embeddable":true,"href":"https:\/\/tecscience.tec.mx\/es\/wp-json\/wp\/v2\/categories?post=169825"},{"taxonomy":"post_tag","embeddable":true,"href":"https:\/\/tecscience.tec.mx\/es\/wp-json\/wp\/v2\/tags?post=169825"}],"curies":[{"name":"wp","href":"https:\/\/api.w.org\/{rel}","templated":true}]}}