{"id":170124,"date":"2024-11-22T10:58:50","date_gmt":"2024-11-22T16:58:50","guid":{"rendered":"https:\/\/tecscience.tec.mx\/es\/?p=170124"},"modified":"2025-05-02T13:29:55","modified_gmt":"2025-05-02T19:29:55","slug":"pobreza-en-los-ninos-de-mexico-y-america-latina","status":"publish","type":"post","link":"https:\/\/tecscience.tec.mx\/es\/humano-social\/pobreza-en-los-ninos-de-mexico-y-america-latina\/","title":{"rendered":"La mitad de los ni\u00f1os mexicanos menores de seis a\u00f1os son pobres"},"content":{"rendered":"\n<p>La pobreza es una de las principales adversidades tempranas que enfrentan ni\u00f1as y ni\u00f1os. En Am\u00e9rica Latina y el Caribe, el 35% de menores de cinco a\u00f1os vive bajo estas condiciones. En M\u00e9xico, casi la mitad con menos de seis a\u00f1os est\u00e1 en esta situaci\u00f3n, es decir, aproximadamente <strong>4.9 millones de ni\u00f1as y ni\u00f1os<\/strong>.<\/p>\n\n\n\n<p><strong>Martha Rubio<\/strong>, economista l\u00edder de la Divisi\u00f3n de Protecci\u00f3n Social y Salud del Banco Interamericano de Desarrollo (BID), explic\u00f3 estas cifras durante su participaci\u00f3n en el conversatorio virtual <em>Desafiar las desigualdades: C\u00f3mo cerrar brechas en desarrollo en la primera infancia<\/em>, en el <a href=\"\/es\/tag\/segundo-foro-internacional-de-primera-infancia\/\" target=\"_blank\" rel=\"noreferrer noopener\">Segundo Foro Internacional de Primera Infancia<\/a>.<\/p>\n\n\n\n<p>\u201cSi bien, ha habido una reducci\u00f3n de la pobreza, en el caso de M\u00e9xico, esta ha sido menor en la infancia que en otros grupos poblacionales. En muchos pa\u00edses, <strong>si vemos la distribuci\u00f3n de la pobreza, esta se concentra mayormente en los ni\u00f1os<\/strong> y no tanto en poblaci\u00f3n adulta o mayor\u201d, coment\u00f3 Rubio.<\/p>\n\n\n\n<p>Agreg\u00f3 que esta situaci\u00f3n es grave, porque la pobreza est\u00e1 asociada a <strong>condicionantes que limitan aspectos de salud y nutrici\u00f3n de los ni\u00f1os y el desarrollo infantil<\/strong>, <a href=\"\/es\/salud\/estres-toxico\/\" target=\"_blank\" rel=\"noreferrer noopener\">cognitivo, socioemocional<\/a>.<\/p>\n\n\n\n<p>Por ejemplo, sufren <a class=\"wpil_keyword_link\" href=\"https:\/\/tecscience.tec.mx\/es\/divulgacion-ciencia\/inseguridad-alimentaria\/\"   title=\"Inseguridad alimentaria: un problema de millones de mexicanos\" data-wpil-keyword-link=\"linked\"  data-wpil-monitor-id=\"93\">inseguridad alimentaria<\/a> con un bajo consumo de macro y micronutrientes, consumo de agua no segura, habitan viviendas en malas condiciones y tienen un acceso limitado a servicios de salud b\u00e1sicos.<\/p>\n\n\n\n<p>En el conversatorio, moderado por <strong>Sindy Gonz\u00e1lez<\/strong>, gerente de Primera Infancia en Fundaci\u00f3n FEMSA, tambi\u00e9n particip\u00f3 <strong>Carolina Freire<\/strong>, especialista de la Divisi\u00f3n de Protecci\u00f3n Social y Salud del BID, y se proyect\u00f3 una videoconferencia con <strong>Romina Tom\u00e9<\/strong>, asociada senior de la divisi\u00f3n.<\/p>\n\n\n\n<figure class=\"wp-block-image aligncenter size-full\"><picture>\r\n                <source srcset=\"https:\/\/tecscience.tec.mx\/es\/wp-content\/uploads\/sites\/8\/2024\/11\/pobreza-en-ninos-en-america-latina-y-el-caribe.webp\" type=\"image\/webp\">\r\n                <img fetchpriority=\"high\" decoding=\"async\" width=\"750\" height=\"500\" src=\"https:\/\/tecscience.tec.mx\/es\/wp-content\/uploads\/sites\/8\/2024\/11\/pobreza-en-ninos-en-america-latina-y-el-caribe.jpg\" alt=\"\" class=\"wp-image-170155\" srcset=\"https:\/\/tecscience.tec.mx\/es\/wp-content\/uploads\/sites\/8\/2024\/11\/pobreza-en-ninos-en-america-latina-y-el-caribe.jpg 750w, https:\/\/tecscience.tec.mx\/es\/wp-content\/uploads\/sites\/8\/2024\/11\/pobreza-en-ninos-en-america-latina-y-el-caribe-300x200.jpg 300w\" sizes=\"(max-width: 750px) 100vw, 750px\" \/>\r\n            <\/picture><figcaption class=\"wp-element-caption\">El Segundo Foro Internacional de Primera Infancia tuvo lugar en el campus Monterrey. (Foto: Alejandro Salazar \/ TecScience)<\/figcaption><\/figure>\n\n\n\n<h2 class=\"wp-block-heading\"><strong>La pobreza en los ni\u00f1os de M\u00e9xico y Am\u00e9rica Latina<\/strong><\/h2>\n\n\n\n<p>Desde 1989, cuando se adopt\u00f3 la Convenci\u00f3n sobre los Derechos del Ni\u00f1o como un compromiso global para proteger y promover el desarrollo infantil, los indicadores de Pobreza Infantil y Desnutrici\u00f3n Cr\u00f3nica en menores de cinco a\u00f1os han tenido avances notables en Am\u00e9rica Latina y el Caribe con reducciones de un 40 y 20%, coment\u00f3 Tom\u00e9.<\/p>\n\n\n\n<p>Sin embargo, <strong>han sido detectadas otras problem\u00e1ticas<\/strong>, por ejemplo, el 88% de ni\u00f1os menores de tres a\u00f1os y el 30% en edad preescolar a\u00fan no asisten a servicios de atenci\u00f3n infantil.<\/p>\n\n\n\n<p>Adem\u00e1s, entre los ni\u00f1os con madres con educaci\u00f3n primaria, nueve de cada 10 tienen menos de tres libros infantiles y la mitad no juega regularmente con sus padres, una actividad que es importante para el desarrollo cognitivo y socioemocional.\u00a0<\/p>\n\n\n\n<p>A los cinco a\u00f1os, los hijos de madres con educaci\u00f3n primaria tienen un lenguaje equivalente a los de tres a\u00f1os y medio de mam\u00e1s con educaci\u00f3n superior.\u00a0<\/p>\n\n\n\n<p>\u201cEsto no solo es una diferencia en vocabulario, es una diferencia en oportunidades; <strong>las desigualdades comienzan temprano en la vida y se agrandan con el tiempo<\/strong>\u201d, mencion\u00f3 Tom\u00e9.<\/p>\n\n\n\n<p>Agreg\u00f3 que, <strong>invertir en programas de desarrollo infantil de calidad tienen retornos de inversi\u00f3n del 13.7% anual<\/strong>; mientras, el costo por la inacci\u00f3n en la regi\u00f3n equivale al 1.6% del PIB.<\/p>\n\n\n\n<p>A estas problem\u00e1ticas se le suman desaf\u00edos que afectan a ni\u00f1os de la regi\u00f3n y a sus familias, como <strong>los <a href=\"\/es\/humano-social\/migrantes-y-empatia\/\" target=\"_blank\" rel=\"noreferrer noopener\">flujos migratorios<\/a>, las consecuencias del cambio clim\u00e1tico, y los problemas de salud mental<\/strong> de los menores y sus cuidadores.<\/p>\n\n\n\n<p>Estas desigualdades que afectan a ni\u00f1as y ni\u00f1os son m\u00e1s prevalentes para los que habitan en \u00e1reas rurales ind\u00edgenas, quienes \u2212adem\u00e1s de pobreza\u2212 experimentan mayores brechas en acceso a servicios b\u00e1sicos para su desarrollo integral, dijo Freire.<\/p>\n\n\n\n<p>\u201cPor ejemplo, en algunas comarcas ind\u00edgenas, <strong>solo el 32% de los ni\u00f1os en edad preescolar asiste a la escuela<\/strong>, mientras que en \u00e1reas urbanas superan el 67%. Son brechas que tambi\u00e9n condicionan desigualdades en el futuro\u201d, coment\u00f3.<\/p>\n\n\n\n<h2 class=\"wp-block-heading\"><strong>La agenda del BID para buscar soluciones<\/strong><\/h2>\n\n\n\n<p>Para buscar soluciones a estos <strong>desaf\u00edos en primera infancia de la regi\u00f3n de Latinoam\u00e9rica y el Caribe<\/strong>, el BID estableci\u00f3 una agenda de trabajo y cuenta con un Documento de Marco Sectorial que present\u00f3 durante el <a class=\"wpil_keyword_link\" href=\"https:\/\/tecscience.tec.mx\/es\/humano-social\/segundo-foro-internacional-de-primera-infancia\/\"   title=\"Estrategias para transformar la primera infancia en M\u00e9xico y Am\u00e9rica Latina\" data-wpil-keyword-link=\"linked\"  data-wpil-monitor-id=\"72\">Segundo Foro Internacional de Primera Infancia<\/a>.<\/p>\n\n\n\n<p>La experta comparti\u00f3 que esta divisi\u00f3n de banco actualmente trabaja en seis frentes:<\/p>\n\n\n\n<ol class=\"wp-block-list\">\n<li><strong>Migraci\u00f3n<\/strong>, para garantizar que ni\u00f1os migrantes accedan a servicios de calidad.<\/li>\n\n\n\n<li><strong>Salud Mental<\/strong>, con el dise\u00f1o e implementaci\u00f3n de intervenciones basadas en el juego.<\/li>\n\n\n\n<li><strong>Cambio Clim\u00e1tico<\/strong>, con protocolos que garanticen la continuidad de los servicios en situaciones de emergencia.<\/li>\n\n\n\n<li><strong>Intersectorialidad y Gobernanza<\/strong>, para materializar esfuerzos necesarios con instituciones que cooperen y trabajen articuladamente.<\/li>\n\n\n\n<li><strong>Servicios de Desarrollo Infantil Temprano de calidad<\/strong>, con programas en centros para los ni\u00f1os y sus familias.<\/li>\n\n\n\n<li><strong>Medici\u00f3n y evaluaci\u00f3n<\/strong>, para generar evidencia y fomentar la econom\u00eda del cuidado.<\/li>\n<\/ol>\n\n\n\n<p><\/p>\n\n\n\n<p>\u201c<strong>Son temas emergentes que pueden generar <a href=\"\/es\/salud\/experiencias-adversas-en-la-infancia\/\" target=\"_blank\" rel=\"noreferrer noopener\">situaciones de adversidad para los ni\u00f1os<\/a><\/strong>. Nuestro compromiso hacia el futuro es abordar estos desaf\u00edos en un entorno constante de cambio\u201d, coment\u00f3 Freire.<\/p>\n\n\n<blockquote class=\"instagram-media\" data-instgrm-permalink=\"https:\/\/www.instagram.com\/p\/DCmaDNLOVbC\/?utm_source=ig_embed&amp;utm_campaign=loading\" data-instgrm-version=\"14\" style=\"background:#FFF;border:0;border-radius:3px;margin: 1px;max-width:540px;min-width:326px;padding:0;width:99.375%;width:-webkit-calc(100% - 2px);width:calc(100% - 2px)\">\n<div style=\"padding:16px\"> <a href=\"https:\/\/www.instagram.com\/p\/DCmaDNLOVbC\/?utm_source=ig_embed&amp;utm_campaign=loading\" style=\"background:#FFFFFF;line-height:0;padding:0 0;text-align:center;text-decoration:none;width:100%\" target=\"_blank\" rel=\"noopener\"> <\/p>\n<div style=\"flex-direction: row;align-items: center\">\n<div style=\"background-color: #F4F4F4;border-radius: 50%;flex-grow: 0;height: 40px;margin-right: 14px;width: 40px\"><\/div>\n<div style=\"flex-direction: column;flex-grow: 1;justify-content: center\">\n<div style=\"background-color: #F4F4F4;border-radius: 4px;flex-grow: 0;height: 14px;margin-bottom: 6px;width: 100px\"><\/div>\n<div style=\"background-color: #F4F4F4;border-radius: 4px;flex-grow: 0;height: 14px;width: 60px\"><\/div>\n<\/div>\n<\/div>\n<div style=\"padding: 19% 0\"><\/div>\n<div style=\"height:50px;margin:0 auto 12px;width:50px\"><\/div>\n<div style=\"padding-top: 8px\">\n<div style=\"color:#3897f0;font-family:Arial,sans-serif;font-size:14px;font-style:normal;font-weight:550;line-height:18px\">Ver esta publicaci\u00f3n en Instagram<\/div>\n<\/div>\n<div style=\"padding: 12.5% 0\"><\/div>\n<div style=\"flex-direction: row;margin-bottom: 14px;align-items: center\">\n<div>\n<div style=\"background-color: #F4F4F4;border-radius: 50%;height: 12.5px;width: 12.5px\"><\/div>\n<div style=\"background-color: #F4F4F4;height: 12.5px;width: 12.5px;flex-grow: 0;margin-right: 14px;margin-left: 2px\"><\/div>\n<div style=\"background-color: #F4F4F4;border-radius: 50%;height: 12.5px;width: 12.5px\"><\/div>\n<\/div>\n<div style=\"margin-left: 8px\">\n<div style=\"background-color: #F4F4F4;border-radius: 50%;flex-grow: 0;height: 20px;width: 20px\"><\/div>\n<div style=\"width: 0;height: 0;border-top: 2px solid transparent;border-left: 6px solid #f4f4f4;border-bottom: 2px solid transparent\"><\/div>\n<\/div>\n<div style=\"margin-left: auto\">\n<div style=\"width: 0px;border-top: 8px solid #F4F4F4;border-right: 8px solid transparent\"><\/div>\n<div style=\"background-color: #F4F4F4;flex-grow: 0;height: 12px;width: 16px\"><\/div>\n<div style=\"width: 0;height: 0;border-top: 8px solid #F4F4F4;border-left: 8px solid transparent\"><\/div>\n<\/div>\n<\/div>\n<div style=\"flex-direction: column;flex-grow: 1;justify-content: center;margin-bottom: 24px\">\n<div style=\"background-color: #F4F4F4;border-radius: 4px;flex-grow: 0;height: 14px;margin-bottom: 6px;width: 224px\"><\/div>\n<div style=\"background-color: #F4F4F4;border-radius: 4px;flex-grow: 0;height: 14px;width: 144px\"><\/div>\n<\/div>\n<p><\/a><\/p>\n<p style=\"color:#c9c8cd;font-family:Arial,sans-serif;font-size:14px;line-height:17px;margin-bottom:0;margin-top:8px;overflow:hidden;padding:8px 0 7px;text-align:center\"><a href=\"https:\/\/www.instagram.com\/p\/DCmaDNLOVbC\/?utm_source=ig_embed&amp;utm_campaign=loading\" style=\"color:#c9c8cd;font-family:Arial,sans-serif;font-size:14px;font-style:normal;font-weight:normal;line-height:17px;text-decoration:none\" target=\"_blank\" rel=\"noopener\">Una publicaci\u00f3n compartida por TecScience (@tecscienceweb)<\/a><\/p>\n<\/div>\n<\/blockquote>\n\n\n\n<h2 class=\"wp-block-heading\"><strong>Programas en LATAM a favor de la primera infancia<\/strong><\/h2>\n\n\n\n<p>Durante el conversatorio, las representantes del BID compartieron ejemplos de<strong> acciones e iniciativas a favor del bienestar y el desarrollo de ni\u00f1as y ni\u00f1os <\/strong>en varias regiones de Am\u00e9rica y el Caribe, incluido M\u00e9xico.<\/p>\n\n\n\n<p>En el caso de migraci\u00f3n, donde se ha detectado un vac\u00edo de informaci\u00f3n para identificar a ni\u00f1os de cero a cinco a\u00f1os en familias migrantes, la divisi\u00f3n trabaja en una l\u00ednea de investigaci\u00f3n para identificar fuentes de datos disponibles que permitan caracterizar mejor la situaci\u00f3n de la infancia migrante.<\/p>\n\n\n\n<p>Uno de los proyectos que abordan esta problem\u00e1tica, que fue financiado por el Fondo de Innovaci\u00f3n para el Desarrollo Infantil, es <strong>Amigos de la Infancia<\/strong>, que se desarroll\u00f3 en alianza con la UNICEF y que busca ofrecer accesos b\u00e1sicos, como actividades y herramientas pedag\u00f3gicas y apoyo a madres de familias migrantes, principalmente venezolanas. M\u00e1s de 16,500 ni\u00f1os y 10,000 cuidadores participaron en el proyecto.<\/p>\n\n\n\n<p>En cuanto a <a href=\"\/es\/tag\/cambio-climatico\/\" target=\"_blank\" rel=\"noreferrer noopener\">cambio clim\u00e1tico<\/a>, se trabaja con pa\u00edses en el desarrollo de protocolos de emergencia para garantizar el servicio a ni\u00f1os con modalidades flexibles de respuesta, por ejemplo, junto al gobierno de Panam\u00e1 se realiz\u00f3 el proyecto <strong>Mochila Cuidarte<\/strong>, basado en visitas domiciliarias a hogares vulnerables <strong>para fortalecer pr\u00e1cticas de crianza a trav\u00e9s del juego y una gu\u00eda para padres<\/strong>.<\/p>\n\n\n\n<p>En M\u00e9xico, para hacer frente a las <a href=\"\/es\/humano-social\/experiencias-adversas-en-la-infancia-mexico\/\" target=\"_blank\" rel=\"noreferrer noopener\">experiencias adversas tempranas<\/a>, se realiza el <strong>Programa Luci\u00e9rnaga<\/strong>, en colaboraci\u00f3n con el Instituto Mexicano del Seguro Social (IMSS), una iniciativa para <strong>medir la calidad de las interacciones entre agentes educativos y ni\u00f1os dentro de las aulas en los centros de atenci\u00f3n infantil<\/strong>.<\/p>\n\n\n\n<p><em><strong>\u00bfTe interes\u00f3 esta historia? \u00bfQuieres publicarla? Contacta a nuestra editora de contenidos para conocer m\u00e1s <a href=\"mailto:marianaleonm@tec.mx\">marianaleonm@tec.mx<\/a><\/strong><\/em><\/p>\n","protected":false},"excerpt":{"rendered":"<p>El BID estableci\u00f3 una agenda de trabajo para buscar soluciones a estos desaf\u00edos que present\u00f3 durante el Segundo Foro Internacional de Primera Infancia.<\/p>\n","protected":false},"author":47,"featured_media":170157,"comment_status":"closed","ping_status":"closed","sticky":false,"template":"","format":"standard","meta":{"_acf_changed":false,"_eb_attr":"","footnotes":""},"categories":[101],"tags":[863,864,941],"class_list":["post-170124","post","type-post","status-publish","format-standard","has-post-thumbnail","hentry","category-humano-social","tag-centro-de-primera-infancia","tag-foro-internacional-de-primera-infancia","tag-segundo-foro-internacional-de-primera-infancia"],"acf":[],"yoast_head":"<!-- This site is optimized with the Yoast SEO Premium plugin v21.0 (Yoast SEO v27.4) - https:\/\/yoast.com\/product\/yoast-seo-premium-wordpress\/ -->\n<title>La pobreza en los ni\u00f1os de M\u00e9xico y Am\u00e9rica Latina | TecScience<\/title>\n<meta name=\"description\" content=\"El BID estableci\u00f3 una agenda de trabajo para buscar soluciones a estos desaf\u00edos que present\u00f3 durante el Segundo Foro Internacional de Primera Infancia.\" \/>\n<meta name=\"robots\" content=\"index, follow, max-snippet:-1, max-image-preview:large, max-video-preview:-1\" \/>\n<link rel=\"canonical\" href=\"https:\/\/tecscience.tec.mx\/es\/humano-social\/pobreza-en-los-ninos-de-mexico-y-america-latina\/\" \/>\n<meta property=\"og:locale\" content=\"es_ES\" \/>\n<meta property=\"og:type\" content=\"article\" \/>\n<meta property=\"og:title\" content=\"La mitad de los ni\u00f1os mexicanos menores de seis a\u00f1os son pobres\" \/>\n<meta property=\"og:description\" content=\"El BID estableci\u00f3 una agenda de trabajo para buscar soluciones a estos desaf\u00edos que present\u00f3 durante el Segundo Foro Internacional de Primera Infancia.\" \/>\n<meta property=\"og:url\" content=\"https:\/\/tecscience.tec.mx\/es\/humano-social\/pobreza-en-los-ninos-de-mexico-y-america-latina\/\" \/>\n<meta property=\"og:site_name\" content=\"TecScience\" \/>\n<meta property=\"article:publisher\" content=\"https:\/\/www.facebook.com\/TecScienceWeb\" \/>\n<meta property=\"article:published_time\" content=\"2024-11-22T16:58:50+00:00\" \/>\n<meta property=\"article:modified_time\" content=\"2025-05-02T19:29:55+00:00\" \/>\n<meta property=\"og:image\" content=\"https:\/\/tecscience.tec.mx\/es\/wp-content\/uploads\/sites\/8\/2024\/11\/pobre-de-ninos-en-mexico-y-america-latina.jpg\" \/>\n\t<meta property=\"og:image:width\" content=\"750\" \/>\n\t<meta property=\"og:image:height\" content=\"500\" \/>\n\t<meta property=\"og:image:type\" content=\"image\/jpeg\" \/>\n<meta name=\"author\" content=\"Ricardo Trevi\u00f1o\" \/>\n<meta name=\"twitter:card\" content=\"summary_large_image\" \/>\n<meta name=\"twitter:creator\" content=\"@TecScience_\" \/>\n<meta name=\"twitter:site\" content=\"@TecScience_\" \/>\n<meta name=\"twitter:label1\" content=\"Escrito por\" \/>\n\t<meta name=\"twitter:data1\" content=\"Ricardo Trevi\u00f1o\" \/>\n\t<meta name=\"twitter:label2\" content=\"Tiempo de lectura\" \/>\n\t<meta name=\"twitter:data2\" content=\"6 minutos\" \/>\n<script type=\"application\/ld+json\" class=\"yoast-schema-graph\">{\"@context\":\"https:\\\/\\\/schema.org\",\"@graph\":[{\"@type\":\"Article\",\"@id\":\"https:\\\/\\\/tecscience.tec.mx\\\/es\\\/humano-social\\\/pobreza-en-los-ninos-de-mexico-y-america-latina\\\/#article\",\"isPartOf\":{\"@id\":\"https:\\\/\\\/tecscience.tec.mx\\\/es\\\/humano-social\\\/pobreza-en-los-ninos-de-mexico-y-america-latina\\\/\"},\"author\":{\"name\":\"Ricardo Trevi\u00f1o\",\"@id\":\"https:\\\/\\\/tecscience.tec.mx\\\/es\\\/#\\\/schema\\\/person\\\/d0ed5b5fa0ab2c4754211e4addf201dc\"},\"headline\":\"La mitad de los ni\u00f1os mexicanos menores de seis a\u00f1os son pobres\",\"datePublished\":\"2024-11-22T16:58:50+00:00\",\"dateModified\":\"2025-05-02T19:29:55+00:00\",\"mainEntityOfPage\":{\"@id\":\"https:\\\/\\\/tecscience.tec.mx\\\/es\\\/humano-social\\\/pobreza-en-los-ninos-de-mexico-y-america-latina\\\/\"},\"wordCount\":1195,\"publisher\":{\"@id\":\"https:\\\/\\\/tecscience.tec.mx\\\/es\\\/#organization\"},\"image\":{\"@id\":\"https:\\\/\\\/tecscience.tec.mx\\\/es\\\/humano-social\\\/pobreza-en-los-ninos-de-mexico-y-america-latina\\\/#primaryimage\"},\"thumbnailUrl\":\"https:\\\/\\\/tecscience.tec.mx\\\/es\\\/wp-content\\\/uploads\\\/sites\\\/8\\\/2024\\\/11\\\/pobre-de-ninos-en-mexico-y-america-latina.jpg\",\"keywords\":[\"Centro de Primera Infancia\",\"Foro Internacional de Primera Infancia\",\"Segundo Foro Internacional de Primera Infancia\"],\"articleSection\":[\"Humano y Social\"],\"inLanguage\":\"es\"},{\"@type\":\"WebPage\",\"@id\":\"https:\\\/\\\/tecscience.tec.mx\\\/es\\\/humano-social\\\/pobreza-en-los-ninos-de-mexico-y-america-latina\\\/\",\"url\":\"https:\\\/\\\/tecscience.tec.mx\\\/es\\\/humano-social\\\/pobreza-en-los-ninos-de-mexico-y-america-latina\\\/\",\"name\":\"La pobreza en los ni\u00f1os de M\u00e9xico y Am\u00e9rica Latina | TecScience\",\"isPartOf\":{\"@id\":\"https:\\\/\\\/tecscience.tec.mx\\\/es\\\/#website\"},\"primaryImageOfPage\":{\"@id\":\"https:\\\/\\\/tecscience.tec.mx\\\/es\\\/humano-social\\\/pobreza-en-los-ninos-de-mexico-y-america-latina\\\/#primaryimage\"},\"image\":{\"@id\":\"https:\\\/\\\/tecscience.tec.mx\\\/es\\\/humano-social\\\/pobreza-en-los-ninos-de-mexico-y-america-latina\\\/#primaryimage\"},\"thumbnailUrl\":\"https:\\\/\\\/tecscience.tec.mx\\\/es\\\/wp-content\\\/uploads\\\/sites\\\/8\\\/2024\\\/11\\\/pobre-de-ninos-en-mexico-y-america-latina.jpg\",\"datePublished\":\"2024-11-22T16:58:50+00:00\",\"dateModified\":\"2025-05-02T19:29:55+00:00\",\"description\":\"El BID estableci\u00f3 una agenda de trabajo para buscar soluciones a estos desaf\u00edos que present\u00f3 durante el Segundo Foro Internacional de Primera Infancia.\",\"breadcrumb\":{\"@id\":\"https:\\\/\\\/tecscience.tec.mx\\\/es\\\/humano-social\\\/pobreza-en-los-ninos-de-mexico-y-america-latina\\\/#breadcrumb\"},\"inLanguage\":\"es\",\"potentialAction\":[{\"@type\":\"ReadAction\",\"target\":[\"https:\\\/\\\/tecscience.tec.mx\\\/es\\\/humano-social\\\/pobreza-en-los-ninos-de-mexico-y-america-latina\\\/\"]}]},{\"@type\":\"ImageObject\",\"inLanguage\":\"es\",\"@id\":\"https:\\\/\\\/tecscience.tec.mx\\\/es\\\/humano-social\\\/pobreza-en-los-ninos-de-mexico-y-america-latina\\\/#primaryimage\",\"url\":\"https:\\\/\\\/tecscience.tec.mx\\\/es\\\/wp-content\\\/uploads\\\/sites\\\/8\\\/2024\\\/11\\\/pobre-de-ninos-en-mexico-y-america-latina.jpg\",\"contentUrl\":\"https:\\\/\\\/tecscience.tec.mx\\\/es\\\/wp-content\\\/uploads\\\/sites\\\/8\\\/2024\\\/11\\\/pobre-de-ninos-en-mexico-y-america-latina.jpg\",\"width\":750,\"height\":500,\"caption\":\"En Brasil, una ni\u00f1a toma clases desde su casa. (Foto: Getty Images)\"},{\"@type\":\"BreadcrumbList\",\"@id\":\"https:\\\/\\\/tecscience.tec.mx\\\/es\\\/humano-social\\\/pobreza-en-los-ninos-de-mexico-y-america-latina\\\/#breadcrumb\",\"itemListElement\":[{\"@type\":\"ListItem\",\"position\":1,\"name\":\"Home\",\"item\":\"https:\\\/\\\/tecscience.tec.mx\\\/es\\\/\"},{\"@type\":\"ListItem\",\"position\":2,\"name\":\"La mitad de los ni\u00f1os mexicanos menores de seis a\u00f1os son pobres\"}]},{\"@type\":\"WebSite\",\"@id\":\"https:\\\/\\\/tecscience.tec.mx\\\/es\\\/#website\",\"url\":\"https:\\\/\\\/tecscience.tec.mx\\\/es\\\/\",\"name\":\"TecScience\",\"description\":\"Bilingual platform in charge of communicating advances in research, science and innovation at Tec\",\"publisher\":{\"@id\":\"https:\\\/\\\/tecscience.tec.mx\\\/es\\\/#organization\"},\"potentialAction\":[{\"@type\":\"SearchAction\",\"target\":{\"@type\":\"EntryPoint\",\"urlTemplate\":\"https:\\\/\\\/tecscience.tec.mx\\\/es\\\/?s={search_term_string}\"},\"query-input\":{\"@type\":\"PropertyValueSpecification\",\"valueRequired\":true,\"valueName\":\"search_term_string\"}}],\"inLanguage\":\"es\"},{\"@type\":\"Organization\",\"@id\":\"https:\\\/\\\/tecscience.tec.mx\\\/es\\\/#organization\",\"name\":\"TecScience\",\"url\":\"https:\\\/\\\/tecscience.tec.mx\\\/es\\\/\",\"logo\":{\"@type\":\"ImageObject\",\"inLanguage\":\"es\",\"@id\":\"https:\\\/\\\/tecscience.tec.mx\\\/es\\\/#\\\/schema\\\/logo\\\/image\\\/\",\"url\":\"https:\\\/\\\/tecscience.tec.mx\\\/es\\\/wp-content\\\/uploads\\\/sites\\\/8\\\/2022\\\/11\\\/logo-negro-tecscience.svg\",\"contentUrl\":\"https:\\\/\\\/tecscience.tec.mx\\\/es\\\/wp-content\\\/uploads\\\/sites\\\/8\\\/2022\\\/11\\\/logo-negro-tecscience.svg\",\"width\":250,\"height\":38,\"caption\":\"TecScience\"},\"image\":{\"@id\":\"https:\\\/\\\/tecscience.tec.mx\\\/es\\\/#\\\/schema\\\/logo\\\/image\\\/\"},\"sameAs\":[\"https:\\\/\\\/www.facebook.com\\\/TecScienceWeb\",\"https:\\\/\\\/x.com\\\/TecScience_\",\"https:\\\/\\\/www.linkedin.com\\\/company\\\/tec-science\\\/\",\"https:\\\/\\\/www.instagram.com\\\/tecscienceweb\\\/\"],\"publishingPrinciples\":\"https:\\\/\\\/tecscience.tec.mx\\\/es\\\/guia-de-publicacion-para-articulos-de-divulgacion\\\/\",\"correctionsPolicy\":\"https:\\\/\\\/tecscience.tec.mx\\\/es\\\/equipo-editorial-tecscience\\\/\"},{\"@type\":\"Person\",\"@id\":\"https:\\\/\\\/tecscience.tec.mx\\\/es\\\/#\\\/schema\\\/person\\\/d0ed5b5fa0ab2c4754211e4addf201dc\",\"name\":\"Ricardo Trevi\u00f1o\",\"image\":{\"@type\":\"ImageObject\",\"inLanguage\":\"es\",\"@id\":\"https:\\\/\\\/secure.gravatar.com\\\/avatar\\\/4bcc2569d80f3bc04d35c88e014da852d10420f44fbbf0158af3ce158042ba08?s=96&d=mm&r=g\",\"url\":\"https:\\\/\\\/secure.gravatar.com\\\/avatar\\\/4bcc2569d80f3bc04d35c88e014da852d10420f44fbbf0158af3ce158042ba08?s=96&d=mm&r=g\",\"contentUrl\":\"https:\\\/\\\/secure.gravatar.com\\\/avatar\\\/4bcc2569d80f3bc04d35c88e014da852d10420f44fbbf0158af3ce158042ba08?s=96&d=mm&r=g\",\"caption\":\"Ricardo Trevi\u00f1o\"},\"url\":\"https:\\\/\\\/tecscience.tec.mx\\\/es\\\/author\\\/rtrevino\\\/\"}]}<\/script>\n<!-- \/ Yoast SEO Premium plugin. -->","yoast_head_json":{"title":"La pobreza en los ni\u00f1os de M\u00e9xico y Am\u00e9rica Latina | TecScience","description":"El BID estableci\u00f3 una agenda de trabajo para buscar soluciones a estos desaf\u00edos que present\u00f3 durante el Segundo Foro Internacional de Primera Infancia.","robots":{"index":"index","follow":"follow","max-snippet":"max-snippet:-1","max-image-preview":"max-image-preview:large","max-video-preview":"max-video-preview:-1"},"canonical":"https:\/\/tecscience.tec.mx\/es\/humano-social\/pobreza-en-los-ninos-de-mexico-y-america-latina\/","og_locale":"es_ES","og_type":"article","og_title":"La mitad de los ni\u00f1os mexicanos menores de seis a\u00f1os son pobres","og_description":"El BID estableci\u00f3 una agenda de trabajo para buscar soluciones a estos desaf\u00edos que present\u00f3 durante el Segundo Foro Internacional de Primera Infancia.","og_url":"https:\/\/tecscience.tec.mx\/es\/humano-social\/pobreza-en-los-ninos-de-mexico-y-america-latina\/","og_site_name":"TecScience","article_publisher":"https:\/\/www.facebook.com\/TecScienceWeb","article_published_time":"2024-11-22T16:58:50+00:00","article_modified_time":"2025-05-02T19:29:55+00:00","og_image":[{"width":750,"height":500,"url":"https:\/\/tecscience.tec.mx\/es\/wp-content\/uploads\/sites\/8\/2024\/11\/pobre-de-ninos-en-mexico-y-america-latina.jpg","type":"image\/jpeg"}],"author":"Ricardo Trevi\u00f1o","twitter_card":"summary_large_image","twitter_creator":"@TecScience_","twitter_site":"@TecScience_","twitter_misc":{"Escrito por":"Ricardo Trevi\u00f1o","Tiempo de lectura":"6 minutos"},"schema":{"@context":"https:\/\/schema.org","@graph":[{"@type":"Article","@id":"https:\/\/tecscience.tec.mx\/es\/humano-social\/pobreza-en-los-ninos-de-mexico-y-america-latina\/#article","isPartOf":{"@id":"https:\/\/tecscience.tec.mx\/es\/humano-social\/pobreza-en-los-ninos-de-mexico-y-america-latina\/"},"author":{"name":"Ricardo Trevi\u00f1o","@id":"https:\/\/tecscience.tec.mx\/es\/#\/schema\/person\/d0ed5b5fa0ab2c4754211e4addf201dc"},"headline":"La mitad de los ni\u00f1os mexicanos menores de seis a\u00f1os son pobres","datePublished":"2024-11-22T16:58:50+00:00","dateModified":"2025-05-02T19:29:55+00:00","mainEntityOfPage":{"@id":"https:\/\/tecscience.tec.mx\/es\/humano-social\/pobreza-en-los-ninos-de-mexico-y-america-latina\/"},"wordCount":1195,"publisher":{"@id":"https:\/\/tecscience.tec.mx\/es\/#organization"},"image":{"@id":"https:\/\/tecscience.tec.mx\/es\/humano-social\/pobreza-en-los-ninos-de-mexico-y-america-latina\/#primaryimage"},"thumbnailUrl":"https:\/\/tecscience.tec.mx\/es\/wp-content\/uploads\/sites\/8\/2024\/11\/pobre-de-ninos-en-mexico-y-america-latina.jpg","keywords":["Centro de Primera Infancia","Foro Internacional de Primera Infancia","Segundo Foro Internacional de Primera Infancia"],"articleSection":["Humano y Social"],"inLanguage":"es"},{"@type":"WebPage","@id":"https:\/\/tecscience.tec.mx\/es\/humano-social\/pobreza-en-los-ninos-de-mexico-y-america-latina\/","url":"https:\/\/tecscience.tec.mx\/es\/humano-social\/pobreza-en-los-ninos-de-mexico-y-america-latina\/","name":"La pobreza en los ni\u00f1os de M\u00e9xico y Am\u00e9rica Latina | TecScience","isPartOf":{"@id":"https:\/\/tecscience.tec.mx\/es\/#website"},"primaryImageOfPage":{"@id":"https:\/\/tecscience.tec.mx\/es\/humano-social\/pobreza-en-los-ninos-de-mexico-y-america-latina\/#primaryimage"},"image":{"@id":"https:\/\/tecscience.tec.mx\/es\/humano-social\/pobreza-en-los-ninos-de-mexico-y-america-latina\/#primaryimage"},"thumbnailUrl":"https:\/\/tecscience.tec.mx\/es\/wp-content\/uploads\/sites\/8\/2024\/11\/pobre-de-ninos-en-mexico-y-america-latina.jpg","datePublished":"2024-11-22T16:58:50+00:00","dateModified":"2025-05-02T19:29:55+00:00","description":"El BID estableci\u00f3 una agenda de trabajo para buscar soluciones a estos desaf\u00edos que present\u00f3 durante el Segundo Foro Internacional de Primera Infancia.","breadcrumb":{"@id":"https:\/\/tecscience.tec.mx\/es\/humano-social\/pobreza-en-los-ninos-de-mexico-y-america-latina\/#breadcrumb"},"inLanguage":"es","potentialAction":[{"@type":"ReadAction","target":["https:\/\/tecscience.tec.mx\/es\/humano-social\/pobreza-en-los-ninos-de-mexico-y-america-latina\/"]}]},{"@type":"ImageObject","inLanguage":"es","@id":"https:\/\/tecscience.tec.mx\/es\/humano-social\/pobreza-en-los-ninos-de-mexico-y-america-latina\/#primaryimage","url":"https:\/\/tecscience.tec.mx\/es\/wp-content\/uploads\/sites\/8\/2024\/11\/pobre-de-ninos-en-mexico-y-america-latina.jpg","contentUrl":"https:\/\/tecscience.tec.mx\/es\/wp-content\/uploads\/sites\/8\/2024\/11\/pobre-de-ninos-en-mexico-y-america-latina.jpg","width":750,"height":500,"caption":"En Brasil, una ni\u00f1a toma clases desde su casa. (Foto: Getty Images)"},{"@type":"BreadcrumbList","@id":"https:\/\/tecscience.tec.mx\/es\/humano-social\/pobreza-en-los-ninos-de-mexico-y-america-latina\/#breadcrumb","itemListElement":[{"@type":"ListItem","position":1,"name":"Home","item":"https:\/\/tecscience.tec.mx\/es\/"},{"@type":"ListItem","position":2,"name":"La mitad de los ni\u00f1os mexicanos menores de seis a\u00f1os son pobres"}]},{"@type":"WebSite","@id":"https:\/\/tecscience.tec.mx\/es\/#website","url":"https:\/\/tecscience.tec.mx\/es\/","name":"TecScience","description":"Bilingual platform in charge of communicating advances in research, science and innovation at Tec","publisher":{"@id":"https:\/\/tecscience.tec.mx\/es\/#organization"},"potentialAction":[{"@type":"SearchAction","target":{"@type":"EntryPoint","urlTemplate":"https:\/\/tecscience.tec.mx\/es\/?s={search_term_string}"},"query-input":{"@type":"PropertyValueSpecification","valueRequired":true,"valueName":"search_term_string"}}],"inLanguage":"es"},{"@type":"Organization","@id":"https:\/\/tecscience.tec.mx\/es\/#organization","name":"TecScience","url":"https:\/\/tecscience.tec.mx\/es\/","logo":{"@type":"ImageObject","inLanguage":"es","@id":"https:\/\/tecscience.tec.mx\/es\/#\/schema\/logo\/image\/","url":"https:\/\/tecscience.tec.mx\/es\/wp-content\/uploads\/sites\/8\/2022\/11\/logo-negro-tecscience.svg","contentUrl":"https:\/\/tecscience.tec.mx\/es\/wp-content\/uploads\/sites\/8\/2022\/11\/logo-negro-tecscience.svg","width":250,"height":38,"caption":"TecScience"},"image":{"@id":"https:\/\/tecscience.tec.mx\/es\/#\/schema\/logo\/image\/"},"sameAs":["https:\/\/www.facebook.com\/TecScienceWeb","https:\/\/x.com\/TecScience_","https:\/\/www.linkedin.com\/company\/tec-science\/","https:\/\/www.instagram.com\/tecscienceweb\/"],"publishingPrinciples":"https:\/\/tecscience.tec.mx\/es\/guia-de-publicacion-para-articulos-de-divulgacion\/","correctionsPolicy":"https:\/\/tecscience.tec.mx\/es\/equipo-editorial-tecscience\/"},{"@type":"Person","@id":"https:\/\/tecscience.tec.mx\/es\/#\/schema\/person\/d0ed5b5fa0ab2c4754211e4addf201dc","name":"Ricardo Trevi\u00f1o","image":{"@type":"ImageObject","inLanguage":"es","@id":"https:\/\/secure.gravatar.com\/avatar\/4bcc2569d80f3bc04d35c88e014da852d10420f44fbbf0158af3ce158042ba08?s=96&d=mm&r=g","url":"https:\/\/secure.gravatar.com\/avatar\/4bcc2569d80f3bc04d35c88e014da852d10420f44fbbf0158af3ce158042ba08?s=96&d=mm&r=g","contentUrl":"https:\/\/secure.gravatar.com\/avatar\/4bcc2569d80f3bc04d35c88e014da852d10420f44fbbf0158af3ce158042ba08?s=96&d=mm&r=g","caption":"Ricardo Trevi\u00f1o"},"url":"https:\/\/tecscience.tec.mx\/es\/author\/rtrevino\/"}]}},"_links":{"self":[{"href":"https:\/\/tecscience.tec.mx\/es\/wp-json\/wp\/v2\/posts\/170124","targetHints":{"allow":["GET"]}}],"collection":[{"href":"https:\/\/tecscience.tec.mx\/es\/wp-json\/wp\/v2\/posts"}],"about":[{"href":"https:\/\/tecscience.tec.mx\/es\/wp-json\/wp\/v2\/types\/post"}],"author":[{"embeddable":true,"href":"https:\/\/tecscience.tec.mx\/es\/wp-json\/wp\/v2\/users\/47"}],"replies":[{"embeddable":true,"href":"https:\/\/tecscience.tec.mx\/es\/wp-json\/wp\/v2\/comments?post=170124"}],"version-history":[{"count":0,"href":"https:\/\/tecscience.tec.mx\/es\/wp-json\/wp\/v2\/posts\/170124\/revisions"}],"wp:featuredmedia":[{"embeddable":true,"href":"https:\/\/tecscience.tec.mx\/es\/wp-json\/wp\/v2\/media\/170157"}],"wp:attachment":[{"href":"https:\/\/tecscience.tec.mx\/es\/wp-json\/wp\/v2\/media?parent=170124"}],"wp:term":[{"taxonomy":"category","embeddable":true,"href":"https:\/\/tecscience.tec.mx\/es\/wp-json\/wp\/v2\/categories?post=170124"},{"taxonomy":"post_tag","embeddable":true,"href":"https:\/\/tecscience.tec.mx\/es\/wp-json\/wp\/v2\/tags?post=170124"}],"curies":[{"name":"wp","href":"https:\/\/api.w.org\/{rel}","templated":true}]}}