{"id":173421,"date":"2025-01-31T15:18:13","date_gmt":"2025-01-31T21:18:13","guid":{"rendered":"https:\/\/tecscience.tec.mx\/es\/?p=173421"},"modified":"2025-02-20T14:58:46","modified_gmt":"2025-02-20T20:58:46","slug":"tecnologia-y-educacion","status":"publish","type":"post","link":"https:\/\/tecscience.tec.mx\/es\/humano-social\/tecnologia-y-educacion\/","title":{"rendered":"Tecnolog\u00eda y educaci\u00f3n: perspectivas sobre la IA, el cerebro y las aulas"},"content":{"rendered":"\n<p><strong>\u00bfC\u00f3mo pueden la tecnolog\u00eda y la educaci\u00f3n coexistir en armon\u00eda durante el aprendizaje? <\/strong>En promedio, los ni\u00f1os y j\u00f3venes utilizan la computadora para aprender unas 200 horas al a\u00f1o, sin embargo, usan el mismo equipo para consumir pasivamente contenido multimedia que cambia r\u00e1pidamente durante unas dos mil horas en ese periodo, expuso el neurocient\u00edfico <a href=\"https:\/\/www.linkedin.com\/in\/jared-cooney-horvath\" target=\"_blank\" rel=\"noreferrer noopener\">Jared Cooney<\/a> durante su conferencia en el <a href=\"\/es\/tag\/ife-conference-2025\/\" target=\"_blank\" rel=\"noreferrer noopener\">IFE Conference 2025<\/a>.<\/p>\n\n\n\n<p>\u201cLa OCDE (Organizaci\u00f3n para la Cooperaci\u00f3n y el Desarrollo Econ\u00f3micos) afirm\u00f3 hace algunos a\u00f1os que <strong>las personas que usan computadoras con frecuencia para aprender tienen peores resultados<\/strong> en la mayor\u00eda de las \u00e1reas de aprendizaje\u201d, dijo el tambi\u00e9n educador y autor del libro <em>Stop Talking, Start Influencing: 12 Insights from Brain Science to Make Your Message Stick<\/em>.<\/p>\n\n\n\n<p>En su conferencia <em><strong>Del laboratorio al aula: \u00a1Tecnolog\u00eda, IA y el cerebro!<\/strong><\/em> Cooney asumi\u00f3 un rol cr\u00edtico ante el uso de <a href=\"\/es\/tecnologia\/ryan-baker-inteligencia-artificial-generativa-en-educacion\/\" target=\"_blank\" rel=\"noreferrer noopener\">tecnolog\u00eda en la educaci\u00f3n<\/a> y coment\u00f3 que hay varios <strong>estudios que han descubierto que las computadoras no siempre ayudan a los estudiantes a mejorar las calificaciones<\/strong> ni los puntajes en ex\u00e1menes.&nbsp;<\/p>\n\n\n\n<p>Entonces, \u00bfcu\u00e1l es la manera correcta de usar la tecnolog\u00eda en el aula? El experto coment\u00f3 que, si queremos que la tecnolog\u00eda funcione en la educaci\u00f3n, la clave no es dise\u00f1ar el aprendizaje para adaptarlo a la tecnolog\u00eda, sino <strong>dise\u00f1ar la tecnolog\u00eda para <a href=\"\/es\/humano-social\/aprendizaje-adaptativo\/\" target=\"_blank\" rel=\"noreferrer noopener\">adaptarla<\/a> al aprendizaje<\/strong>.<\/p>\n\n\n\n<figure class=\"wp-block-image size-full\"><picture>\r\n                <source srcset=\"https:\/\/tecscience.tec.mx\/es\/wp-content\/uploads\/sites\/8\/2025\/01\/tecnologia-y-educacion.webp\" type=\"image\/webp\">\r\n                <img fetchpriority=\"high\" decoding=\"async\" width=\"750\" height=\"500\" src=\"https:\/\/tecscience.tec.mx\/es\/wp-content\/uploads\/sites\/8\/2025\/01\/tecnologia-y-educacion.jpg\" alt=\"Foto del conferencista Jared Cooney durante el IFE Conference 2025.\" class=\"wp-image-173426\" srcset=\"https:\/\/tecscience.tec.mx\/es\/wp-content\/uploads\/sites\/8\/2025\/01\/tecnologia-y-educacion.jpg 750w, https:\/\/tecscience.tec.mx\/es\/wp-content\/uploads\/sites\/8\/2025\/01\/tecnologia-y-educacion-300x200.jpg 300w\" sizes=\"(max-width: 750px) 100vw, 750px\" \/>\r\n            <\/picture><figcaption class=\"wp-element-caption\">\u201cNo podemos abandonar lo que funciona porque surge algo nuevo. <strong>Podemos usarlo para complementar, pero no para reemplazar<\/strong>\u201d, dijo el conferencista sobre las incipientes tecnolog\u00edas. (Foto: Everth Ba\u00f1uelos \/ TecScience)<\/figcaption><\/figure>\n\n\n\n<h2 class=\"wp-block-heading\">Multitarea: el reto con las computadoras al aprender<\/h2>\n\n\n\n<p>Cooney consider\u00f3 que la batalla entre el aprendizaje y la tecnolog\u00eda se complic\u00f3 en el momento en que las <strong>computadoras entraron a los hogares<\/strong> y los ni\u00f1os empezaron a usarlas para todo, menos para aprender.<\/p>\n\n\n\n<p><strong>Una confusi\u00f3n com\u00fan con el uso de computadoras tiene que ver con un concepto llamado funci\u00f3n primaria<\/strong>. Cooney ejemplific\u00f3 que es como cuando una persona ve un martillo y lo primero que piensa es en utilizarlo para golpear un clavo. As\u00ed los estudiantes no ven a los ordenadores como una herramienta con fines educativos, sino m\u00e1s bien de entretenimiento y consumo pasivo.&nbsp;<\/p>\n\n\n\n<p>Por otro lado, el experto asoci\u00f3 el consumo de contenidos multimedia que cambian r\u00e1pidamente con <strong>el concepto de multitarea<\/strong> en el cerebro. \u201cNo es una cuesti\u00f3n de habilidad. No existe un solo ser humano que pueda realizar m\u00faltiples tareas\u201d.<\/p>\n\n\n\n<p>Esto se relaciona directamente con uno de los principios de aprendizaje ligado con la memoria: <strong>la atenci\u00f3n<\/strong>. Cuando el cerebro determina que una informaci\u00f3n es relevante permite que ingrese, mientras lo irrelevante quedar\u00e1 bloqueado; entonces, <strong>la multitarea no es una habilidad, sino una limitaci\u00f3n<\/strong>.<\/p>\n\n\n\n<p>Cuando el cerebro registra incertidumbre ante el cambio \u2013entre aplicaciones, actividades, videos y otros contenidos\u2013, descarta toda la informaci\u00f3n entrante de los \u00faltimos segundos. Por eso <strong>cuando realiza m\u00faltiples tareas, ir\u00e1 m\u00e1s lento y disminuir\u00e1n su precisi\u00f3n <\/strong>y memoria de manera significativa, lo que se puede reflejar en distracci\u00f3n y falta de concentraci\u00f3n.<\/p>\n\n\n\n<p><strong>La tecnolog\u00eda entonces, agreg\u00f3, debe ser intencional<\/strong>. Es decir, que los dispositivos se utilicen \u00fanicamente para una tarea espec\u00edfica sin estar alternando entre varias acciones.<\/p>\n\n\n\n<figure class=\"wp-block-image size-full\"><picture>\r\n                <source srcset=\"https:\/\/tecscience.tec.mx\/es\/wp-content\/uploads\/sites\/8\/2025\/01\/tecnologia-y-educacion1.webp\" type=\"image\/webp\">\r\n                <img decoding=\"async\" width=\"750\" height=\"500\" src=\"https:\/\/tecscience.tec.mx\/es\/wp-content\/uploads\/sites\/8\/2025\/01\/tecnologia-y-educacion1.jpg\" alt=\"\" class=\"wp-image-173445\" srcset=\"https:\/\/tecscience.tec.mx\/es\/wp-content\/uploads\/sites\/8\/2025\/01\/tecnologia-y-educacion1.jpg 750w, https:\/\/tecscience.tec.mx\/es\/wp-content\/uploads\/sites\/8\/2025\/01\/tecnologia-y-educacion1-300x200.jpg 300w\" sizes=\"(max-width: 750px) 100vw, 750px\" \/>\r\n            <\/picture><figcaption class=\"wp-element-caption\">A trav\u00e9s de varias din\u00e1micas con videos, Cooney invit\u00f3 a los asistentes a reflexionar en c\u00f3mo la multitarea afecta en la actividad cerebral relacionada con el aprendizaje. (Foto: Everth Ba\u00f1uelos \/ TecScience)<\/figcaption><\/figure>\n\n\n\n<h2 class=\"wp-block-heading\">Regresar con tecnolog\u00eda a las bases del aprendizaje<\/h2>\n\n\n\n<p>Cooney mencion\u00f3 que la tecnolog\u00eda puede funcionar cuando se dise\u00f1an herramientas que se adaptan al estudio. Por ejemplo, <strong>enfocadas en procesos de aprendizaje profundo<\/strong> y los principios de las maneras de aprender de los humanos.<\/p>\n\n\n\n<p>Uno es el <strong>\u201crecall\u201d o recuperaci\u00f3n activa de la informaci\u00f3n<\/strong> que promueve la creaci\u00f3n de recuerdos profundos y la manera en la que el cerebro accede a ellos de manera repetitiva. Es decir, se puede utilizar la tecnolog\u00eda para recordar y consolidar informaci\u00f3n, no solo para acceder a ella.<\/p>\n\n\n\n<p><strong>Cuanto m\u00e1s se accede a los recuerdos, se extraen y se utilizan, m\u00e1s profundos, duraderos y f\u00e1ciles de recordar van a ser<\/strong>. Por ejemplo, los <em>jingles<\/em> de radio que las personas escuchan una y otra vez, y terminan tarare\u00e1ndolas en su cabeza.&nbsp;<\/p>\n\n\n\n<p>Hoy, al estudiar, los alumnos utilizan la tecnolog\u00eda para hacer revisiones pasivas de informaci\u00f3n, como ver una conferencia o leer notas, pero se necesita que interact\u00faen con ella para que ese contenido se convierta en<strong> un recuerdo profundo y permanezca en su memoria<\/strong>.<\/p>\n\n\n\n<p>Otro principio es que <strong>el texto escrito no se mezcla con la palabra hablada<\/strong>. La parte ling\u00fc\u00edstica del cerebro que procesa la visi\u00f3n se activa mientras las personas leen en silencio y hace que en su cabeza se escuchen a s\u00ed mismas, como si hablaran en voz alta, lo que dificulta escuchar una fuente de audio externo.<\/p>\n\n\n\n<p>El experto explic\u00f3 que se forma un \u201ccuello de botella neurol\u00f3gico\u201d porque el cerebro no puede procesar dos fuentes de sonido al mismo tiempo. Por eso, <strong>cuando la tecnolog\u00eda ofrece contenido multimedia y se combina voz con texto se perjudica el aprendizaje<\/strong>.<\/p>\n\n\n\n<h2 class=\"wp-block-heading\">No hay contenido perfecto, hay profesores<\/h2>\n\n\n\n<p>Incluso con la integraci\u00f3n de tecnolog\u00edas como la <a href=\"\/es\/tag\/inteligencia-artificial\/\" target=\"_blank\" rel=\"noreferrer noopener\">inteligencia artificial<\/a>, Cooney dijo que la mayor\u00eda de lo que las personas buscan cuando se trata de aprender <strong>proviene de las relaciones humanas.<\/strong><\/p>\n\n\n\n<p>\u201cAl tener la opci\u00f3n de aprender con una m\u00e1quina que te brinda la mejor informaci\u00f3n, con la mejor pedagog\u00eda en el momento que necesitas o de aprender con alguien que te agrada, <strong>siempre aprender\u00e1s m\u00e1s de la persona que te agrada que del sistema perfecto<\/strong>\u201d, dijo.<\/p>\n\n\n\n<p><strong>La empat\u00eda es un factor clave en el aprendizaje<\/strong> y es algo que no se puede replicar con tecnolog\u00eda, dijo Cooney. Los estudiantes aprenden m\u00e1s y mejor cuando les agradan sus profesores y pueden conectar con ellos.<\/p>\n\n\n\n<p>Adem\u00e1s, cuando los desarrolladores han intentado <strong>humanizar la tecnolog\u00eda<\/strong> puede fracasar porque los estudiantes se dan cuenta que no es algo aut\u00e9ntico, por ejemplo, los chatbots educativos no han podido reemplazar la interacci\u00f3n humana real.<\/p>\n\n\n\n<p>Por otro lado, cuando la tecnolog\u00eda se aplica en el aprendizaje, <strong>funciona mejor cuando es <a href=\"\/es\/humano-social\/inteligencia-artificial-en-la-educacion\/\" target=\"_blank\" rel=\"noreferrer noopener\">controlada y guiada por los profesores<\/a><\/strong> y no directamente por los estudiantes; de esta manera se convierte en una herramienta de ense\u00f1anza m\u00e1s que de aprendizaje.<\/p>\n\n\n\n<p>\u201cHemos estado haciendo educaci\u00f3n b\u00e1sicamente igual durante dos mil a\u00f1os. La raz\u00f3n por la que existe desde hace tanto tiempo es porque funciona. No podemos abandonar lo que funciona porque surge algo nuevo. <strong>Podemos usarlo para complementar, pero no podemos para reemplazar<\/strong>\u201d, concluy\u00f3 Cooney.<\/p>\n\n\n\n<p><br><strong><em>\u00bfTe interes\u00f3 esta historia? \u00bfQuieres publicarla?&nbsp; Contacta a nuestra editora de contenidos para conocer m\u00e1s&nbsp;<a href=\"mailto:marianaleonm@tec.mx\">marianaleonm@tec.mx<\/a><\/em><\/strong><\/p>\n\n\n\n<p><\/p>\n","protected":false},"excerpt":{"rendered":"<p>El autor Jared Cooney habl\u00f3 sobre c\u00f3mo el uso de computadoras debe ser intencional y destinar tiempo \u00fanicamente para poder aprender.<\/p>\n","protected":false},"author":47,"featured_media":173472,"comment_status":"closed","ping_status":"closed","sticky":false,"template":"","format":"standard","meta":{"_acf_changed":false,"_eb_attr":"","footnotes":""},"categories":[101],"tags":[962,886,949,200,236],"class_list":["post-173421","post","type-post","status-publish","format-standard","has-post-thumbnail","hentry","category-humano-social","tag-educacion-y-humanismo","tag-ife-conference","tag-ife-conference-2025","tag-innovacion-educativa","tag-institute-for-the-future-of-education"],"acf":[],"yoast_head":"<!-- This site is optimized with the Yoast SEO Premium plugin v21.0 (Yoast SEO v27.4) - https:\/\/yoast.com\/product\/yoast-seo-premium-wordpress\/ -->\n<title>Tecnolog\u00eda y educaci\u00f3n: claves para combinarlas en el aprendizaje | TecScience<\/title>\n<meta name=\"description\" content=\"La tecnolog\u00eda por s\u00ed sola no siempre tiene un impacto positivo en la educaci\u00f3n, pero la manera de aprovecharla hacia este objetivo es lo que dar\u00e1 resultados.\" \/>\n<meta name=\"robots\" content=\"index, follow, max-snippet:-1, max-image-preview:large, max-video-preview:-1\" \/>\n<link rel=\"canonical\" href=\"https:\/\/tecscience.tec.mx\/es\/humano-social\/tecnologia-y-educacion\/\" \/>\n<meta property=\"og:locale\" content=\"es_ES\" \/>\n<meta property=\"og:type\" content=\"article\" \/>\n<meta property=\"og:title\" content=\"Tecnolog\u00eda y educaci\u00f3n: perspectivas sobre la IA, el cerebro y las aulas\" \/>\n<meta property=\"og:description\" content=\"La tecnolog\u00eda por s\u00ed sola no siempre tiene un impacto positivo en la educaci\u00f3n, pero la manera de aprovecharla hacia este objetivo es lo que dar\u00e1 resultados.\" \/>\n<meta property=\"og:url\" content=\"https:\/\/tecscience.tec.mx\/es\/humano-social\/tecnologia-y-educacion\/\" \/>\n<meta property=\"og:site_name\" content=\"TecScience\" \/>\n<meta property=\"article:publisher\" content=\"https:\/\/www.facebook.com\/TecScienceWeb\" \/>\n<meta property=\"article:published_time\" content=\"2025-01-31T21:18:13+00:00\" \/>\n<meta property=\"article:modified_time\" content=\"2025-02-20T20:58:46+00:00\" \/>\n<meta property=\"og:image\" content=\"https:\/\/tecscience.tec.mx\/es\/wp-content\/uploads\/sites\/8\/2025\/01\/cooney.jpg\" \/>\n\t<meta property=\"og:image:width\" content=\"750\" \/>\n\t<meta property=\"og:image:height\" content=\"500\" \/>\n\t<meta property=\"og:image:type\" content=\"image\/jpeg\" \/>\n<meta name=\"author\" content=\"Ricardo Trevi\u00f1o\" \/>\n<meta name=\"twitter:card\" content=\"summary_large_image\" \/>\n<meta name=\"twitter:creator\" content=\"@TecScience_\" \/>\n<meta name=\"twitter:site\" content=\"@TecScience_\" \/>\n<meta name=\"twitter:label1\" content=\"Escrito por\" \/>\n\t<meta name=\"twitter:data1\" content=\"Ricardo Trevi\u00f1o\" \/>\n\t<meta name=\"twitter:label2\" content=\"Tiempo de lectura\" \/>\n\t<meta name=\"twitter:data2\" content=\"6 minutos\" \/>\n<script type=\"application\/ld+json\" class=\"yoast-schema-graph\">{\"@context\":\"https:\\\/\\\/schema.org\",\"@graph\":[{\"@type\":\"Article\",\"@id\":\"https:\\\/\\\/tecscience.tec.mx\\\/es\\\/humano-social\\\/tecnologia-y-educacion\\\/#article\",\"isPartOf\":{\"@id\":\"https:\\\/\\\/tecscience.tec.mx\\\/es\\\/humano-social\\\/tecnologia-y-educacion\\\/\"},\"author\":{\"name\":\"Ricardo Trevi\u00f1o\",\"@id\":\"https:\\\/\\\/tecscience.tec.mx\\\/es\\\/#\\\/schema\\\/person\\\/d0ed5b5fa0ab2c4754211e4addf201dc\"},\"headline\":\"Tecnolog\u00eda y educaci\u00f3n: perspectivas sobre la IA, el cerebro y las aulas\",\"datePublished\":\"2025-01-31T21:18:13+00:00\",\"dateModified\":\"2025-02-20T20:58:46+00:00\",\"mainEntityOfPage\":{\"@id\":\"https:\\\/\\\/tecscience.tec.mx\\\/es\\\/humano-social\\\/tecnologia-y-educacion\\\/\"},\"wordCount\":1193,\"publisher\":{\"@id\":\"https:\\\/\\\/tecscience.tec.mx\\\/es\\\/#organization\"},\"image\":{\"@id\":\"https:\\\/\\\/tecscience.tec.mx\\\/es\\\/humano-social\\\/tecnologia-y-educacion\\\/#primaryimage\"},\"thumbnailUrl\":\"https:\\\/\\\/tecscience.tec.mx\\\/es\\\/wp-content\\\/uploads\\\/sites\\\/8\\\/2025\\\/01\\\/cooney.jpg\",\"keywords\":[\"Educaci\u00f3n y Humanismo\",\"IFE Conference\",\"IFE Conference 2025\",\"Innovaci\u00f3n Educativa\",\"Institute for the Future of Education\"],\"articleSection\":[\"Humano y Social\"],\"inLanguage\":\"es\"},{\"@type\":\"WebPage\",\"@id\":\"https:\\\/\\\/tecscience.tec.mx\\\/es\\\/humano-social\\\/tecnologia-y-educacion\\\/\",\"url\":\"https:\\\/\\\/tecscience.tec.mx\\\/es\\\/humano-social\\\/tecnologia-y-educacion\\\/\",\"name\":\"Tecnolog\u00eda y educaci\u00f3n: claves para combinarlas en el aprendizaje | TecScience\",\"isPartOf\":{\"@id\":\"https:\\\/\\\/tecscience.tec.mx\\\/es\\\/#website\"},\"primaryImageOfPage\":{\"@id\":\"https:\\\/\\\/tecscience.tec.mx\\\/es\\\/humano-social\\\/tecnologia-y-educacion\\\/#primaryimage\"},\"image\":{\"@id\":\"https:\\\/\\\/tecscience.tec.mx\\\/es\\\/humano-social\\\/tecnologia-y-educacion\\\/#primaryimage\"},\"thumbnailUrl\":\"https:\\\/\\\/tecscience.tec.mx\\\/es\\\/wp-content\\\/uploads\\\/sites\\\/8\\\/2025\\\/01\\\/cooney.jpg\",\"datePublished\":\"2025-01-31T21:18:13+00:00\",\"dateModified\":\"2025-02-20T20:58:46+00:00\",\"description\":\"La tecnolog\u00eda por s\u00ed sola no siempre tiene un impacto positivo en la educaci\u00f3n, pero la manera de aprovecharla hacia este objetivo es lo que dar\u00e1 resultados.\",\"breadcrumb\":{\"@id\":\"https:\\\/\\\/tecscience.tec.mx\\\/es\\\/humano-social\\\/tecnologia-y-educacion\\\/#breadcrumb\"},\"inLanguage\":\"es\",\"potentialAction\":[{\"@type\":\"ReadAction\",\"target\":[\"https:\\\/\\\/tecscience.tec.mx\\\/es\\\/humano-social\\\/tecnologia-y-educacion\\\/\"]}]},{\"@type\":\"ImageObject\",\"inLanguage\":\"es\",\"@id\":\"https:\\\/\\\/tecscience.tec.mx\\\/es\\\/humano-social\\\/tecnologia-y-educacion\\\/#primaryimage\",\"url\":\"https:\\\/\\\/tecscience.tec.mx\\\/es\\\/wp-content\\\/uploads\\\/sites\\\/8\\\/2025\\\/01\\\/cooney.jpg\",\"contentUrl\":\"https:\\\/\\\/tecscience.tec.mx\\\/es\\\/wp-content\\\/uploads\\\/sites\\\/8\\\/2025\\\/01\\\/cooney.jpg\",\"width\":750,\"height\":500,\"caption\":\"Jared Cooney expuso algunos de los problemas que se presentan cuando se utiliza la tecnolog\u00eda en el aprendizaje. (Foto: Everth Ba\u00f1uelos \\\/ TecScience)\"},{\"@type\":\"BreadcrumbList\",\"@id\":\"https:\\\/\\\/tecscience.tec.mx\\\/es\\\/humano-social\\\/tecnologia-y-educacion\\\/#breadcrumb\",\"itemListElement\":[{\"@type\":\"ListItem\",\"position\":1,\"name\":\"Home\",\"item\":\"https:\\\/\\\/tecscience.tec.mx\\\/es\\\/\"},{\"@type\":\"ListItem\",\"position\":2,\"name\":\"Tecnolog\u00eda y educaci\u00f3n: perspectivas sobre la IA, el cerebro y las aulas\"}]},{\"@type\":\"WebSite\",\"@id\":\"https:\\\/\\\/tecscience.tec.mx\\\/es\\\/#website\",\"url\":\"https:\\\/\\\/tecscience.tec.mx\\\/es\\\/\",\"name\":\"TecScience\",\"description\":\"Bilingual platform in charge of communicating advances in research, science and innovation at Tec\",\"publisher\":{\"@id\":\"https:\\\/\\\/tecscience.tec.mx\\\/es\\\/#organization\"},\"potentialAction\":[{\"@type\":\"SearchAction\",\"target\":{\"@type\":\"EntryPoint\",\"urlTemplate\":\"https:\\\/\\\/tecscience.tec.mx\\\/es\\\/?s={search_term_string}\"},\"query-input\":{\"@type\":\"PropertyValueSpecification\",\"valueRequired\":true,\"valueName\":\"search_term_string\"}}],\"inLanguage\":\"es\"},{\"@type\":\"Organization\",\"@id\":\"https:\\\/\\\/tecscience.tec.mx\\\/es\\\/#organization\",\"name\":\"TecScience\",\"url\":\"https:\\\/\\\/tecscience.tec.mx\\\/es\\\/\",\"logo\":{\"@type\":\"ImageObject\",\"inLanguage\":\"es\",\"@id\":\"https:\\\/\\\/tecscience.tec.mx\\\/es\\\/#\\\/schema\\\/logo\\\/image\\\/\",\"url\":\"https:\\\/\\\/tecscience.tec.mx\\\/es\\\/wp-content\\\/uploads\\\/sites\\\/8\\\/2022\\\/11\\\/logo-negro-tecscience.svg\",\"contentUrl\":\"https:\\\/\\\/tecscience.tec.mx\\\/es\\\/wp-content\\\/uploads\\\/sites\\\/8\\\/2022\\\/11\\\/logo-negro-tecscience.svg\",\"width\":250,\"height\":38,\"caption\":\"TecScience\"},\"image\":{\"@id\":\"https:\\\/\\\/tecscience.tec.mx\\\/es\\\/#\\\/schema\\\/logo\\\/image\\\/\"},\"sameAs\":[\"https:\\\/\\\/www.facebook.com\\\/TecScienceWeb\",\"https:\\\/\\\/x.com\\\/TecScience_\",\"https:\\\/\\\/www.linkedin.com\\\/company\\\/tec-science\\\/\",\"https:\\\/\\\/www.instagram.com\\\/tecscienceweb\\\/\"],\"publishingPrinciples\":\"https:\\\/\\\/tecscience.tec.mx\\\/es\\\/guia-de-publicacion-para-articulos-de-divulgacion\\\/\",\"correctionsPolicy\":\"https:\\\/\\\/tecscience.tec.mx\\\/es\\\/equipo-editorial-tecscience\\\/\"},{\"@type\":\"Person\",\"@id\":\"https:\\\/\\\/tecscience.tec.mx\\\/es\\\/#\\\/schema\\\/person\\\/d0ed5b5fa0ab2c4754211e4addf201dc\",\"name\":\"Ricardo Trevi\u00f1o\",\"image\":{\"@type\":\"ImageObject\",\"inLanguage\":\"es\",\"@id\":\"https:\\\/\\\/secure.gravatar.com\\\/avatar\\\/4bcc2569d80f3bc04d35c88e014da852d10420f44fbbf0158af3ce158042ba08?s=96&d=mm&r=g\",\"url\":\"https:\\\/\\\/secure.gravatar.com\\\/avatar\\\/4bcc2569d80f3bc04d35c88e014da852d10420f44fbbf0158af3ce158042ba08?s=96&d=mm&r=g\",\"contentUrl\":\"https:\\\/\\\/secure.gravatar.com\\\/avatar\\\/4bcc2569d80f3bc04d35c88e014da852d10420f44fbbf0158af3ce158042ba08?s=96&d=mm&r=g\",\"caption\":\"Ricardo Trevi\u00f1o\"},\"url\":\"https:\\\/\\\/tecscience.tec.mx\\\/es\\\/author\\\/rtrevino\\\/\"}]}<\/script>\n<!-- \/ Yoast SEO Premium plugin. -->","yoast_head_json":{"title":"Tecnolog\u00eda y educaci\u00f3n: claves para combinarlas en el aprendizaje | TecScience","description":"La tecnolog\u00eda por s\u00ed sola no siempre tiene un impacto positivo en la educaci\u00f3n, pero la manera de aprovecharla hacia este objetivo es lo que dar\u00e1 resultados.","robots":{"index":"index","follow":"follow","max-snippet":"max-snippet:-1","max-image-preview":"max-image-preview:large","max-video-preview":"max-video-preview:-1"},"canonical":"https:\/\/tecscience.tec.mx\/es\/humano-social\/tecnologia-y-educacion\/","og_locale":"es_ES","og_type":"article","og_title":"Tecnolog\u00eda y educaci\u00f3n: perspectivas sobre la IA, el cerebro y las aulas","og_description":"La tecnolog\u00eda por s\u00ed sola no siempre tiene un impacto positivo en la educaci\u00f3n, pero la manera de aprovecharla hacia este objetivo es lo que dar\u00e1 resultados.","og_url":"https:\/\/tecscience.tec.mx\/es\/humano-social\/tecnologia-y-educacion\/","og_site_name":"TecScience","article_publisher":"https:\/\/www.facebook.com\/TecScienceWeb","article_published_time":"2025-01-31T21:18:13+00:00","article_modified_time":"2025-02-20T20:58:46+00:00","og_image":[{"width":750,"height":500,"url":"https:\/\/tecscience.tec.mx\/es\/wp-content\/uploads\/sites\/8\/2025\/01\/cooney.jpg","type":"image\/jpeg"}],"author":"Ricardo Trevi\u00f1o","twitter_card":"summary_large_image","twitter_creator":"@TecScience_","twitter_site":"@TecScience_","twitter_misc":{"Escrito por":"Ricardo Trevi\u00f1o","Tiempo de lectura":"6 minutos"},"schema":{"@context":"https:\/\/schema.org","@graph":[{"@type":"Article","@id":"https:\/\/tecscience.tec.mx\/es\/humano-social\/tecnologia-y-educacion\/#article","isPartOf":{"@id":"https:\/\/tecscience.tec.mx\/es\/humano-social\/tecnologia-y-educacion\/"},"author":{"name":"Ricardo Trevi\u00f1o","@id":"https:\/\/tecscience.tec.mx\/es\/#\/schema\/person\/d0ed5b5fa0ab2c4754211e4addf201dc"},"headline":"Tecnolog\u00eda y educaci\u00f3n: perspectivas sobre la IA, el cerebro y las aulas","datePublished":"2025-01-31T21:18:13+00:00","dateModified":"2025-02-20T20:58:46+00:00","mainEntityOfPage":{"@id":"https:\/\/tecscience.tec.mx\/es\/humano-social\/tecnologia-y-educacion\/"},"wordCount":1193,"publisher":{"@id":"https:\/\/tecscience.tec.mx\/es\/#organization"},"image":{"@id":"https:\/\/tecscience.tec.mx\/es\/humano-social\/tecnologia-y-educacion\/#primaryimage"},"thumbnailUrl":"https:\/\/tecscience.tec.mx\/es\/wp-content\/uploads\/sites\/8\/2025\/01\/cooney.jpg","keywords":["Educaci\u00f3n y Humanismo","IFE Conference","IFE Conference 2025","Innovaci\u00f3n Educativa","Institute for the Future of Education"],"articleSection":["Humano y Social"],"inLanguage":"es"},{"@type":"WebPage","@id":"https:\/\/tecscience.tec.mx\/es\/humano-social\/tecnologia-y-educacion\/","url":"https:\/\/tecscience.tec.mx\/es\/humano-social\/tecnologia-y-educacion\/","name":"Tecnolog\u00eda y educaci\u00f3n: claves para combinarlas en el aprendizaje | TecScience","isPartOf":{"@id":"https:\/\/tecscience.tec.mx\/es\/#website"},"primaryImageOfPage":{"@id":"https:\/\/tecscience.tec.mx\/es\/humano-social\/tecnologia-y-educacion\/#primaryimage"},"image":{"@id":"https:\/\/tecscience.tec.mx\/es\/humano-social\/tecnologia-y-educacion\/#primaryimage"},"thumbnailUrl":"https:\/\/tecscience.tec.mx\/es\/wp-content\/uploads\/sites\/8\/2025\/01\/cooney.jpg","datePublished":"2025-01-31T21:18:13+00:00","dateModified":"2025-02-20T20:58:46+00:00","description":"La tecnolog\u00eda por s\u00ed sola no siempre tiene un impacto positivo en la educaci\u00f3n, pero la manera de aprovecharla hacia este objetivo es lo que dar\u00e1 resultados.","breadcrumb":{"@id":"https:\/\/tecscience.tec.mx\/es\/humano-social\/tecnologia-y-educacion\/#breadcrumb"},"inLanguage":"es","potentialAction":[{"@type":"ReadAction","target":["https:\/\/tecscience.tec.mx\/es\/humano-social\/tecnologia-y-educacion\/"]}]},{"@type":"ImageObject","inLanguage":"es","@id":"https:\/\/tecscience.tec.mx\/es\/humano-social\/tecnologia-y-educacion\/#primaryimage","url":"https:\/\/tecscience.tec.mx\/es\/wp-content\/uploads\/sites\/8\/2025\/01\/cooney.jpg","contentUrl":"https:\/\/tecscience.tec.mx\/es\/wp-content\/uploads\/sites\/8\/2025\/01\/cooney.jpg","width":750,"height":500,"caption":"Jared Cooney expuso algunos de los problemas que se presentan cuando se utiliza la tecnolog\u00eda en el aprendizaje. (Foto: Everth Ba\u00f1uelos \/ TecScience)"},{"@type":"BreadcrumbList","@id":"https:\/\/tecscience.tec.mx\/es\/humano-social\/tecnologia-y-educacion\/#breadcrumb","itemListElement":[{"@type":"ListItem","position":1,"name":"Home","item":"https:\/\/tecscience.tec.mx\/es\/"},{"@type":"ListItem","position":2,"name":"Tecnolog\u00eda y educaci\u00f3n: perspectivas sobre la IA, el cerebro y las aulas"}]},{"@type":"WebSite","@id":"https:\/\/tecscience.tec.mx\/es\/#website","url":"https:\/\/tecscience.tec.mx\/es\/","name":"TecScience","description":"Bilingual platform in charge of communicating advances in research, science and innovation at Tec","publisher":{"@id":"https:\/\/tecscience.tec.mx\/es\/#organization"},"potentialAction":[{"@type":"SearchAction","target":{"@type":"EntryPoint","urlTemplate":"https:\/\/tecscience.tec.mx\/es\/?s={search_term_string}"},"query-input":{"@type":"PropertyValueSpecification","valueRequired":true,"valueName":"search_term_string"}}],"inLanguage":"es"},{"@type":"Organization","@id":"https:\/\/tecscience.tec.mx\/es\/#organization","name":"TecScience","url":"https:\/\/tecscience.tec.mx\/es\/","logo":{"@type":"ImageObject","inLanguage":"es","@id":"https:\/\/tecscience.tec.mx\/es\/#\/schema\/logo\/image\/","url":"https:\/\/tecscience.tec.mx\/es\/wp-content\/uploads\/sites\/8\/2022\/11\/logo-negro-tecscience.svg","contentUrl":"https:\/\/tecscience.tec.mx\/es\/wp-content\/uploads\/sites\/8\/2022\/11\/logo-negro-tecscience.svg","width":250,"height":38,"caption":"TecScience"},"image":{"@id":"https:\/\/tecscience.tec.mx\/es\/#\/schema\/logo\/image\/"},"sameAs":["https:\/\/www.facebook.com\/TecScienceWeb","https:\/\/x.com\/TecScience_","https:\/\/www.linkedin.com\/company\/tec-science\/","https:\/\/www.instagram.com\/tecscienceweb\/"],"publishingPrinciples":"https:\/\/tecscience.tec.mx\/es\/guia-de-publicacion-para-articulos-de-divulgacion\/","correctionsPolicy":"https:\/\/tecscience.tec.mx\/es\/equipo-editorial-tecscience\/"},{"@type":"Person","@id":"https:\/\/tecscience.tec.mx\/es\/#\/schema\/person\/d0ed5b5fa0ab2c4754211e4addf201dc","name":"Ricardo Trevi\u00f1o","image":{"@type":"ImageObject","inLanguage":"es","@id":"https:\/\/secure.gravatar.com\/avatar\/4bcc2569d80f3bc04d35c88e014da852d10420f44fbbf0158af3ce158042ba08?s=96&d=mm&r=g","url":"https:\/\/secure.gravatar.com\/avatar\/4bcc2569d80f3bc04d35c88e014da852d10420f44fbbf0158af3ce158042ba08?s=96&d=mm&r=g","contentUrl":"https:\/\/secure.gravatar.com\/avatar\/4bcc2569d80f3bc04d35c88e014da852d10420f44fbbf0158af3ce158042ba08?s=96&d=mm&r=g","caption":"Ricardo Trevi\u00f1o"},"url":"https:\/\/tecscience.tec.mx\/es\/author\/rtrevino\/"}]}},"_links":{"self":[{"href":"https:\/\/tecscience.tec.mx\/es\/wp-json\/wp\/v2\/posts\/173421","targetHints":{"allow":["GET"]}}],"collection":[{"href":"https:\/\/tecscience.tec.mx\/es\/wp-json\/wp\/v2\/posts"}],"about":[{"href":"https:\/\/tecscience.tec.mx\/es\/wp-json\/wp\/v2\/types\/post"}],"author":[{"embeddable":true,"href":"https:\/\/tecscience.tec.mx\/es\/wp-json\/wp\/v2\/users\/47"}],"replies":[{"embeddable":true,"href":"https:\/\/tecscience.tec.mx\/es\/wp-json\/wp\/v2\/comments?post=173421"}],"version-history":[{"count":0,"href":"https:\/\/tecscience.tec.mx\/es\/wp-json\/wp\/v2\/posts\/173421\/revisions"}],"wp:featuredmedia":[{"embeddable":true,"href":"https:\/\/tecscience.tec.mx\/es\/wp-json\/wp\/v2\/media\/173472"}],"wp:attachment":[{"href":"https:\/\/tecscience.tec.mx\/es\/wp-json\/wp\/v2\/media?parent=173421"}],"wp:term":[{"taxonomy":"category","embeddable":true,"href":"https:\/\/tecscience.tec.mx\/es\/wp-json\/wp\/v2\/categories?post=173421"},{"taxonomy":"post_tag","embeddable":true,"href":"https:\/\/tecscience.tec.mx\/es\/wp-json\/wp\/v2\/tags?post=173421"}],"curies":[{"name":"wp","href":"https:\/\/api.w.org\/{rel}","templated":true}]}}