{"id":176265,"date":"2025-04-30T15:30:38","date_gmt":"2025-04-30T21:30:38","guid":{"rendered":"https:\/\/tecscience.tec.mx\/es\/?p=176265"},"modified":"2025-05-02T11:50:49","modified_gmt":"2025-05-02T17:50:49","slug":"vitamina-b12-en-los-bebes","status":"publish","type":"post","link":"https:\/\/tecscience.tec.mx\/es\/salud\/vitamina-b12-en-los-bebes\/","title":{"rendered":"Cuatro microgramos de prevenci\u00f3n: la vitamina que puede cambiar el futuro metab\u00f3lico de un beb\u00e9"},"content":{"rendered":"\n<p>La deficiencia de la <strong>vitamina B12<\/strong> en mujeres embarazadas puede causar problemas en el desarrollo de sus beb\u00e9s. Pueden nacer con bajo peso y tener un mayor riesgo de enfermedades como obesidad, diabetes y problemas cardiovasculares (como infartos) en su vida adulta.<\/p>\n\n\n\n<p>A esto se le conoce como <strong>programaci\u00f3n fetal<\/strong>, un proceso en el que condiciones durante el embarazo \u2014como una mala nutrici\u00f3n\u2014 pueden dar <strong>\u201cinstrucciones equivocadas\u201d al cuerpo del beb\u00e9 desde antes de nacer<\/strong>, explic\u00f3 <a href=\"https:\/\/www.researchgate.net\/profile\/Rosa-Maria-Gueant-Rodriguez\" target=\"_blank\" rel=\"noreferrer noopener\">Rosa Mar\u00eda Gu\u00e9ant<\/a>, profesora y experta en bioqu\u00edmica metab\u00f3lica y nutrici\u00f3n de la <strong>Universidad de Lorraine<\/strong> y el Hospital Universitario de Nancy, durante el <a href=\"\/es\/tag\/congreso-internacional-de-investigacion-sobre-obesidad-2025\/\" target=\"_blank\" rel=\"noreferrer noopener\">Congreso Internacional de Investigaci\u00f3n sobre Obesidad 2025<\/a>.<\/p>\n\n\n\n<p>Durante la conferencia <strong><em>Vitaminas del grupo B, epigenoma y programaci\u00f3n fetal<\/em><\/strong>, explic\u00f3 que \u2014si la madre no tiene una nutrici\u00f3n adecuada durante el embarazo\u2014 <strong>el cuerpo del beb\u00e9 se \u201cprograma\u201d para guardar grasa<\/strong>, funcionar con menos nutrientes o no procesar bien el az\u00facar, debido a que <strong>se ajusta a vivir con carencias<\/strong>. Sin embargo, eso lo hace m\u00e1s propenso en la vida adulta a desarrollar enfermedades metab\u00f3licas y problemas en \u00f3rganos como h\u00edgado y coraz\u00f3n.<\/p>\n\n\n\n<p>La vitamina B12, presente en alimentos como carne o pescado, y los folatos \u2014como la vitamina B9\u2014, que proviene de vegetales, ayudan a regular los genes de los beb\u00e9s durante su crecimiento en el embarazo, a trav\u00e9s de un proceso llamado metilaci\u00f3n, que es como un sistema de control que define cu\u00e1les genes se encienden o apagan en su desarrollo. <\/p>\n\n\n\n<p>En <a href=\"https:\/\/www.sciencedirect.com\/science\/article\/abs\/pii\/S0083672922000164\" target=\"_blank\" rel=\"noreferrer noopener\">estudios realizados por la investigadora<\/a>, se demostr\u00f3 que esta falta en la regulaci\u00f3n puede llevar a que beb\u00e9s nazcan con bajo peso, a causa de alteraciones de instrucciones gen\u00e9ticas.<\/p>\n\n\n\n<p>\u201c<strong>La cantidad de B12, una vitamina tan importante, es \u00ednfima: cuatro microgramos al d\u00eda<\/strong>. \u00danicamente, con eso, es suficiente\u201d, dijo la investigadora. <\/p>\n\n\n\n<figure class=\"wp-block-embed is-type-video is-provider-youtube wp-block-embed-youtube wp-embed-aspect-16-9 wp-has-aspect-ratio\"><div class=\"wp-block-embed__wrapper\">\n<iframe title=\"Cient\u00edficos detectaron micropl\u00e1sticos en la leche materna\" width=\"800\" height=\"450\" src=\"https:\/\/www.youtube.com\/embed\/ATMQ557pA24?start=2&#038;feature=oembed\" frameborder=\"0\" allow=\"accelerometer; autoplay; clipboard-write; encrypted-media; gyroscope; picture-in-picture; web-share\" referrerpolicy=\"strict-origin-when-cross-origin\" allowfullscreen><\/iframe>\n<\/div><\/figure>\n\n\n\n<h2 class=\"wp-block-heading\"><strong>La vitamina B12 en los beb\u00e9s<\/strong><\/h2>\n\n\n\n<p>Cuando una mujer embarazada tiene deficiencias en vitaminas como B12 y folatos (\u00e1cido f\u00f3lico), su beb\u00e9 no recibe suficientes <strong>grupos metilo<\/strong>, uno de los <strong>mecanismos epigen\u00e9ticos<\/strong> clave en su desarrollo. La epigen\u00e9tica consiste en la regulaci\u00f3n de los genes del feto durante su desarrollo, dependiendo de la nutrici\u00f3n materna.<\/p>\n\n\n\n<p>Gu\u00e9ant mencion\u00f3 que hay <strong>tres mecanismos epigen\u00e9ticos principales que sirven para regular el comportamiento de los genes<\/strong>: la metilaci\u00f3n del ADN, que a\u00f1ade grupos metilo para disminuir la expresi\u00f3n de ciertos genes; la modificaci\u00f3n de histonas, con cambios en las prote\u00ednas que envuelven el ADN y que afectan su accesibilidad; y los <a href=\"\/es\/biotecnologia\/que-es-el-arn\/\" target=\"_blank\" rel=\"noreferrer noopener\">ARNs<\/a> no codificantes, que son mol\u00e9culas que regulan la actividad de los genes sin convertirse en prote\u00ednas.<\/p>\n\n\n\n<p>Es decir, <strong>cuando las instrucciones de los genes se alteran, pueden afectar la formaci\u00f3n del feto<\/strong>.<\/p>\n\n\n\n<figure class=\"wp-block-image aligncenter size-large\"><picture>\r\n                <source srcset=\"https:\/\/tecscience.tec.mx\/es\/wp-content\/uploads\/sites\/8\/2025\/04\/vitamina-b12-para-los-bebes-1024x1024.webp\" type=\"image\/webp\">\r\n                <img fetchpriority=\"high\" decoding=\"async\" width=\"1024\" height=\"1024\" src=\"https:\/\/tecscience.tec.mx\/es\/wp-content\/uploads\/sites\/8\/2025\/04\/vitamina-b12-para-los-bebes-1024x1024.jpg\" alt=\"\" class=\"wp-image-176277\" srcset=\"https:\/\/tecscience.tec.mx\/es\/wp-content\/uploads\/sites\/8\/2025\/04\/vitamina-b12-para-los-bebes-1024x1024.jpg 1024w, https:\/\/tecscience.tec.mx\/es\/wp-content\/uploads\/sites\/8\/2025\/04\/vitamina-b12-para-los-bebes-300x300.jpg 300w, https:\/\/tecscience.tec.mx\/es\/wp-content\/uploads\/sites\/8\/2025\/04\/vitamina-b12-para-los-bebes-150x150.jpg 150w, https:\/\/tecscience.tec.mx\/es\/wp-content\/uploads\/sites\/8\/2025\/04\/vitamina-b12-para-los-bebes-768x768.jpg 768w, https:\/\/tecscience.tec.mx\/es\/wp-content\/uploads\/sites\/8\/2025\/04\/vitamina-b12-para-los-bebes.jpg 1080w\" sizes=\"(max-width: 1024px) 100vw, 1024px\" \/>\r\n            <\/picture><\/figure>\n\n\n\n<p>\u201cCuando un gen est\u00e1 metilado, disminuye la expresi\u00f3n de su prote\u00edna. La carencia en donadores de grupos metilo tiene un efecto de programaci\u00f3n fetal, tanto en h\u00edgado como en coraz\u00f3n. La consecuencia es una inflamaci\u00f3n, una fibrosis y una esteatosis (acumulaci\u00f3n de grasa)\u201d, coment\u00f3 la investigadora.<\/p>\n\n\n\n<p>Gu\u00e9ant present\u00f3 los resultados de estudios en los que investig\u00f3 c\u00f3mo la deficiencia materna de estas vitaminas impacta en la programaci\u00f3n fetal y el desarrollo metab\u00f3lico de los beb\u00e9s. Uno consisti\u00f3 en un modelo experimental con <strong>ratas hembras que fueron alimentadas con dietas deficientes durante el apareamiento, la gestaci\u00f3n y la lactancia<\/strong>. Finalmente, se analizaron los efectos de la deficiencia nutricional en las cr\u00edas.<\/p>\n\n\n\n<p>Observ\u00f3 que las cr\u00edas nacieron con un peso reducido, pero a los 21 d\u00edas acumularon grasa abdominal y presentaron problemas como esteatosis hep\u00e1tica y alteraciones en las mitocondrias del coraz\u00f3n, adem\u00e1s, una disminuci\u00f3n en funciones metab\u00f3licas.<\/p>\n\n\n\n<p>En un estudio de poblaci\u00f3n en Francia, analiz\u00f3 682 muestras de placenta de madres, cord\u00f3n umbilical de reci\u00e9n nacidos y sangre de menores de cinco a\u00f1os para rastrear c\u00f3mo la nutrici\u00f3n materna y el metabolismo fetal se reflejan en la biolog\u00eda de ni\u00f1as y ni\u00f1os desde su nacimiento hasta la infancia. Los resultados permitieron identificar genes metilados relacionados con el porcentaje de grasa a los cinco a\u00f1os, as\u00ed como metabolitos relacionados a la resistencia a la insulina.<\/p>\n\n\n\n<figure class=\"wp-block-image aligncenter size-full\"><picture>\r\n                <source srcset=\"https:\/\/tecscience.tec.mx\/es\/wp-content\/uploads\/sites\/8\/2025\/04\/vitaminas-b1.webp\" type=\"image\/webp\">\r\n                <img decoding=\"async\" width=\"750\" height=\"500\" src=\"https:\/\/tecscience.tec.mx\/es\/wp-content\/uploads\/sites\/8\/2025\/04\/vitaminas-b1.jpg\" alt=\"\" class=\"wp-image-176272\" srcset=\"https:\/\/tecscience.tec.mx\/es\/wp-content\/uploads\/sites\/8\/2025\/04\/vitaminas-b1.jpg 750w, https:\/\/tecscience.tec.mx\/es\/wp-content\/uploads\/sites\/8\/2025\/04\/vitaminas-b1-300x200.jpg 300w\" sizes=\"(max-width: 750px) 100vw, 750px\" \/>\r\n            <\/picture><figcaption class=\"wp-element-caption\">Roc\u00edo D\u00edaz, l\u00edder de la Unidad de Biolog\u00eda Integrativa del IOR y Rosa Mar\u00eda Gu\u00e9ant en la Conferencia organizada por el IOR. (Foto: H\u00e9ctor Gonz\u00e1lez \/ TecScience)<\/figcaption><\/figure>\n\n\n\n<h2 class=\"wp-block-heading\"><strong>La clave en nutrici\u00f3n<\/strong><\/h2>\n\n\n\n<p>La vitamina B12 est\u00e1 relacionada con un gen que tiene efectos en la disminuci\u00f3n del peso de los ni\u00f1os.<\/p>\n\n\n\n<p>No se encuentra en alimentos de origen vegetal, sin embargo, es importante en el desarrollo fetal, por lo que mujeres embarazadas que siguen dietas vegetarianas deber\u00edan recibirla a trav\u00e9s de suplementos.<\/p>\n\n\n\n<p><strong><em>\u00bfTe interes\u00f3 esta historia? \u00bfQuieres publicarla?&nbsp; Contacta a nuestra editora de contenidos para conocer m\u00e1s&nbsp;<a href=\"mailto:marianaleonm@tec.mx\" target=\"_blank\" rel=\"noreferrer noopener\">marianaleonm@tec.mx<\/a><\/em><\/strong><\/p>\n","protected":false},"excerpt":{"rendered":"<p>Cuando la madre no tiene una nutrici\u00f3n adecuada durante el embarazo, el cuerpo del feto se \u201cprograma\u201d para funcionar con menos nutrientes. <\/p>\n","protected":false},"author":47,"featured_media":176269,"comment_status":"closed","ping_status":"closed","sticky":false,"template":"","format":"standard","meta":{"_acf_changed":false,"_eb_attr":"","footnotes":""},"categories":[99],"tags":[466,979,160],"class_list":["post-176265","post","type-post","status-publish","format-standard","has-post-thumbnail","hentry","category-salud","tag-congreso-internacional-de-investigacion-sobre-obesidad","tag-congreso-internacional-de-investigacion-sobre-obesidad-2025","tag-institute-for-obesity-research"],"acf":[],"yoast_head":"<!-- This site is optimized with the Yoast SEO Premium plugin v21.0 (Yoast SEO v27.4) - https:\/\/yoast.com\/product\/yoast-seo-premium-wordpress\/ -->\n<title>Vitamina B12: puede cambiar el futuro metab\u00f3lico de un beb\u00e9 | TecScience<\/title>\n<meta name=\"description\" content=\"Cuando la madre no tiene una nutrici\u00f3n adecuada durante el embarazo, el cuerpo del beb\u00e9 se \u201cprograma\u201d para funcionar con menos nutrientes.\" \/>\n<meta name=\"robots\" content=\"index, follow, max-snippet:-1, max-image-preview:large, max-video-preview:-1\" \/>\n<link rel=\"canonical\" href=\"https:\/\/tecscience.tec.mx\/es\/salud\/vitamina-b12-en-los-bebes\/\" \/>\n<meta property=\"og:locale\" content=\"es_ES\" \/>\n<meta property=\"og:type\" content=\"article\" \/>\n<meta property=\"og:title\" content=\"Cuatro microgramos de prevenci\u00f3n: la vitamina que puede cambiar el futuro metab\u00f3lico de un beb\u00e9\" \/>\n<meta property=\"og:description\" content=\"Cuando la madre no tiene una nutrici\u00f3n adecuada durante el embarazo, el cuerpo del beb\u00e9 se \u201cprograma\u201d para funcionar con menos nutrientes.\" \/>\n<meta property=\"og:url\" content=\"https:\/\/tecscience.tec.mx\/es\/salud\/vitamina-b12-en-los-bebes\/\" \/>\n<meta property=\"og:site_name\" content=\"TecScience\" \/>\n<meta property=\"article:publisher\" content=\"https:\/\/www.facebook.com\/TecScienceWeb\" \/>\n<meta property=\"article:published_time\" content=\"2025-04-30T21:30:38+00:00\" \/>\n<meta property=\"article:modified_time\" content=\"2025-05-02T17:50:49+00:00\" \/>\n<meta property=\"og:image\" content=\"https:\/\/tecscience.tec.mx\/es\/wp-content\/uploads\/sites\/8\/2025\/04\/vitaminas-b.jpg\" \/>\n\t<meta property=\"og:image:width\" content=\"750\" \/>\n\t<meta property=\"og:image:height\" content=\"500\" \/>\n\t<meta property=\"og:image:type\" content=\"image\/jpeg\" \/>\n<meta name=\"author\" content=\"Ricardo Trevi\u00f1o\" \/>\n<meta name=\"twitter:card\" content=\"summary_large_image\" \/>\n<meta name=\"twitter:creator\" content=\"@TecScience_\" \/>\n<meta name=\"twitter:site\" content=\"@TecScience_\" \/>\n<meta name=\"twitter:label1\" content=\"Escrito por\" \/>\n\t<meta name=\"twitter:data1\" content=\"Ricardo Trevi\u00f1o\" \/>\n\t<meta name=\"twitter:label2\" content=\"Tiempo de lectura\" \/>\n\t<meta name=\"twitter:data2\" content=\"5 minutos\" \/>\n<script type=\"application\/ld+json\" class=\"yoast-schema-graph\">{\"@context\":\"https:\\\/\\\/schema.org\",\"@graph\":[{\"@type\":\"Article\",\"@id\":\"https:\\\/\\\/tecscience.tec.mx\\\/es\\\/salud\\\/vitamina-b12-en-los-bebes\\\/#article\",\"isPartOf\":{\"@id\":\"https:\\\/\\\/tecscience.tec.mx\\\/es\\\/salud\\\/vitamina-b12-en-los-bebes\\\/\"},\"author\":{\"name\":\"Ricardo Trevi\u00f1o\",\"@id\":\"https:\\\/\\\/tecscience.tec.mx\\\/es\\\/#\\\/schema\\\/person\\\/d0ed5b5fa0ab2c4754211e4addf201dc\"},\"headline\":\"Cuatro microgramos de prevenci\u00f3n: la vitamina que puede cambiar el futuro metab\u00f3lico de un beb\u00e9\",\"datePublished\":\"2025-04-30T21:30:38+00:00\",\"dateModified\":\"2025-05-02T17:50:49+00:00\",\"mainEntityOfPage\":{\"@id\":\"https:\\\/\\\/tecscience.tec.mx\\\/es\\\/salud\\\/vitamina-b12-en-los-bebes\\\/\"},\"wordCount\":867,\"publisher\":{\"@id\":\"https:\\\/\\\/tecscience.tec.mx\\\/es\\\/#organization\"},\"image\":{\"@id\":\"https:\\\/\\\/tecscience.tec.mx\\\/es\\\/salud\\\/vitamina-b12-en-los-bebes\\\/#primaryimage\"},\"thumbnailUrl\":\"https:\\\/\\\/tecscience.tec.mx\\\/es\\\/wp-content\\\/uploads\\\/sites\\\/8\\\/2025\\\/04\\\/vitaminas-b.jpg\",\"keywords\":[\"Congreso Internacional de Investigaci\u00f3n sobre Obesidad\",\"Congreso Internacional de Investigaci\u00f3n sobre Obesidad 2025\",\"Institute for Obesity Research\"],\"articleSection\":[\"Salud\"],\"inLanguage\":\"es\"},{\"@type\":\"WebPage\",\"@id\":\"https:\\\/\\\/tecscience.tec.mx\\\/es\\\/salud\\\/vitamina-b12-en-los-bebes\\\/\",\"url\":\"https:\\\/\\\/tecscience.tec.mx\\\/es\\\/salud\\\/vitamina-b12-en-los-bebes\\\/\",\"name\":\"Vitamina B12: puede cambiar el futuro metab\u00f3lico de un beb\u00e9 | TecScience\",\"isPartOf\":{\"@id\":\"https:\\\/\\\/tecscience.tec.mx\\\/es\\\/#website\"},\"primaryImageOfPage\":{\"@id\":\"https:\\\/\\\/tecscience.tec.mx\\\/es\\\/salud\\\/vitamina-b12-en-los-bebes\\\/#primaryimage\"},\"image\":{\"@id\":\"https:\\\/\\\/tecscience.tec.mx\\\/es\\\/salud\\\/vitamina-b12-en-los-bebes\\\/#primaryimage\"},\"thumbnailUrl\":\"https:\\\/\\\/tecscience.tec.mx\\\/es\\\/wp-content\\\/uploads\\\/sites\\\/8\\\/2025\\\/04\\\/vitaminas-b.jpg\",\"datePublished\":\"2025-04-30T21:30:38+00:00\",\"dateModified\":\"2025-05-02T17:50:49+00:00\",\"description\":\"Cuando la madre no tiene una nutrici\u00f3n adecuada durante el embarazo, el cuerpo del beb\u00e9 se \u201cprograma\u201d para funcionar con menos nutrientes.\",\"breadcrumb\":{\"@id\":\"https:\\\/\\\/tecscience.tec.mx\\\/es\\\/salud\\\/vitamina-b12-en-los-bebes\\\/#breadcrumb\"},\"inLanguage\":\"es\",\"potentialAction\":[{\"@type\":\"ReadAction\",\"target\":[\"https:\\\/\\\/tecscience.tec.mx\\\/es\\\/salud\\\/vitamina-b12-en-los-bebes\\\/\"]}]},{\"@type\":\"ImageObject\",\"inLanguage\":\"es\",\"@id\":\"https:\\\/\\\/tecscience.tec.mx\\\/es\\\/salud\\\/vitamina-b12-en-los-bebes\\\/#primaryimage\",\"url\":\"https:\\\/\\\/tecscience.tec.mx\\\/es\\\/wp-content\\\/uploads\\\/sites\\\/8\\\/2025\\\/04\\\/vitaminas-b.jpg\",\"contentUrl\":\"https:\\\/\\\/tecscience.tec.mx\\\/es\\\/wp-content\\\/uploads\\\/sites\\\/8\\\/2025\\\/04\\\/vitaminas-b.jpg\",\"width\":750,\"height\":500,\"caption\":\"Rosa Mar\u00eda Gu\u00e9ant, experta en bioqu\u00edmica metab\u00f3lica y nutrici\u00f3n de la Universidad de Lorraine, habl\u00f3 sobre la importancia de las vitaminas B desde antes de nacer. (Foto: H\u00e9ctor Gonz\u00e1lez \\\/ TecScience)\"},{\"@type\":\"BreadcrumbList\",\"@id\":\"https:\\\/\\\/tecscience.tec.mx\\\/es\\\/salud\\\/vitamina-b12-en-los-bebes\\\/#breadcrumb\",\"itemListElement\":[{\"@type\":\"ListItem\",\"position\":1,\"name\":\"Home\",\"item\":\"https:\\\/\\\/tecscience.tec.mx\\\/es\\\/\"},{\"@type\":\"ListItem\",\"position\":2,\"name\":\"Cuatro microgramos de prevenci\u00f3n: la vitamina que puede cambiar el futuro metab\u00f3lico de un beb\u00e9\"}]},{\"@type\":\"WebSite\",\"@id\":\"https:\\\/\\\/tecscience.tec.mx\\\/es\\\/#website\",\"url\":\"https:\\\/\\\/tecscience.tec.mx\\\/es\\\/\",\"name\":\"TecScience\",\"description\":\"Bilingual platform in charge of communicating advances in research, science and innovation at Tec\",\"publisher\":{\"@id\":\"https:\\\/\\\/tecscience.tec.mx\\\/es\\\/#organization\"},\"potentialAction\":[{\"@type\":\"SearchAction\",\"target\":{\"@type\":\"EntryPoint\",\"urlTemplate\":\"https:\\\/\\\/tecscience.tec.mx\\\/es\\\/?s={search_term_string}\"},\"query-input\":{\"@type\":\"PropertyValueSpecification\",\"valueRequired\":true,\"valueName\":\"search_term_string\"}}],\"inLanguage\":\"es\"},{\"@type\":\"Organization\",\"@id\":\"https:\\\/\\\/tecscience.tec.mx\\\/es\\\/#organization\",\"name\":\"TecScience\",\"url\":\"https:\\\/\\\/tecscience.tec.mx\\\/es\\\/\",\"logo\":{\"@type\":\"ImageObject\",\"inLanguage\":\"es\",\"@id\":\"https:\\\/\\\/tecscience.tec.mx\\\/es\\\/#\\\/schema\\\/logo\\\/image\\\/\",\"url\":\"https:\\\/\\\/tecscience.tec.mx\\\/es\\\/wp-content\\\/uploads\\\/sites\\\/8\\\/2022\\\/11\\\/logo-negro-tecscience.svg\",\"contentUrl\":\"https:\\\/\\\/tecscience.tec.mx\\\/es\\\/wp-content\\\/uploads\\\/sites\\\/8\\\/2022\\\/11\\\/logo-negro-tecscience.svg\",\"width\":250,\"height\":38,\"caption\":\"TecScience\"},\"image\":{\"@id\":\"https:\\\/\\\/tecscience.tec.mx\\\/es\\\/#\\\/schema\\\/logo\\\/image\\\/\"},\"sameAs\":[\"https:\\\/\\\/www.facebook.com\\\/TecScienceWeb\",\"https:\\\/\\\/x.com\\\/TecScience_\",\"https:\\\/\\\/www.linkedin.com\\\/company\\\/tec-science\\\/\",\"https:\\\/\\\/www.instagram.com\\\/tecscienceweb\\\/\"],\"publishingPrinciples\":\"https:\\\/\\\/tecscience.tec.mx\\\/es\\\/guia-de-publicacion-para-articulos-de-divulgacion\\\/\",\"correctionsPolicy\":\"https:\\\/\\\/tecscience.tec.mx\\\/es\\\/equipo-editorial-tecscience\\\/\"},{\"@type\":\"Person\",\"@id\":\"https:\\\/\\\/tecscience.tec.mx\\\/es\\\/#\\\/schema\\\/person\\\/d0ed5b5fa0ab2c4754211e4addf201dc\",\"name\":\"Ricardo Trevi\u00f1o\",\"image\":{\"@type\":\"ImageObject\",\"inLanguage\":\"es\",\"@id\":\"https:\\\/\\\/secure.gravatar.com\\\/avatar\\\/4bcc2569d80f3bc04d35c88e014da852d10420f44fbbf0158af3ce158042ba08?s=96&d=mm&r=g\",\"url\":\"https:\\\/\\\/secure.gravatar.com\\\/avatar\\\/4bcc2569d80f3bc04d35c88e014da852d10420f44fbbf0158af3ce158042ba08?s=96&d=mm&r=g\",\"contentUrl\":\"https:\\\/\\\/secure.gravatar.com\\\/avatar\\\/4bcc2569d80f3bc04d35c88e014da852d10420f44fbbf0158af3ce158042ba08?s=96&d=mm&r=g\",\"caption\":\"Ricardo Trevi\u00f1o\"},\"url\":\"https:\\\/\\\/tecscience.tec.mx\\\/es\\\/author\\\/rtrevino\\\/\"}]}<\/script>\n<!-- \/ Yoast SEO Premium plugin. -->","yoast_head_json":{"title":"Vitamina B12: puede cambiar el futuro metab\u00f3lico de un beb\u00e9 | TecScience","description":"Cuando la madre no tiene una nutrici\u00f3n adecuada durante el embarazo, el cuerpo del beb\u00e9 se \u201cprograma\u201d para funcionar con menos nutrientes.","robots":{"index":"index","follow":"follow","max-snippet":"max-snippet:-1","max-image-preview":"max-image-preview:large","max-video-preview":"max-video-preview:-1"},"canonical":"https:\/\/tecscience.tec.mx\/es\/salud\/vitamina-b12-en-los-bebes\/","og_locale":"es_ES","og_type":"article","og_title":"Cuatro microgramos de prevenci\u00f3n: la vitamina que puede cambiar el futuro metab\u00f3lico de un beb\u00e9","og_description":"Cuando la madre no tiene una nutrici\u00f3n adecuada durante el embarazo, el cuerpo del beb\u00e9 se \u201cprograma\u201d para funcionar con menos nutrientes.","og_url":"https:\/\/tecscience.tec.mx\/es\/salud\/vitamina-b12-en-los-bebes\/","og_site_name":"TecScience","article_publisher":"https:\/\/www.facebook.com\/TecScienceWeb","article_published_time":"2025-04-30T21:30:38+00:00","article_modified_time":"2025-05-02T17:50:49+00:00","og_image":[{"width":750,"height":500,"url":"https:\/\/tecscience.tec.mx\/es\/wp-content\/uploads\/sites\/8\/2025\/04\/vitaminas-b.jpg","type":"image\/jpeg"}],"author":"Ricardo Trevi\u00f1o","twitter_card":"summary_large_image","twitter_creator":"@TecScience_","twitter_site":"@TecScience_","twitter_misc":{"Escrito por":"Ricardo Trevi\u00f1o","Tiempo de lectura":"5 minutos"},"schema":{"@context":"https:\/\/schema.org","@graph":[{"@type":"Article","@id":"https:\/\/tecscience.tec.mx\/es\/salud\/vitamina-b12-en-los-bebes\/#article","isPartOf":{"@id":"https:\/\/tecscience.tec.mx\/es\/salud\/vitamina-b12-en-los-bebes\/"},"author":{"name":"Ricardo Trevi\u00f1o","@id":"https:\/\/tecscience.tec.mx\/es\/#\/schema\/person\/d0ed5b5fa0ab2c4754211e4addf201dc"},"headline":"Cuatro microgramos de prevenci\u00f3n: la vitamina que puede cambiar el futuro metab\u00f3lico de un beb\u00e9","datePublished":"2025-04-30T21:30:38+00:00","dateModified":"2025-05-02T17:50:49+00:00","mainEntityOfPage":{"@id":"https:\/\/tecscience.tec.mx\/es\/salud\/vitamina-b12-en-los-bebes\/"},"wordCount":867,"publisher":{"@id":"https:\/\/tecscience.tec.mx\/es\/#organization"},"image":{"@id":"https:\/\/tecscience.tec.mx\/es\/salud\/vitamina-b12-en-los-bebes\/#primaryimage"},"thumbnailUrl":"https:\/\/tecscience.tec.mx\/es\/wp-content\/uploads\/sites\/8\/2025\/04\/vitaminas-b.jpg","keywords":["Congreso Internacional de Investigaci\u00f3n sobre Obesidad","Congreso Internacional de Investigaci\u00f3n sobre Obesidad 2025","Institute for Obesity Research"],"articleSection":["Salud"],"inLanguage":"es"},{"@type":"WebPage","@id":"https:\/\/tecscience.tec.mx\/es\/salud\/vitamina-b12-en-los-bebes\/","url":"https:\/\/tecscience.tec.mx\/es\/salud\/vitamina-b12-en-los-bebes\/","name":"Vitamina B12: puede cambiar el futuro metab\u00f3lico de un beb\u00e9 | TecScience","isPartOf":{"@id":"https:\/\/tecscience.tec.mx\/es\/#website"},"primaryImageOfPage":{"@id":"https:\/\/tecscience.tec.mx\/es\/salud\/vitamina-b12-en-los-bebes\/#primaryimage"},"image":{"@id":"https:\/\/tecscience.tec.mx\/es\/salud\/vitamina-b12-en-los-bebes\/#primaryimage"},"thumbnailUrl":"https:\/\/tecscience.tec.mx\/es\/wp-content\/uploads\/sites\/8\/2025\/04\/vitaminas-b.jpg","datePublished":"2025-04-30T21:30:38+00:00","dateModified":"2025-05-02T17:50:49+00:00","description":"Cuando la madre no tiene una nutrici\u00f3n adecuada durante el embarazo, el cuerpo del beb\u00e9 se \u201cprograma\u201d para funcionar con menos nutrientes.","breadcrumb":{"@id":"https:\/\/tecscience.tec.mx\/es\/salud\/vitamina-b12-en-los-bebes\/#breadcrumb"},"inLanguage":"es","potentialAction":[{"@type":"ReadAction","target":["https:\/\/tecscience.tec.mx\/es\/salud\/vitamina-b12-en-los-bebes\/"]}]},{"@type":"ImageObject","inLanguage":"es","@id":"https:\/\/tecscience.tec.mx\/es\/salud\/vitamina-b12-en-los-bebes\/#primaryimage","url":"https:\/\/tecscience.tec.mx\/es\/wp-content\/uploads\/sites\/8\/2025\/04\/vitaminas-b.jpg","contentUrl":"https:\/\/tecscience.tec.mx\/es\/wp-content\/uploads\/sites\/8\/2025\/04\/vitaminas-b.jpg","width":750,"height":500,"caption":"Rosa Mar\u00eda Gu\u00e9ant, experta en bioqu\u00edmica metab\u00f3lica y nutrici\u00f3n de la Universidad de Lorraine, habl\u00f3 sobre la importancia de las vitaminas B desde antes de nacer. (Foto: H\u00e9ctor Gonz\u00e1lez \/ TecScience)"},{"@type":"BreadcrumbList","@id":"https:\/\/tecscience.tec.mx\/es\/salud\/vitamina-b12-en-los-bebes\/#breadcrumb","itemListElement":[{"@type":"ListItem","position":1,"name":"Home","item":"https:\/\/tecscience.tec.mx\/es\/"},{"@type":"ListItem","position":2,"name":"Cuatro microgramos de prevenci\u00f3n: la vitamina que puede cambiar el futuro metab\u00f3lico de un beb\u00e9"}]},{"@type":"WebSite","@id":"https:\/\/tecscience.tec.mx\/es\/#website","url":"https:\/\/tecscience.tec.mx\/es\/","name":"TecScience","description":"Bilingual platform in charge of communicating advances in research, science and innovation at Tec","publisher":{"@id":"https:\/\/tecscience.tec.mx\/es\/#organization"},"potentialAction":[{"@type":"SearchAction","target":{"@type":"EntryPoint","urlTemplate":"https:\/\/tecscience.tec.mx\/es\/?s={search_term_string}"},"query-input":{"@type":"PropertyValueSpecification","valueRequired":true,"valueName":"search_term_string"}}],"inLanguage":"es"},{"@type":"Organization","@id":"https:\/\/tecscience.tec.mx\/es\/#organization","name":"TecScience","url":"https:\/\/tecscience.tec.mx\/es\/","logo":{"@type":"ImageObject","inLanguage":"es","@id":"https:\/\/tecscience.tec.mx\/es\/#\/schema\/logo\/image\/","url":"https:\/\/tecscience.tec.mx\/es\/wp-content\/uploads\/sites\/8\/2022\/11\/logo-negro-tecscience.svg","contentUrl":"https:\/\/tecscience.tec.mx\/es\/wp-content\/uploads\/sites\/8\/2022\/11\/logo-negro-tecscience.svg","width":250,"height":38,"caption":"TecScience"},"image":{"@id":"https:\/\/tecscience.tec.mx\/es\/#\/schema\/logo\/image\/"},"sameAs":["https:\/\/www.facebook.com\/TecScienceWeb","https:\/\/x.com\/TecScience_","https:\/\/www.linkedin.com\/company\/tec-science\/","https:\/\/www.instagram.com\/tecscienceweb\/"],"publishingPrinciples":"https:\/\/tecscience.tec.mx\/es\/guia-de-publicacion-para-articulos-de-divulgacion\/","correctionsPolicy":"https:\/\/tecscience.tec.mx\/es\/equipo-editorial-tecscience\/"},{"@type":"Person","@id":"https:\/\/tecscience.tec.mx\/es\/#\/schema\/person\/d0ed5b5fa0ab2c4754211e4addf201dc","name":"Ricardo Trevi\u00f1o","image":{"@type":"ImageObject","inLanguage":"es","@id":"https:\/\/secure.gravatar.com\/avatar\/4bcc2569d80f3bc04d35c88e014da852d10420f44fbbf0158af3ce158042ba08?s=96&d=mm&r=g","url":"https:\/\/secure.gravatar.com\/avatar\/4bcc2569d80f3bc04d35c88e014da852d10420f44fbbf0158af3ce158042ba08?s=96&d=mm&r=g","contentUrl":"https:\/\/secure.gravatar.com\/avatar\/4bcc2569d80f3bc04d35c88e014da852d10420f44fbbf0158af3ce158042ba08?s=96&d=mm&r=g","caption":"Ricardo Trevi\u00f1o"},"url":"https:\/\/tecscience.tec.mx\/es\/author\/rtrevino\/"}]}},"_links":{"self":[{"href":"https:\/\/tecscience.tec.mx\/es\/wp-json\/wp\/v2\/posts\/176265","targetHints":{"allow":["GET"]}}],"collection":[{"href":"https:\/\/tecscience.tec.mx\/es\/wp-json\/wp\/v2\/posts"}],"about":[{"href":"https:\/\/tecscience.tec.mx\/es\/wp-json\/wp\/v2\/types\/post"}],"author":[{"embeddable":true,"href":"https:\/\/tecscience.tec.mx\/es\/wp-json\/wp\/v2\/users\/47"}],"replies":[{"embeddable":true,"href":"https:\/\/tecscience.tec.mx\/es\/wp-json\/wp\/v2\/comments?post=176265"}],"version-history":[{"count":0,"href":"https:\/\/tecscience.tec.mx\/es\/wp-json\/wp\/v2\/posts\/176265\/revisions"}],"wp:featuredmedia":[{"embeddable":true,"href":"https:\/\/tecscience.tec.mx\/es\/wp-json\/wp\/v2\/media\/176269"}],"wp:attachment":[{"href":"https:\/\/tecscience.tec.mx\/es\/wp-json\/wp\/v2\/media?parent=176265"}],"wp:term":[{"taxonomy":"category","embeddable":true,"href":"https:\/\/tecscience.tec.mx\/es\/wp-json\/wp\/v2\/categories?post=176265"},{"taxonomy":"post_tag","embeddable":true,"href":"https:\/\/tecscience.tec.mx\/es\/wp-json\/wp\/v2\/tags?post=176265"}],"curies":[{"name":"wp","href":"https:\/\/api.w.org\/{rel}","templated":true}]}}