{"id":180968,"date":"2025-11-18T09:52:39","date_gmt":"2025-11-18T15:52:39","guid":{"rendered":"https:\/\/tecscience.tec.mx\/es\/?p=180968"},"modified":"2025-12-18T01:14:45","modified_gmt":"2025-12-18T07:14:45","slug":"nutricion-temprana-y-lactancia-materna-claves-para-reducir-enfermedades-y-desigualdades","status":"publish","type":"post","link":"https:\/\/tecscience.tec.mx\/es\/salud\/nutricion-temprana-y-lactancia-materna-claves-para-reducir-enfermedades-y-desigualdades\/","title":{"rendered":"Nutrici\u00f3n temprana y lactancia materna: claves para reducir enfermedades y desigualdades"},"content":{"rendered":"\n<p>La forma en que se alimenta a un ni\u00f1o en sus primeros a\u00f1os puede definir no solo su salud futura, sino tambi\u00e9n el desarrollo econ\u00f3mico y social de un pa\u00eds. As\u00ed lo afirm\u00f3 el profesor <strong><a href=\"https:\/\/ysph.yale.edu\/profile\/rafael-perez-escamilla\/\">Rafael P\u00e9rez-Escamilla<\/a><\/strong>, de la Escuela de Salud P\u00fablica de la Universidad de Yale, al subrayar que la nutrici\u00f3n temprana y la lactancia materna son herramientas decisivas para reducir enfermedades, desigualdades y ciclos de pobreza.<\/p>\n\n\n\n<p>\u201cLa alimentaci\u00f3n inicial es la inversi\u00f3n m\u00e1s costo-efectiva que puede hacer cualquier pa\u00eds\u201d, explic\u00f3. De acuerdo con el investigador, la seguridad alimentaria y nutricional permite sostener la acelerada velocidad de crecimiento que requiere el ser humano para desarrollarse de manera sana, especialmente durante los primeros mil d\u00edas de vida, una etapa clave para el desarrollo cognitivo, cerebral y psicosocial.<\/p>\n\n\n\n<p>Estas reflexiones fueron compartidas durante el <strong><a href=\"https:\/\/tecscience.tec.mx\/es\/tag\/foro-internacional-de-primera-infancia\/\" target=\"_blank\" rel=\"noreferrer noopener\">Foro Internacional de Primera Infancia<\/a><\/strong>, organizado por el <a href=\"https:\/\/tecscience.tec.mx\/es\/tag\/centro-de-primera-infancia\/\" target=\"_blank\" rel=\"noreferrer noopener\"><strong>Centro de Primera Infancia<\/strong><\/a> del Tec de Monterrey y Fundaci\u00f3n FEMSA, donde P\u00e9rez-Escamilla present\u00f3 su ponencia <em>Nutrici\u00f3n temprana como clave para el Hambre Cero, la salud planetaria y la paz social<\/em>, respaldada por evidencia cient\u00edfica reciente sobre el impacto de la nutrici\u00f3n en el bienestar individual y colectivo.<\/p>\n\n\n\n<h2 class=\"wp-block-heading\">Aumentan los beneficios de la lactancia<\/h2>\n\n\n\n<p>La lactancia materna es la mejor fuente de nutrici\u00f3n para los beb\u00e9s: impulsa el desarrollo cerebral, favorece un crecimiento saludable y fortalece el sistema inmunol\u00f3gico. En investigaciones recientes, \u201csigue creciendo la lista de beneficios de la leche materna: adem\u00e1s de prevenir infecciones respiratorias, de o\u00eddo y gastrointestinales, previene enfermedades cerebrovasculares y cardiovasculares. Tambi\u00e9n disminuye la mortalidad neonatal y el riesgo de muerte s\u00fabita, y reduce el riesgo de asma, maloclusi\u00f3n dental, leucemia pedi\u00e1trica, diabetes tipo 1 y obesidad\u201d.<\/p>\n\n\n\n<p>La nutrici\u00f3n infantil cambia con rapidez durante los primeros dos a\u00f1os de vida. Como explica el investigador: \u201cCuando el beb\u00e9 nace, puede recibir toda su nutrici\u00f3n con leche materna exclusivamente durante los primeros seis meses. A partir de entonces, debe comenzar una alimentaci\u00f3n complementaria sana y segura, con texturas que avanzan conforme a su desarrollo. Para el segundo a\u00f1o, ya debe comer platillos nutritivos y variados, como el resto de la familia\u201d.<\/p>\n\n\n\n<p>Este proceso de diversificaci\u00f3n ocurre en paralelo al desarrollo motor y cognitivo del beb\u00e9 y coincide con una ventana cr\u00edtica para la salud materna. \u201cLa lactancia materna no solo beneficia a los ni\u00f1os: entre m\u00e1s tiempo amamante una mujer, menor es su riesgo de desarrollar presi\u00f3n arterial alta, diabetes tipo 2, enfermedades del coraz\u00f3n, c\u00e1ncer de mama y de ovario. Adem\u00e1s, corre menor riesgo de morir por hemorragias posparto severas\u201d.<\/p>\n\n\n\n<p>El especialista record\u00f3 que el valor econ\u00f3mico de la lactancia es inmenso: si se sumara la producci\u00f3n de leche materna en el mundo, superar\u00eda los 3,5 billones de d\u00f3lares anuales. Sin embargo, \u201cno hay ni un solo pa\u00eds que contabilice la lactancia como parte del Producto Interno Bruto; solo contabilizan la producci\u00f3n de f\u00f3rmulas infantiles\u201d. Por ello, llam\u00f3 a fortalecer los programas de apoyo en todos los niveles.<\/p>\n\n\n\n<h2 class=\"wp-block-heading\">Impacto cognitivo, econ\u00f3mico y ambiental<\/h2>\n\n\n\n<p>La evidencia muestra que prolongar la lactancia no solo mejora la salud infantil, sino que tambi\u00e9n impulsa el desarrollo cognitivo y genera beneficios econ\u00f3micos a largo plazo. P\u00e9rez-Escamilla explica que los ni\u00f1os amamantados durante m\u00e1s tiempo alcanzan antes los hitos sociales, motores y del lenguaje, y presentan una mayor maduraci\u00f3n de la materia blanca cerebral, clave para las funciones cognitivas.<\/p>\n\n\n\n<p>Los efectos tambi\u00e9n se extienden a la adultez. El estudio de la Universidad Federal de Pelotas, en Brasil, titulado <em><a href=\"https:\/\/www.thelancet.com\/journals\/langlo\/article\/PIIS2214-109X(15)70002-1\/fulltext\">Asociaci\u00f3n entre la lactancia materna y la inteligencia, la escolaridad y el ingreso a los 30 a\u00f1os: un estudio prospectivo de cohorte de nacimiento en Brasil<\/a><\/em>, dio seguimiento a 4,000 personas y encontr\u00f3 que quienes recibieron leche materna durante periodos m\u00e1s prolongados ten\u00edan ingresos casi 30% m\u00e1s altos a los 30 a\u00f1os. \u201cEncontraron una relaci\u00f3n bastante importante entre la duraci\u00f3n de la lactancia materna y el salario que percib\u00edan\u201d, se\u00f1al\u00f3.<br><br>Otro an\u00e1lisis reciente estima que elevar la lactancia exclusiva al 90% en los primeros seis meses evitar\u00eda 72,000 muertes por enfermedades cr\u00f3nicas y m\u00e1s de 10 millones de casos de diabetes tipo 2.<\/p>\n\n\n\n<p>Adem\u00e1s del impacto en salud y desarrollo, la leche materna tambi\u00e9n tiene un beneficio ambiental. La industria de f\u00f3rmulas infantiles produce decenas de millones de toneladas de CO\u2082 y consume miles de millones de litros de agua. Como resume el especialista: \u201cLa lactancia materna no solo protege la salud; tambi\u00e9n protege al planeta\u201d.<\/p>\n\n\n\n<figure class=\"wp-block-embed is-type-video is-provider-youtube wp-block-embed-youtube wp-embed-aspect-16-9 wp-has-aspect-ratio\"><div class=\"wp-block-embed__wrapper\">\n<iframe title=\"N\u00facleo de Investigaci\u00f3n de Impacto en Salud\" width=\"800\" height=\"450\" src=\"https:\/\/www.youtube.com\/embed\/yPhGLXVgGlI?feature=oembed\" frameborder=\"0\" allow=\"accelerometer; autoplay; clipboard-write; encrypted-media; gyroscope; picture-in-picture; web-share\" referrerpolicy=\"strict-origin-when-cross-origin\" allowfullscreen><\/iframe>\n<\/div><\/figure>\n\n\n\n<h2 class=\"wp-block-heading\">Alimentaci\u00f3n complementaria y perceptiva<\/h2>\n\n\n\n<p>En su ponencia, P\u00e9rez-Escamilla subray\u00f3 la importancia de la <strong>alimentaci\u00f3n perceptiva<\/strong>, un enfoque que integra nutrici\u00f3n y cuidado emocional para que ni\u00f1as y ni\u00f1os exploren la comida, autorregulen su consumo, desarrollen preferencias saludables, acepten los vegetales y eviten los ultraprocesados.<\/p>\n\n\n\n<p>Este enfoque aplica los componentes del cuidado cari\u00f1oso y sensible al momento de alimentar: no solo se trata de qu\u00e9 deben comer las y los ni\u00f1os, sino de c\u00f3mo ocurre todo el proceso.<\/p>\n\n\n\n<p>\u201cSi rodeamos a los beb\u00e9s y a los ni\u00f1os de comida saludable y los dejamos participar como iguales en las decisiones sobre qu\u00e9 y cu\u00e1nto comer, podemos practicar la alimentaci\u00f3n perceptiva. Esto implica acompa\u00f1arlos con humor y afecto durante todo el proceso\u201d. Tambi\u00e9n recomienda convertir ese momento en una oportunidad de estimulaci\u00f3n temprana, aprendiendo colores, n\u00fameros y formas, y recuerda que quienes est\u00e1n a cargo deben tener paciencia y buen humor.<\/p>\n\n\n\n<h2 class=\"wp-block-heading\">\u00bfQu\u00e9 debe fortalecer M\u00e9xico en nutrici\u00f3n temprana?<\/h2>\n\n\n\n<p>P\u00e9rez-Escamilla reconoci\u00f3 los avances recientes en M\u00e9xico, como la actualizaci\u00f3n de las gu\u00edas nacionales de alimentaci\u00f3n responsiva para centros de atenci\u00f3n infantil. Tambi\u00e9n destac\u00f3 la urgencia de fortalecer los programas comunitarios, apoyar la nutrici\u00f3n materna y garantizar la seguridad alimentaria en un contexto de alta pobreza.<\/p>\n\n\n\n<p>Concluy\u00f3 enfatizando que no invertir en la alimentaci\u00f3n durante los primeros a\u00f1os de vida tiene consecuencias profundas: incrementa los costos en salud, reduce el capital humano, debilita las econom\u00edas y aumenta la huella ambiental. \u201cLa nutrici\u00f3n materno-infantil impacta todos los ODS, y todos ellos impactan a la nutrici\u00f3n. No hay de otra\u201d.<\/p>\n\n\n\n<p><strong><em>\u00bfTe interes\u00f3 esta historia? \u00bfQuieres publicarla? Contacta a nuestra editora de contenidos para conocer m\u00e1s:&nbsp;<a href=\"mailto:marianaleonm@tec.mx\" target=\"_blank\" rel=\"noreferrer noopener\">marianaleonm@tec.mx.<\/a><\/em><\/strong><\/p>\n\n\n\n<p><\/p>\n\n\n\n<p><\/p>\n","protected":false},"excerpt":{"rendered":"<p>Invertir en la seguridad alimentaria en los primeros mil d\u00edas de un beb\u00e9 es la estrategia m\u00e1s costo-efectiva para asegurar la salud y el desarrollo econ\u00f3mico de las personas.<\/p>\n","protected":false},"author":51,"featured_media":180990,"comment_status":"closed","ping_status":"closed","sticky":false,"template":"","format":"standard","meta":{"_acf_changed":false,"_eb_attr":"","footnotes":""},"categories":[99],"tags":[863,864,941],"class_list":["post-180968","post","type-post","status-publish","format-standard","has-post-thumbnail","hentry","category-salud","tag-centro-de-primera-infancia","tag-foro-internacional-de-primera-infancia","tag-segundo-foro-internacional-de-primera-infancia"],"acf":[],"yoast_head":"<!-- This site is optimized with the Yoast SEO Premium plugin v21.0 (Yoast SEO v27.4) - https:\/\/yoast.com\/product\/yoast-seo-premium-wordpress\/ -->\n<title>Nutrici\u00f3n temprana y lactancia: bases para una salud m\u00e1s equitativa | TecScience<\/title>\n<meta name=\"description\" content=\"La nutrici\u00f3n en los primeros mil d\u00edas y la lactancia materna fortalecen la salud, previenen enfermedades y reducen desigualdades.\" \/>\n<meta name=\"robots\" content=\"index, follow, max-snippet:-1, max-image-preview:large, max-video-preview:-1\" \/>\n<link rel=\"canonical\" href=\"https:\/\/tecscience.tec.mx\/es\/salud\/nutricion-temprana-y-lactancia-materna-claves-para-reducir-enfermedades-y-desigualdades\/\" \/>\n<meta property=\"og:locale\" content=\"es_ES\" \/>\n<meta property=\"og:type\" content=\"article\" \/>\n<meta property=\"og:title\" content=\"Nutrici\u00f3n temprana y lactancia materna: claves para reducir enfermedades y desigualdades\" \/>\n<meta property=\"og:description\" content=\"La nutrici\u00f3n en los primeros mil d\u00edas y la lactancia materna fortalecen la salud, previenen enfermedades y reducen desigualdades.\" \/>\n<meta property=\"og:url\" content=\"https:\/\/tecscience.tec.mx\/es\/salud\/nutricion-temprana-y-lactancia-materna-claves-para-reducir-enfermedades-y-desigualdades\/\" \/>\n<meta property=\"og:site_name\" content=\"TecScience\" \/>\n<meta property=\"article:publisher\" content=\"https:\/\/www.facebook.com\/TecScienceWeb\" \/>\n<meta property=\"article:published_time\" content=\"2025-11-18T15:52:39+00:00\" \/>\n<meta property=\"article:modified_time\" content=\"2025-12-18T07:14:45+00:00\" \/>\n<meta property=\"og:image\" content=\"https:\/\/tecscience.tec.mx\/es\/wp-content\/uploads\/sites\/8\/2025\/11\/Rafel-Perez-Escamilla-Nutricion-temprana.jpg\" \/>\n\t<meta property=\"og:image:width\" content=\"750\" \/>\n\t<meta property=\"og:image:height\" content=\"500\" \/>\n\t<meta property=\"og:image:type\" content=\"image\/jpeg\" \/>\n<meta name=\"author\" content=\"Michael Ram\u00edrez\" \/>\n<meta name=\"twitter:card\" content=\"summary_large_image\" \/>\n<meta name=\"twitter:creator\" content=\"@TecScience_\" \/>\n<meta name=\"twitter:site\" content=\"@TecScience_\" \/>\n<meta name=\"twitter:label1\" content=\"Escrito por\" \/>\n\t<meta name=\"twitter:data1\" content=\"Michael Ram\u00edrez\" \/>\n\t<meta name=\"twitter:label2\" content=\"Tiempo de lectura\" \/>\n\t<meta name=\"twitter:data2\" content=\"5 minutos\" \/>\n<script type=\"application\/ld+json\" class=\"yoast-schema-graph\">{\"@context\":\"https:\\\/\\\/schema.org\",\"@graph\":[{\"@type\":\"Article\",\"@id\":\"https:\\\/\\\/tecscience.tec.mx\\\/es\\\/salud\\\/nutricion-temprana-y-lactancia-materna-claves-para-reducir-enfermedades-y-desigualdades\\\/#article\",\"isPartOf\":{\"@id\":\"https:\\\/\\\/tecscience.tec.mx\\\/es\\\/salud\\\/nutricion-temprana-y-lactancia-materna-claves-para-reducir-enfermedades-y-desigualdades\\\/\"},\"author\":{\"name\":\"Michael Ram\u00edrez\",\"@id\":\"https:\\\/\\\/tecscience.tec.mx\\\/es\\\/#\\\/schema\\\/person\\\/03324d9c92096a7619018ce1e8139920\"},\"headline\":\"Nutrici\u00f3n temprana y lactancia materna: claves para reducir enfermedades y desigualdades\",\"datePublished\":\"2025-11-18T15:52:39+00:00\",\"dateModified\":\"2025-12-18T07:14:45+00:00\",\"mainEntityOfPage\":{\"@id\":\"https:\\\/\\\/tecscience.tec.mx\\\/es\\\/salud\\\/nutricion-temprana-y-lactancia-materna-claves-para-reducir-enfermedades-y-desigualdades\\\/\"},\"wordCount\":1108,\"publisher\":{\"@id\":\"https:\\\/\\\/tecscience.tec.mx\\\/es\\\/#organization\"},\"image\":{\"@id\":\"https:\\\/\\\/tecscience.tec.mx\\\/es\\\/salud\\\/nutricion-temprana-y-lactancia-materna-claves-para-reducir-enfermedades-y-desigualdades\\\/#primaryimage\"},\"thumbnailUrl\":\"https:\\\/\\\/tecscience.tec.mx\\\/es\\\/wp-content\\\/uploads\\\/sites\\\/8\\\/2025\\\/11\\\/Rafel-Perez-Escamilla-Nutricion-temprana.jpg\",\"keywords\":[\"Centro de Primera Infancia\",\"Foro Internacional de Primera Infancia\",\"Segundo Foro Internacional de Primera Infancia\"],\"articleSection\":[\"Salud\"],\"inLanguage\":\"es\"},{\"@type\":\"WebPage\",\"@id\":\"https:\\\/\\\/tecscience.tec.mx\\\/es\\\/salud\\\/nutricion-temprana-y-lactancia-materna-claves-para-reducir-enfermedades-y-desigualdades\\\/\",\"url\":\"https:\\\/\\\/tecscience.tec.mx\\\/es\\\/salud\\\/nutricion-temprana-y-lactancia-materna-claves-para-reducir-enfermedades-y-desigualdades\\\/\",\"name\":\"Nutrici\u00f3n temprana y lactancia: bases para una salud m\u00e1s equitativa | TecScience\",\"isPartOf\":{\"@id\":\"https:\\\/\\\/tecscience.tec.mx\\\/es\\\/#website\"},\"primaryImageOfPage\":{\"@id\":\"https:\\\/\\\/tecscience.tec.mx\\\/es\\\/salud\\\/nutricion-temprana-y-lactancia-materna-claves-para-reducir-enfermedades-y-desigualdades\\\/#primaryimage\"},\"image\":{\"@id\":\"https:\\\/\\\/tecscience.tec.mx\\\/es\\\/salud\\\/nutricion-temprana-y-lactancia-materna-claves-para-reducir-enfermedades-y-desigualdades\\\/#primaryimage\"},\"thumbnailUrl\":\"https:\\\/\\\/tecscience.tec.mx\\\/es\\\/wp-content\\\/uploads\\\/sites\\\/8\\\/2025\\\/11\\\/Rafel-Perez-Escamilla-Nutricion-temprana.jpg\",\"datePublished\":\"2025-11-18T15:52:39+00:00\",\"dateModified\":\"2025-12-18T07:14:45+00:00\",\"description\":\"La nutrici\u00f3n en los primeros mil d\u00edas y la lactancia materna fortalecen la salud, previenen enfermedades y reducen desigualdades.\",\"breadcrumb\":{\"@id\":\"https:\\\/\\\/tecscience.tec.mx\\\/es\\\/salud\\\/nutricion-temprana-y-lactancia-materna-claves-para-reducir-enfermedades-y-desigualdades\\\/#breadcrumb\"},\"inLanguage\":\"es\",\"potentialAction\":[{\"@type\":\"ReadAction\",\"target\":[\"https:\\\/\\\/tecscience.tec.mx\\\/es\\\/salud\\\/nutricion-temprana-y-lactancia-materna-claves-para-reducir-enfermedades-y-desigualdades\\\/\"]}]},{\"@type\":\"ImageObject\",\"inLanguage\":\"es\",\"@id\":\"https:\\\/\\\/tecscience.tec.mx\\\/es\\\/salud\\\/nutricion-temprana-y-lactancia-materna-claves-para-reducir-enfermedades-y-desigualdades\\\/#primaryimage\",\"url\":\"https:\\\/\\\/tecscience.tec.mx\\\/es\\\/wp-content\\\/uploads\\\/sites\\\/8\\\/2025\\\/11\\\/Rafel-Perez-Escamilla-Nutricion-temprana.jpg\",\"contentUrl\":\"https:\\\/\\\/tecscience.tec.mx\\\/es\\\/wp-content\\\/uploads\\\/sites\\\/8\\\/2025\\\/11\\\/Rafel-Perez-Escamilla-Nutricion-temprana.jpg\",\"width\":750,\"height\":500,\"caption\":\"Rafael P\u00e9rez-Escamilla, profesor de Yale, durante su conferencia sobre nutrici\u00f3n temprana en el Foro Internacional de Primera Infancia.\"},{\"@type\":\"BreadcrumbList\",\"@id\":\"https:\\\/\\\/tecscience.tec.mx\\\/es\\\/salud\\\/nutricion-temprana-y-lactancia-materna-claves-para-reducir-enfermedades-y-desigualdades\\\/#breadcrumb\",\"itemListElement\":[{\"@type\":\"ListItem\",\"position\":1,\"name\":\"Home\",\"item\":\"https:\\\/\\\/tecscience.tec.mx\\\/es\\\/\"},{\"@type\":\"ListItem\",\"position\":2,\"name\":\"Nutrici\u00f3n temprana y lactancia materna: claves para reducir enfermedades y desigualdades\"}]},{\"@type\":\"WebSite\",\"@id\":\"https:\\\/\\\/tecscience.tec.mx\\\/es\\\/#website\",\"url\":\"https:\\\/\\\/tecscience.tec.mx\\\/es\\\/\",\"name\":\"TecScience\",\"description\":\"Bilingual platform in charge of communicating advances in research, science and innovation at Tec\",\"publisher\":{\"@id\":\"https:\\\/\\\/tecscience.tec.mx\\\/es\\\/#organization\"},\"potentialAction\":[{\"@type\":\"SearchAction\",\"target\":{\"@type\":\"EntryPoint\",\"urlTemplate\":\"https:\\\/\\\/tecscience.tec.mx\\\/es\\\/?s={search_term_string}\"},\"query-input\":{\"@type\":\"PropertyValueSpecification\",\"valueRequired\":true,\"valueName\":\"search_term_string\"}}],\"inLanguage\":\"es\"},{\"@type\":\"Organization\",\"@id\":\"https:\\\/\\\/tecscience.tec.mx\\\/es\\\/#organization\",\"name\":\"TecScience\",\"url\":\"https:\\\/\\\/tecscience.tec.mx\\\/es\\\/\",\"logo\":{\"@type\":\"ImageObject\",\"inLanguage\":\"es\",\"@id\":\"https:\\\/\\\/tecscience.tec.mx\\\/es\\\/#\\\/schema\\\/logo\\\/image\\\/\",\"url\":\"https:\\\/\\\/tecscience.tec.mx\\\/es\\\/wp-content\\\/uploads\\\/sites\\\/8\\\/2022\\\/11\\\/logo-negro-tecscience.svg\",\"contentUrl\":\"https:\\\/\\\/tecscience.tec.mx\\\/es\\\/wp-content\\\/uploads\\\/sites\\\/8\\\/2022\\\/11\\\/logo-negro-tecscience.svg\",\"width\":250,\"height\":38,\"caption\":\"TecScience\"},\"image\":{\"@id\":\"https:\\\/\\\/tecscience.tec.mx\\\/es\\\/#\\\/schema\\\/logo\\\/image\\\/\"},\"sameAs\":[\"https:\\\/\\\/www.facebook.com\\\/TecScienceWeb\",\"https:\\\/\\\/x.com\\\/TecScience_\",\"https:\\\/\\\/www.linkedin.com\\\/company\\\/tec-science\\\/\",\"https:\\\/\\\/www.instagram.com\\\/tecscienceweb\\\/\"],\"publishingPrinciples\":\"https:\\\/\\\/tecscience.tec.mx\\\/es\\\/guia-de-publicacion-para-articulos-de-divulgacion\\\/\",\"correctionsPolicy\":\"https:\\\/\\\/tecscience.tec.mx\\\/es\\\/equipo-editorial-tecscience\\\/\"},{\"@type\":\"Person\",\"@id\":\"https:\\\/\\\/tecscience.tec.mx\\\/es\\\/#\\\/schema\\\/person\\\/03324d9c92096a7619018ce1e8139920\",\"name\":\"Michael Ram\u00edrez\",\"image\":{\"@type\":\"ImageObject\",\"inLanguage\":\"es\",\"@id\":\"https:\\\/\\\/secure.gravatar.com\\\/avatar\\\/3300ee29c56504e64e7862903f36ed37afb8d7e034cb58b05df3cc579a5d0d03?s=96&d=mm&r=g\",\"url\":\"https:\\\/\\\/secure.gravatar.com\\\/avatar\\\/3300ee29c56504e64e7862903f36ed37afb8d7e034cb58b05df3cc579a5d0d03?s=96&d=mm&r=g\",\"contentUrl\":\"https:\\\/\\\/secure.gravatar.com\\\/avatar\\\/3300ee29c56504e64e7862903f36ed37afb8d7e034cb58b05df3cc579a5d0d03?s=96&d=mm&r=g\",\"caption\":\"Michael Ram\u00edrez\"},\"url\":\"https:\\\/\\\/tecscience.tec.mx\\\/es\\\/author\\\/mramirez\\\/\"}]}<\/script>\n<!-- \/ Yoast SEO Premium plugin. -->","yoast_head_json":{"title":"Nutrici\u00f3n temprana y lactancia: bases para una salud m\u00e1s equitativa | TecScience","description":"La nutrici\u00f3n en los primeros mil d\u00edas y la lactancia materna fortalecen la salud, previenen enfermedades y reducen desigualdades.","robots":{"index":"index","follow":"follow","max-snippet":"max-snippet:-1","max-image-preview":"max-image-preview:large","max-video-preview":"max-video-preview:-1"},"canonical":"https:\/\/tecscience.tec.mx\/es\/salud\/nutricion-temprana-y-lactancia-materna-claves-para-reducir-enfermedades-y-desigualdades\/","og_locale":"es_ES","og_type":"article","og_title":"Nutrici\u00f3n temprana y lactancia materna: claves para reducir enfermedades y desigualdades","og_description":"La nutrici\u00f3n en los primeros mil d\u00edas y la lactancia materna fortalecen la salud, previenen enfermedades y reducen desigualdades.","og_url":"https:\/\/tecscience.tec.mx\/es\/salud\/nutricion-temprana-y-lactancia-materna-claves-para-reducir-enfermedades-y-desigualdades\/","og_site_name":"TecScience","article_publisher":"https:\/\/www.facebook.com\/TecScienceWeb","article_published_time":"2025-11-18T15:52:39+00:00","article_modified_time":"2025-12-18T07:14:45+00:00","og_image":[{"width":750,"height":500,"url":"https:\/\/tecscience.tec.mx\/es\/wp-content\/uploads\/sites\/8\/2025\/11\/Rafel-Perez-Escamilla-Nutricion-temprana.jpg","type":"image\/jpeg"}],"author":"Michael Ram\u00edrez","twitter_card":"summary_large_image","twitter_creator":"@TecScience_","twitter_site":"@TecScience_","twitter_misc":{"Escrito por":"Michael Ram\u00edrez","Tiempo de lectura":"5 minutos"},"schema":{"@context":"https:\/\/schema.org","@graph":[{"@type":"Article","@id":"https:\/\/tecscience.tec.mx\/es\/salud\/nutricion-temprana-y-lactancia-materna-claves-para-reducir-enfermedades-y-desigualdades\/#article","isPartOf":{"@id":"https:\/\/tecscience.tec.mx\/es\/salud\/nutricion-temprana-y-lactancia-materna-claves-para-reducir-enfermedades-y-desigualdades\/"},"author":{"name":"Michael Ram\u00edrez","@id":"https:\/\/tecscience.tec.mx\/es\/#\/schema\/person\/03324d9c92096a7619018ce1e8139920"},"headline":"Nutrici\u00f3n temprana y lactancia materna: claves para reducir enfermedades y desigualdades","datePublished":"2025-11-18T15:52:39+00:00","dateModified":"2025-12-18T07:14:45+00:00","mainEntityOfPage":{"@id":"https:\/\/tecscience.tec.mx\/es\/salud\/nutricion-temprana-y-lactancia-materna-claves-para-reducir-enfermedades-y-desigualdades\/"},"wordCount":1108,"publisher":{"@id":"https:\/\/tecscience.tec.mx\/es\/#organization"},"image":{"@id":"https:\/\/tecscience.tec.mx\/es\/salud\/nutricion-temprana-y-lactancia-materna-claves-para-reducir-enfermedades-y-desigualdades\/#primaryimage"},"thumbnailUrl":"https:\/\/tecscience.tec.mx\/es\/wp-content\/uploads\/sites\/8\/2025\/11\/Rafel-Perez-Escamilla-Nutricion-temprana.jpg","keywords":["Centro de Primera Infancia","Foro Internacional de Primera Infancia","Segundo Foro Internacional de Primera Infancia"],"articleSection":["Salud"],"inLanguage":"es"},{"@type":"WebPage","@id":"https:\/\/tecscience.tec.mx\/es\/salud\/nutricion-temprana-y-lactancia-materna-claves-para-reducir-enfermedades-y-desigualdades\/","url":"https:\/\/tecscience.tec.mx\/es\/salud\/nutricion-temprana-y-lactancia-materna-claves-para-reducir-enfermedades-y-desigualdades\/","name":"Nutrici\u00f3n temprana y lactancia: bases para una salud m\u00e1s equitativa | TecScience","isPartOf":{"@id":"https:\/\/tecscience.tec.mx\/es\/#website"},"primaryImageOfPage":{"@id":"https:\/\/tecscience.tec.mx\/es\/salud\/nutricion-temprana-y-lactancia-materna-claves-para-reducir-enfermedades-y-desigualdades\/#primaryimage"},"image":{"@id":"https:\/\/tecscience.tec.mx\/es\/salud\/nutricion-temprana-y-lactancia-materna-claves-para-reducir-enfermedades-y-desigualdades\/#primaryimage"},"thumbnailUrl":"https:\/\/tecscience.tec.mx\/es\/wp-content\/uploads\/sites\/8\/2025\/11\/Rafel-Perez-Escamilla-Nutricion-temprana.jpg","datePublished":"2025-11-18T15:52:39+00:00","dateModified":"2025-12-18T07:14:45+00:00","description":"La nutrici\u00f3n en los primeros mil d\u00edas y la lactancia materna fortalecen la salud, previenen enfermedades y reducen desigualdades.","breadcrumb":{"@id":"https:\/\/tecscience.tec.mx\/es\/salud\/nutricion-temprana-y-lactancia-materna-claves-para-reducir-enfermedades-y-desigualdades\/#breadcrumb"},"inLanguage":"es","potentialAction":[{"@type":"ReadAction","target":["https:\/\/tecscience.tec.mx\/es\/salud\/nutricion-temprana-y-lactancia-materna-claves-para-reducir-enfermedades-y-desigualdades\/"]}]},{"@type":"ImageObject","inLanguage":"es","@id":"https:\/\/tecscience.tec.mx\/es\/salud\/nutricion-temprana-y-lactancia-materna-claves-para-reducir-enfermedades-y-desigualdades\/#primaryimage","url":"https:\/\/tecscience.tec.mx\/es\/wp-content\/uploads\/sites\/8\/2025\/11\/Rafel-Perez-Escamilla-Nutricion-temprana.jpg","contentUrl":"https:\/\/tecscience.tec.mx\/es\/wp-content\/uploads\/sites\/8\/2025\/11\/Rafel-Perez-Escamilla-Nutricion-temprana.jpg","width":750,"height":500,"caption":"Rafael P\u00e9rez-Escamilla, profesor de Yale, durante su conferencia sobre nutrici\u00f3n temprana en el Foro Internacional de Primera Infancia."},{"@type":"BreadcrumbList","@id":"https:\/\/tecscience.tec.mx\/es\/salud\/nutricion-temprana-y-lactancia-materna-claves-para-reducir-enfermedades-y-desigualdades\/#breadcrumb","itemListElement":[{"@type":"ListItem","position":1,"name":"Home","item":"https:\/\/tecscience.tec.mx\/es\/"},{"@type":"ListItem","position":2,"name":"Nutrici\u00f3n temprana y lactancia materna: claves para reducir enfermedades y desigualdades"}]},{"@type":"WebSite","@id":"https:\/\/tecscience.tec.mx\/es\/#website","url":"https:\/\/tecscience.tec.mx\/es\/","name":"TecScience","description":"Bilingual platform in charge of communicating advances in research, science and innovation at Tec","publisher":{"@id":"https:\/\/tecscience.tec.mx\/es\/#organization"},"potentialAction":[{"@type":"SearchAction","target":{"@type":"EntryPoint","urlTemplate":"https:\/\/tecscience.tec.mx\/es\/?s={search_term_string}"},"query-input":{"@type":"PropertyValueSpecification","valueRequired":true,"valueName":"search_term_string"}}],"inLanguage":"es"},{"@type":"Organization","@id":"https:\/\/tecscience.tec.mx\/es\/#organization","name":"TecScience","url":"https:\/\/tecscience.tec.mx\/es\/","logo":{"@type":"ImageObject","inLanguage":"es","@id":"https:\/\/tecscience.tec.mx\/es\/#\/schema\/logo\/image\/","url":"https:\/\/tecscience.tec.mx\/es\/wp-content\/uploads\/sites\/8\/2022\/11\/logo-negro-tecscience.svg","contentUrl":"https:\/\/tecscience.tec.mx\/es\/wp-content\/uploads\/sites\/8\/2022\/11\/logo-negro-tecscience.svg","width":250,"height":38,"caption":"TecScience"},"image":{"@id":"https:\/\/tecscience.tec.mx\/es\/#\/schema\/logo\/image\/"},"sameAs":["https:\/\/www.facebook.com\/TecScienceWeb","https:\/\/x.com\/TecScience_","https:\/\/www.linkedin.com\/company\/tec-science\/","https:\/\/www.instagram.com\/tecscienceweb\/"],"publishingPrinciples":"https:\/\/tecscience.tec.mx\/es\/guia-de-publicacion-para-articulos-de-divulgacion\/","correctionsPolicy":"https:\/\/tecscience.tec.mx\/es\/equipo-editorial-tecscience\/"},{"@type":"Person","@id":"https:\/\/tecscience.tec.mx\/es\/#\/schema\/person\/03324d9c92096a7619018ce1e8139920","name":"Michael Ram\u00edrez","image":{"@type":"ImageObject","inLanguage":"es","@id":"https:\/\/secure.gravatar.com\/avatar\/3300ee29c56504e64e7862903f36ed37afb8d7e034cb58b05df3cc579a5d0d03?s=96&d=mm&r=g","url":"https:\/\/secure.gravatar.com\/avatar\/3300ee29c56504e64e7862903f36ed37afb8d7e034cb58b05df3cc579a5d0d03?s=96&d=mm&r=g","contentUrl":"https:\/\/secure.gravatar.com\/avatar\/3300ee29c56504e64e7862903f36ed37afb8d7e034cb58b05df3cc579a5d0d03?s=96&d=mm&r=g","caption":"Michael Ram\u00edrez"},"url":"https:\/\/tecscience.tec.mx\/es\/author\/mramirez\/"}]}},"_links":{"self":[{"href":"https:\/\/tecscience.tec.mx\/es\/wp-json\/wp\/v2\/posts\/180968","targetHints":{"allow":["GET"]}}],"collection":[{"href":"https:\/\/tecscience.tec.mx\/es\/wp-json\/wp\/v2\/posts"}],"about":[{"href":"https:\/\/tecscience.tec.mx\/es\/wp-json\/wp\/v2\/types\/post"}],"author":[{"embeddable":true,"href":"https:\/\/tecscience.tec.mx\/es\/wp-json\/wp\/v2\/users\/51"}],"replies":[{"embeddable":true,"href":"https:\/\/tecscience.tec.mx\/es\/wp-json\/wp\/v2\/comments?post=180968"}],"version-history":[{"count":0,"href":"https:\/\/tecscience.tec.mx\/es\/wp-json\/wp\/v2\/posts\/180968\/revisions"}],"wp:featuredmedia":[{"embeddable":true,"href":"https:\/\/tecscience.tec.mx\/es\/wp-json\/wp\/v2\/media\/180990"}],"wp:attachment":[{"href":"https:\/\/tecscience.tec.mx\/es\/wp-json\/wp\/v2\/media?parent=180968"}],"wp:term":[{"taxonomy":"category","embeddable":true,"href":"https:\/\/tecscience.tec.mx\/es\/wp-json\/wp\/v2\/categories?post=180968"},{"taxonomy":"post_tag","embeddable":true,"href":"https:\/\/tecscience.tec.mx\/es\/wp-json\/wp\/v2\/tags?post=180968"}],"curies":[{"name":"wp","href":"https:\/\/api.w.org\/{rel}","templated":true}]}}