{"id":183388,"date":"2026-03-11T11:55:15","date_gmt":"2026-03-11T17:55:15","guid":{"rendered":"https:\/\/tecscience.tec.mx\/es\/?p=183388"},"modified":"2026-03-30T20:22:05","modified_gmt":"2026-03-31T02:22:05","slug":"violencia-obstetrica","status":"publish","type":"post","link":"https:\/\/tecscience.tec.mx\/es\/humano-social\/violencia-obstetrica\/","title":{"rendered":"El racismo dentro del sistema de salud agrava la desigualdad en la atenci\u00f3n materna de mujeres ind\u00edgenas"},"content":{"rendered":"\n<p>En M\u00e9xico, la desigualdad en la atenci\u00f3n de la salud materna suele explicarse por factores como pobreza, educaci\u00f3n o acceso a servicios. Sin embargo, un estudio reciente sugiere que una parte importante del problema se debe a la <a href=\"https:\/\/link.springer.com\/article\/10.1186\/s12939-024-02374-2\" target=\"_blank\" rel=\"noreferrer noopener\">discriminaci\u00f3n \u00e9tnica y racial dentro del propio sistema de salud<\/a>.<\/p>\n\n\n\n<p>La investigaci\u00f3n analiz\u00f3 datos de m\u00e1s de 72,000 mujeres mexicanas que tuvieron hijos entre 2009 y 2023. Para hacerlo, combinaron informaci\u00f3n recabada por tres ediciones de la <a href=\"https:\/\/www.inegi.org.mx\/programas\/enadid\/2023\/\" target=\"_blank\" rel=\"noreferrer noopener\">Encuesta Nacional de la Din\u00e1mica Demogr\u00e1fica (ENADID)<\/a>.<\/p>\n\n\n\n<p>Su objetivo era medir la cobertura efectiva de atenci\u00f3n materna, un indicador que no solo considera si una mujer fue atendida en el sistema de salud, sino si recibi\u00f3 los cuidados necesarios: <strong>consultas prenatales adecuadas<\/strong>, <strong>un parto atendido por personal capacitado<\/strong>, <strong>seguimiento despu\u00e9s del nacimiento<\/strong> y <strong>ausencia de complicaciones graves<\/strong>.<\/p>\n\n\n\n<p>Sus resultados mostraron que, en promedio, esta cobertura fue del 25.3% para mujeres no ind\u00edgenas y de solo 18.3% para mujeres ind\u00edgenas.&nbsp;<\/p>\n\n\n\n<p>La brecha aparece en distintos momentos del proceso de atenci\u00f3n. El 87.4% de las mujeres no ind\u00edgenas recibi\u00f3 atenci\u00f3n prenatal adecuada, en el caso de las mujeres ind\u00edgenas fue del 76.6%. El parto atendido alcanz\u00f3 el 98% en no ind\u00edgenas, pero cay\u00f3 a 84.6% en ind\u00edgenas.<\/p>\n\n\n\n<p><span style=\"margin: 0px;padding: 0px\">\u201cEncontramos una discriminaci\u00f3n estructural en la atenci\u00f3n m\u00e9dica que reciben las mujeres ind\u00edgenas en M\u00e9xico\u201d, dice&nbsp;<a href=\"https:\/\/research.tec.mx\/vivo-tec\/display\/PID_61486\" target=\"_blank\">Roc\u00edo Garc\u00eda-D\u00edaz<\/a>, profesora investigadora de la&nbsp;<a href=\"\/es\/tag\/escuela-de-ciencias-sociales-y-gobierno\/\" target=\"_blank\" rel=\"noreferrer noopener\">Escuela de Ciencias Sociales y Gobierno<\/a>&nbsp;del Tec de Monterrey y una de las autoras del art\u00edculo.<\/span><\/p>\n\n\n\n<p>En conjunto, estos datos sugieren que muchas mujeres ind\u00edgenas enfrentan obst\u00e1culos a lo largo del embarazo, el parto y el posparto para recibir la atenci\u00f3n adecuada.<\/p>\n\n\n\n<figure class=\"wp-block-image aligncenter size-large\"><picture>\r\n                <source srcset=\"https:\/\/tecscience.tec.mx\/es\/wp-content\/uploads\/sites\/8\/2026\/03\/2-1-819x1024.webp\" type=\"image\/webp\">\r\n                <img fetchpriority=\"high\" decoding=\"async\" width=\"819\" height=\"1024\" src=\"https:\/\/tecscience.tec.mx\/es\/wp-content\/uploads\/sites\/8\/2026\/03\/2-1-819x1024.jpg\" alt=\"\" class=\"wp-image-183684\" srcset=\"https:\/\/tecscience.tec.mx\/es\/wp-content\/uploads\/sites\/8\/2026\/03\/2-1-819x1024.jpg 819w, https:\/\/tecscience.tec.mx\/es\/wp-content\/uploads\/sites\/8\/2026\/03\/2-1-240x300.jpg 240w, https:\/\/tecscience.tec.mx\/es\/wp-content\/uploads\/sites\/8\/2026\/03\/2-1-768x960.jpg 768w, https:\/\/tecscience.tec.mx\/es\/wp-content\/uploads\/sites\/8\/2026\/03\/2-1.jpg 1080w\" sizes=\"(max-width: 819px) 100vw, 819px\" \/>\r\n            <\/picture><figcaption class=\"wp-element-caption\">Infograf\u00eda: Oldemar Gonz\u00e1lez \/ TecScience<\/figcaption><\/figure>\n\n\n\n<h2 class=\"wp-block-heading\">Violencia obst\u00e9trica: \u00bfQu\u00e9 parte de esa brecha se debe al racismo y la discriminaci\u00f3n?<\/h2>\n\n\n\n<p>Aunque algunas de estas diferencias pueden explicarse porque las mujeres que viven en \u00e1reas rurales est\u00e1n m\u00e1s lejos de los servicios de salud y tienen menor cobertura del seguro social, los investigadores ten\u00edan la hip\u00f3tesis de que tambi\u00e9n se debe al racismo y la discriminaci\u00f3n.&nbsp;<\/p>\n\n\n\n<p>Para ponerla a prueba, utilizaron un an\u00e1lisis estad\u00edstico llamado descomposici\u00f3n Oaxaca-Blinder que permite separar cu\u00e1nto de una diferencia entre dos grupos \u2014en este caso mujeres ind\u00edgenas y no ind\u00edgenas\u2014 se explica por caracter\u00edsticas observables, como educaci\u00f3n o ingresos, y cu\u00e1nto por factores no observables, como la discriminaci\u00f3n.<\/p>\n\n\n\n<p> \u201cA falta de otra explicaci\u00f3n y conscientes de que existen formas de racismo que afectan a poblaciones ind\u00edgenas, asignamos esa diferencia a formas de discriminaci\u00f3n\u201d, se\u00f1ala <a href=\"https:\/\/mx.linkedin.com\/in\/sergio-meneses-navarro-25818a166\" target=\"_blank\" rel=\"noreferrer noopener\">Sergio Meneses<\/a>, investigador del <a href=\"https:\/\/insp.mx\/\" target=\"_blank\" rel=\"noreferrer noopener\">Instituto Nacional de Salud P\u00fablica<\/a> y otro de los autores de la investigaci\u00f3n.<\/p>\n\n\n\n<p>Los resultados indicaron que el 51.7% de la brecha en atenci\u00f3n materna se puede atribuir a discriminaci\u00f3n \u00e9tnica y racial, el 30.8% se relaciona con diferencias socioecon\u00f3micas y el 17.5% a la interacci\u00f3n entre ambos factores.<\/p>\n\n\n\n<p>Esto significa que m\u00e1s de la mitad de la desigualdad de atenci\u00f3n no se explica solo por condiciones sociales, sino por <strong>c\u00f3mo el sistema de salud responde a las mujeres ind\u00edgenas<\/strong>.<\/p>\n\n\n\n<p>De acuerdo con Meneses, hay quienes buscan atribuir estas diferencias a los llamados usos y costumbres de las poblaciones ind\u00edgenas, como que se atiendan con parteras o prefieran no ir a un hospital.<\/p>\n\n\n\n<p>Sin embargo, para el investigador, es claro que hay una parte importante que se debe a mecanismos sistem\u00e1ticos de exclusi\u00f3n, marginaci\u00f3n y opresi\u00f3n.<\/p>\n\n\n\n<p>\u201cEn general, ser racista es algo vergonzoso, algo que no queremos admitir\u201d, reflexiona Meneses. \u201cPero la verdad es que en la pr\u00e1ctica, por supuesto que hay espacios en los que sistem\u00e1ticamente se practican formas de exclusi\u00f3n hacia poblaciones ind\u00edgenas\u201d.<\/p>\n\n\n\n<h2 class=\"wp-block-heading\"><strong>Desigualdades estructurales<\/strong><\/h2>\n\n\n\n<p>La cobertura sanitaria universal es uno de los objetivos principales de la Organizaci\u00f3n de las Naciones Unidas (ONU) y busca que todas las personas puedan acceder a servicios de salud de calidad sin enfrentarse a barreras econ\u00f3micas.<\/p>\n\n\n\n<p>Sin embargo, de acuerdo con los resultados de este estudio, en M\u00e9xico todav\u00eda estamos lejos de alcanzar la equidad en el sistema de salud.&nbsp;<\/p>\n\n\n\n<p>Aunque no toda la diferencia en el acceso se debe a la discriminaci\u00f3n y el racismo, es evidente que es un factor sumamente importante.<\/p>\n\n\n\n<p>En sus resultados, tambi\u00e9n reportan que el 49.4% de las mujeres ind\u00edgenas dijeron haber tenido alg\u00fan problema de salud durante el embarazo, mientras que 33.7% de las mujeres no ind\u00edgenas lo hicieron.<\/p>\n\n\n\n<p>\u201cUn reto de la salud p\u00fablica es c\u00f3mo acercar a las mujeres ind\u00edgenas al sistema de salud en esta etapa tan vulnerable\u201d, se cuestiona Garc\u00eda-D\u00edaz.&nbsp;<\/p>\n\n\n\n<p>El estudio tambi\u00e9n observa que algunos cambios en pol\u00edticas p\u00fablicas coincidieron con retrocesos en la cobertura. Uno de ellos fue la desaparici\u00f3n del Seguro Popular en 2019, que hab\u00eda sido dise\u00f1ado para ampliar el acceso a servicios de salud entre la poblaci\u00f3n sin seguridad social.<\/p>\n\n\n\n<p>Esto sugiere que las pol\u00edticas de cobertura universal no solo dependen de ampliar la infraestructura o el financiamiento, sino que tambi\u00e9n requieren enfrentar las desigualdades estructurales que afectan a ciertos grupos.<\/p>\n\n\n\n<h2 class=\"wp-block-heading\"><strong>M\u00e1s all\u00e1 de la cobertura universal<\/strong><\/h2>\n\n\n\n<p>Los autores se\u00f1alan que en M\u00e9xico y Am\u00e9rica Latina, las jerarqu\u00edas sociales basadas en ideas raciales han contribuido hist\u00f3ricamente a marginar a las poblaciones ind\u00edgenas. Esto se refleja en la falta de acceso a la educaci\u00f3n, territorio y servicios b\u00e1sicos, as\u00ed como menores ingresos.<\/p>\n\n\n\n<p>En el sistema de salud, esto puede manifestarse en una menor calidad de la atenci\u00f3n, en la falta de servicios culturalmente adecuados o en el <strong>trato discriminatorio por parte del personal m\u00e9dico<\/strong>.<\/p>\n\n\n\n<p>Aunque se han logrado avances para reducir la desigualdad en la atenci\u00f3n materna entre mujeres ind\u00edgenas y no ind\u00edgenas, esta persiste.<\/p>\n\n\n\n<p>Para resolverlo es necesario entender esta realidad y enfrentarla. \u201cTodos los que formamos parte del sistema de salud, incluyendo administrativos y personal de vigilancia, debemos tener muy presente que brindar un trato digno a todas las personas es un objetivo, no algo adicional\u201d.<\/p>\n\n\n\n<p>As\u00ed, ampliar la cobertura de los servicios de salud no es suficiente si no se abordan los factores estructurales que generan esta desigualdad. Continuar haciendo esfuerzos para garantizar el acceso a la salud a mujeres ind\u00edgenas es indispensable.<\/p>\n\n\n\n<p>\u201cM\u00e9xico tiene un gran porcentaje de poblaci\u00f3n ind\u00edgena\u201d, dice Garc\u00eda-D\u00edaz. \u201cSeguramente el gobierno estar\u00e1 interesado en hacer que el proceso de gestaci\u00f3n sea lo m\u00e1s inclusivo y equitativo posible entre las mexicanas, no importa si eres ind\u00edgena o no\u201d.<\/p>\n\n\n\n<p><strong><em>\u00bfTe interes\u00f3 esta historia? \u00bfQuieres publicarla? Contacta a nuestra editora de contenido para m\u00e1s informaci\u00f3n: <a href=\"mailto:marianaleonm@tec.mx\" target=\"_blank\" rel=\"noreferrer noopener\">marianaleonm@tec.mx<\/a><\/em><\/strong><\/p>\n\n\n\n<p><\/p>\n","protected":false},"excerpt":{"rendered":"<p>Un an\u00e1lisis revela que el racismo y la discriminaci\u00f3n explican gran parte de la brecha en atenci\u00f3n materna entre mujeres ind\u00edgenas y no ind\u00edgenas en M\u00e9xico.<\/p>\n","protected":false},"author":12,"featured_media":183389,"comment_status":"closed","ping_status":"closed","sticky":false,"template":"","format":"standard","meta":{"_acf_changed":false,"_eb_attr":"","footnotes":""},"categories":[101],"tags":[204],"class_list":["post-183388","post","type-post","status-publish","format-standard","has-post-thumbnail","hentry","category-humano-social","tag-escuela-de-ciencias-sociales-y-gobierno"],"acf":[],"yoast_head":"<!-- This site is optimized with the Yoast SEO Premium plugin v21.0 (Yoast SEO v27.4) - https:\/\/yoast.com\/product\/yoast-seo-premium-wordpress\/ -->\n<title>Racismo hacia mujeres ind\u00edgenas en el sistema de salud | TecScience<\/title>\n<meta name=\"description\" content=\"Un an\u00e1lisis revela que el racismo y la discriminaci\u00f3n explican gran parte de la brecha en atenci\u00f3n materna entre mujeres ind\u00edgenas y no ind\u00edgenas en M\u00e9xico.\" \/>\n<meta name=\"robots\" content=\"index, follow, max-snippet:-1, max-image-preview:large, max-video-preview:-1\" \/>\n<link rel=\"canonical\" href=\"https:\/\/tecscience.tec.mx\/es\/humano-social\/violencia-obstetrica\/\" \/>\n<meta property=\"og:locale\" content=\"es_ES\" \/>\n<meta property=\"og:type\" content=\"article\" \/>\n<meta property=\"og:title\" content=\"El racismo dentro del sistema de salud agrava la desigualdad en la atenci\u00f3n materna de mujeres ind\u00edgenas\" \/>\n<meta property=\"og:description\" content=\"Un an\u00e1lisis revela que el racismo y la discriminaci\u00f3n explican gran parte de la brecha en atenci\u00f3n materna entre mujeres ind\u00edgenas y no ind\u00edgenas en M\u00e9xico.\" \/>\n<meta property=\"og:url\" content=\"https:\/\/tecscience.tec.mx\/es\/humano-social\/violencia-obstetrica\/\" \/>\n<meta property=\"og:site_name\" content=\"TecScience\" \/>\n<meta property=\"article:publisher\" content=\"https:\/\/www.facebook.com\/TecScienceWeb\" \/>\n<meta property=\"article:published_time\" content=\"2026-03-11T17:55:15+00:00\" \/>\n<meta property=\"article:modified_time\" content=\"2026-03-31T02:22:05+00:00\" \/>\n<meta property=\"og:image\" content=\"https:\/\/tecscience.tec.mx\/es\/wp-content\/uploads\/sites\/8\/2026\/03\/1-3.jpg\" \/>\n\t<meta property=\"og:image:width\" content=\"750\" \/>\n\t<meta property=\"og:image:height\" content=\"500\" \/>\n\t<meta property=\"og:image:type\" content=\"image\/jpeg\" \/>\n<meta name=\"author\" content=\"In\u00e9s Guti\u00e9rrez Jaber\" \/>\n<meta name=\"twitter:card\" content=\"summary_large_image\" \/>\n<meta name=\"twitter:creator\" content=\"@TecScience_\" \/>\n<meta name=\"twitter:site\" content=\"@TecScience_\" \/>\n<meta name=\"twitter:label1\" content=\"Escrito por\" \/>\n\t<meta name=\"twitter:data1\" content=\"In\u00e9s Guti\u00e9rrez Jaber\" \/>\n\t<meta name=\"twitter:label2\" content=\"Tiempo de lectura\" \/>\n\t<meta name=\"twitter:data2\" content=\"6 minutos\" \/>\n<script type=\"application\/ld+json\" class=\"yoast-schema-graph\">{\"@context\":\"https:\\\/\\\/schema.org\",\"@graph\":[{\"@type\":\"Article\",\"@id\":\"https:\\\/\\\/tecscience.tec.mx\\\/es\\\/humano-social\\\/violencia-obstetrica\\\/#article\",\"isPartOf\":{\"@id\":\"https:\\\/\\\/tecscience.tec.mx\\\/es\\\/humano-social\\\/violencia-obstetrica\\\/\"},\"author\":{\"name\":\"In\u00e9s Guti\u00e9rrez Jaber\",\"@id\":\"https:\\\/\\\/tecscience.tec.mx\\\/es\\\/#\\\/schema\\\/person\\\/72a3b50d0dbd7d1124452069e14a2db9\"},\"headline\":\"El racismo dentro del sistema de salud agrava la desigualdad en la atenci\u00f3n materna de mujeres ind\u00edgenas\",\"datePublished\":\"2026-03-11T17:55:15+00:00\",\"dateModified\":\"2026-03-31T02:22:05+00:00\",\"mainEntityOfPage\":{\"@id\":\"https:\\\/\\\/tecscience.tec.mx\\\/es\\\/humano-social\\\/violencia-obstetrica\\\/\"},\"wordCount\":1174,\"publisher\":{\"@id\":\"https:\\\/\\\/tecscience.tec.mx\\\/es\\\/#organization\"},\"image\":{\"@id\":\"https:\\\/\\\/tecscience.tec.mx\\\/es\\\/humano-social\\\/violencia-obstetrica\\\/#primaryimage\"},\"thumbnailUrl\":\"https:\\\/\\\/tecscience.tec.mx\\\/es\\\/wp-content\\\/uploads\\\/sites\\\/8\\\/2026\\\/03\\\/1-3.jpg\",\"keywords\":[\"Escuela de Ciencias Sociales y Gobierno\"],\"articleSection\":[\"Humano y Social\"],\"inLanguage\":\"es\"},{\"@type\":\"WebPage\",\"@id\":\"https:\\\/\\\/tecscience.tec.mx\\\/es\\\/humano-social\\\/violencia-obstetrica\\\/\",\"url\":\"https:\\\/\\\/tecscience.tec.mx\\\/es\\\/humano-social\\\/violencia-obstetrica\\\/\",\"name\":\"Racismo hacia mujeres ind\u00edgenas en el sistema de salud | TecScience\",\"isPartOf\":{\"@id\":\"https:\\\/\\\/tecscience.tec.mx\\\/es\\\/#website\"},\"primaryImageOfPage\":{\"@id\":\"https:\\\/\\\/tecscience.tec.mx\\\/es\\\/humano-social\\\/violencia-obstetrica\\\/#primaryimage\"},\"image\":{\"@id\":\"https:\\\/\\\/tecscience.tec.mx\\\/es\\\/humano-social\\\/violencia-obstetrica\\\/#primaryimage\"},\"thumbnailUrl\":\"https:\\\/\\\/tecscience.tec.mx\\\/es\\\/wp-content\\\/uploads\\\/sites\\\/8\\\/2026\\\/03\\\/1-3.jpg\",\"datePublished\":\"2026-03-11T17:55:15+00:00\",\"dateModified\":\"2026-03-31T02:22:05+00:00\",\"description\":\"Un an\u00e1lisis revela que el racismo y la discriminaci\u00f3n explican gran parte de la brecha en atenci\u00f3n materna entre mujeres ind\u00edgenas y no ind\u00edgenas en M\u00e9xico.\",\"breadcrumb\":{\"@id\":\"https:\\\/\\\/tecscience.tec.mx\\\/es\\\/humano-social\\\/violencia-obstetrica\\\/#breadcrumb\"},\"inLanguage\":\"es\",\"potentialAction\":[{\"@type\":\"ReadAction\",\"target\":[\"https:\\\/\\\/tecscience.tec.mx\\\/es\\\/humano-social\\\/violencia-obstetrica\\\/\"]}]},{\"@type\":\"ImageObject\",\"inLanguage\":\"es\",\"@id\":\"https:\\\/\\\/tecscience.tec.mx\\\/es\\\/humano-social\\\/violencia-obstetrica\\\/#primaryimage\",\"url\":\"https:\\\/\\\/tecscience.tec.mx\\\/es\\\/wp-content\\\/uploads\\\/sites\\\/8\\\/2026\\\/03\\\/1-3.jpg\",\"contentUrl\":\"https:\\\/\\\/tecscience.tec.mx\\\/es\\\/wp-content\\\/uploads\\\/sites\\\/8\\\/2026\\\/03\\\/1-3.jpg\",\"width\":750,\"height\":500,\"caption\":\"En promedio, la cobertura de atenci\u00f3n materna fue de 25.3% para mujeres no ind\u00edgenas y de solo 18.3% para mujeres ind\u00edgenas. (Foto: Getty Images)\"},{\"@type\":\"BreadcrumbList\",\"@id\":\"https:\\\/\\\/tecscience.tec.mx\\\/es\\\/humano-social\\\/violencia-obstetrica\\\/#breadcrumb\",\"itemListElement\":[{\"@type\":\"ListItem\",\"position\":1,\"name\":\"Home\",\"item\":\"https:\\\/\\\/tecscience.tec.mx\\\/es\\\/\"},{\"@type\":\"ListItem\",\"position\":2,\"name\":\"El racismo dentro del sistema de salud agrava la desigualdad en la atenci\u00f3n materna de mujeres ind\u00edgenas\"}]},{\"@type\":\"WebSite\",\"@id\":\"https:\\\/\\\/tecscience.tec.mx\\\/es\\\/#website\",\"url\":\"https:\\\/\\\/tecscience.tec.mx\\\/es\\\/\",\"name\":\"TecScience\",\"description\":\"Bilingual platform in charge of communicating advances in research, science and innovation at Tec\",\"publisher\":{\"@id\":\"https:\\\/\\\/tecscience.tec.mx\\\/es\\\/#organization\"},\"potentialAction\":[{\"@type\":\"SearchAction\",\"target\":{\"@type\":\"EntryPoint\",\"urlTemplate\":\"https:\\\/\\\/tecscience.tec.mx\\\/es\\\/?s={search_term_string}\"},\"query-input\":{\"@type\":\"PropertyValueSpecification\",\"valueRequired\":true,\"valueName\":\"search_term_string\"}}],\"inLanguage\":\"es\"},{\"@type\":\"Organization\",\"@id\":\"https:\\\/\\\/tecscience.tec.mx\\\/es\\\/#organization\",\"name\":\"TecScience\",\"url\":\"https:\\\/\\\/tecscience.tec.mx\\\/es\\\/\",\"logo\":{\"@type\":\"ImageObject\",\"inLanguage\":\"es\",\"@id\":\"https:\\\/\\\/tecscience.tec.mx\\\/es\\\/#\\\/schema\\\/logo\\\/image\\\/\",\"url\":\"https:\\\/\\\/tecscience.tec.mx\\\/es\\\/wp-content\\\/uploads\\\/sites\\\/8\\\/2022\\\/11\\\/logo-negro-tecscience.svg\",\"contentUrl\":\"https:\\\/\\\/tecscience.tec.mx\\\/es\\\/wp-content\\\/uploads\\\/sites\\\/8\\\/2022\\\/11\\\/logo-negro-tecscience.svg\",\"width\":250,\"height\":38,\"caption\":\"TecScience\"},\"image\":{\"@id\":\"https:\\\/\\\/tecscience.tec.mx\\\/es\\\/#\\\/schema\\\/logo\\\/image\\\/\"},\"sameAs\":[\"https:\\\/\\\/www.facebook.com\\\/TecScienceWeb\",\"https:\\\/\\\/x.com\\\/TecScience_\",\"https:\\\/\\\/www.linkedin.com\\\/company\\\/tec-science\\\/\",\"https:\\\/\\\/www.instagram.com\\\/tecscienceweb\\\/\"],\"publishingPrinciples\":\"https:\\\/\\\/tecscience.tec.mx\\\/es\\\/guia-de-publicacion-para-articulos-de-divulgacion\\\/\",\"correctionsPolicy\":\"https:\\\/\\\/tecscience.tec.mx\\\/es\\\/equipo-editorial-tecscience\\\/\"},{\"@type\":\"Person\",\"@id\":\"https:\\\/\\\/tecscience.tec.mx\\\/es\\\/#\\\/schema\\\/person\\\/72a3b50d0dbd7d1124452069e14a2db9\",\"name\":\"In\u00e9s Guti\u00e9rrez Jaber\",\"image\":{\"@type\":\"ImageObject\",\"inLanguage\":\"es\",\"@id\":\"https:\\\/\\\/secure.gravatar.com\\\/avatar\\\/d136e90158f5aac8a8da8abe38806ceebb853d4d6d17967fb867b912b35483a9?s=96&d=mm&r=g\",\"url\":\"https:\\\/\\\/secure.gravatar.com\\\/avatar\\\/d136e90158f5aac8a8da8abe38806ceebb853d4d6d17967fb867b912b35483a9?s=96&d=mm&r=g\",\"contentUrl\":\"https:\\\/\\\/secure.gravatar.com\\\/avatar\\\/d136e90158f5aac8a8da8abe38806ceebb853d4d6d17967fb867b912b35483a9?s=96&d=mm&r=g\",\"caption\":\"In\u00e9s Guti\u00e9rrez Jaber\"},\"description\":\"Periodista de ciencia y artista visual. Mi trabajo ha sido publicado en medios como Science, Science News, Newsweek, Nexos, \u00bfC\u00f3mo ves?, entre otros. Estudi\u00e9 Biolog\u00eda en la Facultad de Ciencias de la UNAM y ah\u00ed descubr\u00ed mi pasi\u00f3n por comunicarle a todas las personas el conocimiento cient\u00edfico y su relevancia social. Creo que la ciencia, al fomentar el pensamiento cr\u00edtico, puede empoderar a la humanidad y, al ser la base de los avances tecnol\u00f3gicos, puede ayudarla a vivir en las mejores condiciones posibles.\",\"url\":\"https:\\\/\\\/tecscience.tec.mx\\\/es\\\/author\\\/igutierrez\\\/\"}]}<\/script>\n<!-- \/ Yoast SEO Premium plugin. -->","yoast_head_json":{"title":"Racismo hacia mujeres ind\u00edgenas en el sistema de salud | TecScience","description":"Un an\u00e1lisis revela que el racismo y la discriminaci\u00f3n explican gran parte de la brecha en atenci\u00f3n materna entre mujeres ind\u00edgenas y no ind\u00edgenas en M\u00e9xico.","robots":{"index":"index","follow":"follow","max-snippet":"max-snippet:-1","max-image-preview":"max-image-preview:large","max-video-preview":"max-video-preview:-1"},"canonical":"https:\/\/tecscience.tec.mx\/es\/humano-social\/violencia-obstetrica\/","og_locale":"es_ES","og_type":"article","og_title":"El racismo dentro del sistema de salud agrava la desigualdad en la atenci\u00f3n materna de mujeres ind\u00edgenas","og_description":"Un an\u00e1lisis revela que el racismo y la discriminaci\u00f3n explican gran parte de la brecha en atenci\u00f3n materna entre mujeres ind\u00edgenas y no ind\u00edgenas en M\u00e9xico.","og_url":"https:\/\/tecscience.tec.mx\/es\/humano-social\/violencia-obstetrica\/","og_site_name":"TecScience","article_publisher":"https:\/\/www.facebook.com\/TecScienceWeb","article_published_time":"2026-03-11T17:55:15+00:00","article_modified_time":"2026-03-31T02:22:05+00:00","og_image":[{"width":750,"height":500,"url":"https:\/\/tecscience.tec.mx\/es\/wp-content\/uploads\/sites\/8\/2026\/03\/1-3.jpg","type":"image\/jpeg"}],"author":"In\u00e9s Guti\u00e9rrez Jaber","twitter_card":"summary_large_image","twitter_creator":"@TecScience_","twitter_site":"@TecScience_","twitter_misc":{"Escrito por":"In\u00e9s Guti\u00e9rrez Jaber","Tiempo de lectura":"6 minutos"},"schema":{"@context":"https:\/\/schema.org","@graph":[{"@type":"Article","@id":"https:\/\/tecscience.tec.mx\/es\/humano-social\/violencia-obstetrica\/#article","isPartOf":{"@id":"https:\/\/tecscience.tec.mx\/es\/humano-social\/violencia-obstetrica\/"},"author":{"name":"In\u00e9s Guti\u00e9rrez Jaber","@id":"https:\/\/tecscience.tec.mx\/es\/#\/schema\/person\/72a3b50d0dbd7d1124452069e14a2db9"},"headline":"El racismo dentro del sistema de salud agrava la desigualdad en la atenci\u00f3n materna de mujeres ind\u00edgenas","datePublished":"2026-03-11T17:55:15+00:00","dateModified":"2026-03-31T02:22:05+00:00","mainEntityOfPage":{"@id":"https:\/\/tecscience.tec.mx\/es\/humano-social\/violencia-obstetrica\/"},"wordCount":1174,"publisher":{"@id":"https:\/\/tecscience.tec.mx\/es\/#organization"},"image":{"@id":"https:\/\/tecscience.tec.mx\/es\/humano-social\/violencia-obstetrica\/#primaryimage"},"thumbnailUrl":"https:\/\/tecscience.tec.mx\/es\/wp-content\/uploads\/sites\/8\/2026\/03\/1-3.jpg","keywords":["Escuela de Ciencias Sociales y Gobierno"],"articleSection":["Humano y Social"],"inLanguage":"es"},{"@type":"WebPage","@id":"https:\/\/tecscience.tec.mx\/es\/humano-social\/violencia-obstetrica\/","url":"https:\/\/tecscience.tec.mx\/es\/humano-social\/violencia-obstetrica\/","name":"Racismo hacia mujeres ind\u00edgenas en el sistema de salud | TecScience","isPartOf":{"@id":"https:\/\/tecscience.tec.mx\/es\/#website"},"primaryImageOfPage":{"@id":"https:\/\/tecscience.tec.mx\/es\/humano-social\/violencia-obstetrica\/#primaryimage"},"image":{"@id":"https:\/\/tecscience.tec.mx\/es\/humano-social\/violencia-obstetrica\/#primaryimage"},"thumbnailUrl":"https:\/\/tecscience.tec.mx\/es\/wp-content\/uploads\/sites\/8\/2026\/03\/1-3.jpg","datePublished":"2026-03-11T17:55:15+00:00","dateModified":"2026-03-31T02:22:05+00:00","description":"Un an\u00e1lisis revela que el racismo y la discriminaci\u00f3n explican gran parte de la brecha en atenci\u00f3n materna entre mujeres ind\u00edgenas y no ind\u00edgenas en M\u00e9xico.","breadcrumb":{"@id":"https:\/\/tecscience.tec.mx\/es\/humano-social\/violencia-obstetrica\/#breadcrumb"},"inLanguage":"es","potentialAction":[{"@type":"ReadAction","target":["https:\/\/tecscience.tec.mx\/es\/humano-social\/violencia-obstetrica\/"]}]},{"@type":"ImageObject","inLanguage":"es","@id":"https:\/\/tecscience.tec.mx\/es\/humano-social\/violencia-obstetrica\/#primaryimage","url":"https:\/\/tecscience.tec.mx\/es\/wp-content\/uploads\/sites\/8\/2026\/03\/1-3.jpg","contentUrl":"https:\/\/tecscience.tec.mx\/es\/wp-content\/uploads\/sites\/8\/2026\/03\/1-3.jpg","width":750,"height":500,"caption":"En promedio, la cobertura de atenci\u00f3n materna fue de 25.3% para mujeres no ind\u00edgenas y de solo 18.3% para mujeres ind\u00edgenas. (Foto: Getty Images)"},{"@type":"BreadcrumbList","@id":"https:\/\/tecscience.tec.mx\/es\/humano-social\/violencia-obstetrica\/#breadcrumb","itemListElement":[{"@type":"ListItem","position":1,"name":"Home","item":"https:\/\/tecscience.tec.mx\/es\/"},{"@type":"ListItem","position":2,"name":"El racismo dentro del sistema de salud agrava la desigualdad en la atenci\u00f3n materna de mujeres ind\u00edgenas"}]},{"@type":"WebSite","@id":"https:\/\/tecscience.tec.mx\/es\/#website","url":"https:\/\/tecscience.tec.mx\/es\/","name":"TecScience","description":"Bilingual platform in charge of communicating advances in research, science and innovation at Tec","publisher":{"@id":"https:\/\/tecscience.tec.mx\/es\/#organization"},"potentialAction":[{"@type":"SearchAction","target":{"@type":"EntryPoint","urlTemplate":"https:\/\/tecscience.tec.mx\/es\/?s={search_term_string}"},"query-input":{"@type":"PropertyValueSpecification","valueRequired":true,"valueName":"search_term_string"}}],"inLanguage":"es"},{"@type":"Organization","@id":"https:\/\/tecscience.tec.mx\/es\/#organization","name":"TecScience","url":"https:\/\/tecscience.tec.mx\/es\/","logo":{"@type":"ImageObject","inLanguage":"es","@id":"https:\/\/tecscience.tec.mx\/es\/#\/schema\/logo\/image\/","url":"https:\/\/tecscience.tec.mx\/es\/wp-content\/uploads\/sites\/8\/2022\/11\/logo-negro-tecscience.svg","contentUrl":"https:\/\/tecscience.tec.mx\/es\/wp-content\/uploads\/sites\/8\/2022\/11\/logo-negro-tecscience.svg","width":250,"height":38,"caption":"TecScience"},"image":{"@id":"https:\/\/tecscience.tec.mx\/es\/#\/schema\/logo\/image\/"},"sameAs":["https:\/\/www.facebook.com\/TecScienceWeb","https:\/\/x.com\/TecScience_","https:\/\/www.linkedin.com\/company\/tec-science\/","https:\/\/www.instagram.com\/tecscienceweb\/"],"publishingPrinciples":"https:\/\/tecscience.tec.mx\/es\/guia-de-publicacion-para-articulos-de-divulgacion\/","correctionsPolicy":"https:\/\/tecscience.tec.mx\/es\/equipo-editorial-tecscience\/"},{"@type":"Person","@id":"https:\/\/tecscience.tec.mx\/es\/#\/schema\/person\/72a3b50d0dbd7d1124452069e14a2db9","name":"In\u00e9s Guti\u00e9rrez Jaber","image":{"@type":"ImageObject","inLanguage":"es","@id":"https:\/\/secure.gravatar.com\/avatar\/d136e90158f5aac8a8da8abe38806ceebb853d4d6d17967fb867b912b35483a9?s=96&d=mm&r=g","url":"https:\/\/secure.gravatar.com\/avatar\/d136e90158f5aac8a8da8abe38806ceebb853d4d6d17967fb867b912b35483a9?s=96&d=mm&r=g","contentUrl":"https:\/\/secure.gravatar.com\/avatar\/d136e90158f5aac8a8da8abe38806ceebb853d4d6d17967fb867b912b35483a9?s=96&d=mm&r=g","caption":"In\u00e9s Guti\u00e9rrez Jaber"},"description":"Periodista de ciencia y artista visual. Mi trabajo ha sido publicado en medios como Science, Science News, Newsweek, Nexos, \u00bfC\u00f3mo ves?, entre otros. Estudi\u00e9 Biolog\u00eda en la Facultad de Ciencias de la UNAM y ah\u00ed descubr\u00ed mi pasi\u00f3n por comunicarle a todas las personas el conocimiento cient\u00edfico y su relevancia social. Creo que la ciencia, al fomentar el pensamiento cr\u00edtico, puede empoderar a la humanidad y, al ser la base de los avances tecnol\u00f3gicos, puede ayudarla a vivir en las mejores condiciones posibles.","url":"https:\/\/tecscience.tec.mx\/es\/author\/igutierrez\/"}]}},"_links":{"self":[{"href":"https:\/\/tecscience.tec.mx\/es\/wp-json\/wp\/v2\/posts\/183388","targetHints":{"allow":["GET"]}}],"collection":[{"href":"https:\/\/tecscience.tec.mx\/es\/wp-json\/wp\/v2\/posts"}],"about":[{"href":"https:\/\/tecscience.tec.mx\/es\/wp-json\/wp\/v2\/types\/post"}],"author":[{"embeddable":true,"href":"https:\/\/tecscience.tec.mx\/es\/wp-json\/wp\/v2\/users\/12"}],"replies":[{"embeddable":true,"href":"https:\/\/tecscience.tec.mx\/es\/wp-json\/wp\/v2\/comments?post=183388"}],"version-history":[{"count":3,"href":"https:\/\/tecscience.tec.mx\/es\/wp-json\/wp\/v2\/posts\/183388\/revisions"}],"predecessor-version":[{"id":183685,"href":"https:\/\/tecscience.tec.mx\/es\/wp-json\/wp\/v2\/posts\/183388\/revisions\/183685"}],"wp:featuredmedia":[{"embeddable":true,"href":"https:\/\/tecscience.tec.mx\/es\/wp-json\/wp\/v2\/media\/183389"}],"wp:attachment":[{"href":"https:\/\/tecscience.tec.mx\/es\/wp-json\/wp\/v2\/media?parent=183388"}],"wp:term":[{"taxonomy":"category","embeddable":true,"href":"https:\/\/tecscience.tec.mx\/es\/wp-json\/wp\/v2\/categories?post=183388"},{"taxonomy":"post_tag","embeddable":true,"href":"https:\/\/tecscience.tec.mx\/es\/wp-json\/wp\/v2\/tags?post=183388"}],"curies":[{"name":"wp","href":"https:\/\/api.w.org\/{rel}","templated":true}]}}