{"id":183658,"date":"2026-03-27T18:55:19","date_gmt":"2026-03-28T00:55:19","guid":{"rendered":"https:\/\/tecscience.tec.mx\/es\/?p=183658"},"modified":"2026-04-06T19:32:34","modified_gmt":"2026-04-07T01:32:34","slug":"transfobia-causas-consecuencias-como-combatirla","status":"publish","type":"post","link":"https:\/\/tecscience.tec.mx\/es\/humano-social\/transfobia-causas-consecuencias-como-combatirla\/","title":{"rendered":"Transfobia: causas, consecuencias en la salud mental y c\u00f3mo combatirla"},"content":{"rendered":"\n<p>La <a href=\"https:\/\/www.sciencedirect.com\/topics\/psychology\/transphobia\" target=\"_blank\" rel=\"noreferrer noopener\">transfobia<\/a> es el rechazo, la discriminaci\u00f3n y la intolerancia hacia personas transg\u00e9nero o no binarias. No es un fen\u00f3meno aislado ni reciente: afecta a millones de personas y, en sus formas m\u00e1s extremas, puede costar vidas.<\/p>\n\n\n\n<p>Desde la ciencia, se han hecho esfuerzos para entenderla y hoy en d\u00eda se reconoce como algo complejo que involucra m\u00faltiples factores sociales, culturales y psicol\u00f3gicos.&nbsp;<\/p>\n\n\n\n<p>\u201cCuando hablo de este tema, siempre digo que es como un mole de factores y elementos que condicionan la transfobia y que no se pueden separar\u201d, dice <a href=\"https:\/\/mx.linkedin.com\/in\/hamid-vega\" target=\"_blank\" rel=\"noreferrer noopener\">Hamid Vega<\/a>, m\u00e9dico psiquiatra e investigador del <a href=\"https:\/\/inprf.gob.mx\/\" target=\"_blank\" rel=\"noreferrer noopener\">Instituto Nacional de Psiquiatr\u00eda Ram\u00f3n de la Fuente Mu\u00f1iz<\/a>.<\/p>\n\n\n\n<p>Uno de los ingredientes es <a href=\"https:\/\/pubmed.ncbi.nlm.nih.gov\/41049062\/\" target=\"_blank\" rel=\"noreferrer noopener\">el desconocimiento y la desinformaci\u00f3n<\/a>. <a href=\"https:\/\/link.springer.com\/article\/10.1007\/s13178-019-00399-9\" target=\"_blank\" rel=\"noreferrer noopener\">Diversos estudios<\/a> muestran que cuando las personas <a href=\"https:\/\/pubmed.ncbi.nlm.nih.gov\/35414147\/\" target=\"_blank\" rel=\"noreferrer noopener\">no tienen informaci\u00f3n clara<\/a> sobre qu\u00e9 es la identidad de g\u00e9nero, es m\u00e1s probable que adopten ideas equivocadas, como creer que solo existen dos g\u00e9neros o que el sexo biol\u00f3gico define completamente qui\u00e9nes somos.<\/p>\n\n\n\n<p>Lejos de ser una excepci\u00f3n, en M\u00e9xico, <a href=\"https:\/\/www.inegi.org.mx\/contenidos\/saladeprensa\/boletines\/2022\/endiseg\/Resul_Endiseg21.pdf\" target=\"_blank\" rel=\"noreferrer noopener\">0.9% de las personas de 15 a\u00f1os o m\u00e1s se identifican como trans o no binarias<\/a>. Y aunque no siempre se les ha llamado trans, las identidades de g\u00e9nero diversas han estado presentes desde hace miles de a\u00f1os y en distintas culturas.<\/p>\n\n\n\n<p>En l\u00ednea con esta evidencia, la Organizaci\u00f3n Mundial de la Salud (OMS) ha actualizado su postura y en 2019 <a href=\"https:\/\/www.who.int\/standards\/classifications\/frequently-asked-questions\/gender-incongruence-and-transgender-health-in-the-icd\" target=\"_blank\" rel=\"noreferrer noopener\">dej\u00f3 de clasificar la transexualidad como un trastorno mental<\/a>. Asociaciones m\u00e9dicas <a href=\"https:\/\/pubmed.ncbi.nlm.nih.gov\/27474250\/\" target=\"_blank\" rel=\"noreferrer noopener\">coinciden en que no se trata de una patolog\u00eda<\/a>.&nbsp;<\/p>\n\n\n\n<p>\u201cLa variabilidad sexogen\u00e9rica es lo mismo que sucede con la variabilidad de la estatura humana\u201d, dice Vega.<\/p>\n\n\n\n<h2 class=\"wp-block-heading\">Causas de la transfobia: desinformaci\u00f3n, machismo y normas culturales<\/h2>\n\n\n\n<p>Adem\u00e1s de la desinformaci\u00f3n, distintas investigaciones tambi\u00e9n muestran que <a href=\"https:\/\/www.frontiersin.org\/journals\/psychology\/articles\/10.3389\/fpsyg.2023.1282109\/full\" target=\"_blank\" rel=\"noreferrer noopener\">el contexto cultural es una ra\u00edz fuerte detr\u00e1s de la transfobia<\/a>.&nbsp;<\/p>\n\n\n\n<p>En pa\u00edses como M\u00e9xico, donde persisten normas tradicionales de g\u00e9nero, la presi\u00f3n por encajar en roles masculinos y femeninos r\u00edgidos sigue siendo fuerte y provoca un rechazo a todo lo que sea distinto de eso.<\/p>\n\n\n\n<p>Este sistema, descrito como machista y heteronormativo, deja poco espacio para la diversidad y quienes lo desaf\u00edan suelen enfrentar discriminaci\u00f3n, rechazo y violencia.<\/p>\n\n\n\n<p>En un estudio reciente, investigadoras mexicanas encontraron que en el pa\u00eds, <a href=\"https:\/\/revistasaludmental.gob.mx\/index.php\/salud_mental\/article\/view\/SM.0185-3325.2025.036?utm_source=chatgpt.com\" target=\"_blank\" rel=\"noreferrer noopener\">los hombres exhiben m\u00e1s prejuicios hacia las personas trans<\/a> y son menos tolerantes con las personas que no se ajustan a las normas de g\u00e9nero tradicionales, en comparaci\u00f3n con las mujeres.<\/p>\n\n\n\n<p>\u201cEs curioso porque de las personas que respondieron la encuesta, la mayor\u00eda eran mujeres y aun as\u00ed predomina el nivel de rechazo en hombres\u201d, cuenta <a href=\"https:\/\/psicologia.posgrado.unam.mx\/dra-tecelli-dominguez-martinez\/\">Tecelli Dom\u00ednguez<\/a>, investigadora del Centro de Investigaci\u00f3n en Salud Mental Global del Instituto Nacional de Psiquiatr\u00eda Ram\u00f3n de la Fuente Mu\u00f1iz y una de las autoras del estudio.<\/p>\n\n\n\n<p>Adem\u00e1s, se ha encontrado que las actitudes negativas hacia las personas trans o no binarias est\u00e1n relacionadas con niveles m\u00e1s altos de sexismo, autoritarismo y <a href=\"https:\/\/pubmed.ncbi.nlm.nih.gov\/33320061\/\" target=\"_blank\" rel=\"noreferrer noopener\">creencias religiosas r\u00edgidas<\/a>. Es decir que forman parte de una visi\u00f3n del mundo m\u00e1s amplia y de lo que es supuestamente natural.<\/p>\n\n\n\n<p>\u201cA las personas de la diversidad sexual y de g\u00e9nero se nos ha asociado con estos prejuicios y cosas inmorales entre comillas\u201d, se\u00f1ala Vega. \u201cPor eso hay cr\u00edmenes de odio; est\u00e1 este elemento de querer castigarte por representar eso que, moralmente hablando, supuestamente no est\u00e1 bien\u201d.<\/p>\n\n\n\n<p>As\u00ed, la transfobia parece involucrar a la desinformaci\u00f3n, los prejuicios y las normas sociales profundamente arraigadas.<\/p>\n\n\n\n<figure class=\"wp-block-embed is-type-video is-provider-youtube wp-block-embed-youtube wp-embed-aspect-16-9 wp-has-aspect-ratio\"><div class=\"wp-block-embed__wrapper\">\n<iframe title=\"TecScience\" width=\"800\" height=\"450\" src=\"https:\/\/www.youtube.com\/embed\/videoseries?list=PL54ogfmOaMfon5D2y4brCNF2MBHnrbNWO\" frameborder=\"0\" allow=\"accelerometer; autoplay; clipboard-write; encrypted-media; gyroscope; picture-in-picture; web-share\" referrerpolicy=\"strict-origin-when-cross-origin\" allowfullscreen><\/iframe>\n<\/div><\/figure>\n\n\n\n<h2 class=\"wp-block-heading\">Consecuencias de la transfobia en la salud mental y la seguridad<\/h2>\n\n\n\n<p>Las consecuencias de la transfobia van mucho m\u00e1s all\u00e1 de un comentario o un gesto de desagrado. Para muchas personas trans y no binarias, es una realidad cotidiana que impacta negativamente su salud, su seguridad y sus oportunidades de vida.<\/p>\n\n\n\n<p>Desde 2009, un proyecto que monitorea los asesinatos a personas trans <a href=\"https:\/\/tgeu.org\/trans-murder-monitoring-2025-reveals-new-trend-in-anti-trans-violence-systematic-targeting-of-activists-and-movement-leaders\/\" target=\"_blank\" rel=\"noreferrer noopener\">ha registrado 5,322 de estos cr\u00edmenes de odio alrededor del mundo<\/a>, pero la cifra probablemente es mayor.<\/p>\n\n\n\n<p>M\u00e9xico ocupa el segundo lugar a nivel mundial en transfeminicidios, solo por debajo de Brasil. Esta violencia \u2014la manifestaci\u00f3n m\u00e1s deshumanizante de la transfobia\u2014 es solo la punta del iceberg de un problema m\u00e1s amplio.<\/p>\n\n\n\n<p>Antes de llegar a ese extremo, se manifiesta en formas normalizadas de discriminaci\u00f3n, como el rechazo familiar, el acoso o bullying escolar, la discriminaci\u00f3n laboral y el trato desigual en los servicios de salud.<\/p>\n\n\n\n<p>\u201cTodo lo que sea rechazo o violencia hacia lo que es diferente est\u00e1 aceptado y normalizado, o al menos no es sancionado\u201d, se\u00f1ala Dom\u00ednguez.<\/p>\n\n\n\n<p>En M\u00e9xico,<a href=\"https:\/\/www.gob.mx\/stps\/prensa\/personas-trans-son-las-mas-afectadas-en-la-comunidad-lgbtttiq-por-discriminacion-laboral?idiom=es\"> las personas trans tienen mayor probabilidad de que se les niegue una oportunidad de empleo<\/a>, de vivir violencia en el trabajo y de recibir un trato desigual.<\/p>\n\n\n\n<p>Todo este rechazo sistem\u00e1tico y estructural les ocasiona <a href=\"\/es\/humano-social\/juventudes-lgbtq\/\" target=\"_blank\" rel=\"noreferrer noopener\">graves problemas de salud mental<\/a>. La evidencia muestra que la exposici\u00f3n constante al estigma y la discriminaci\u00f3n <a href=\"https:\/\/pmc.ncbi.nlm.nih.gov\/articles\/PMC10171731\/\" target=\"_blank\" rel=\"noreferrer noopener\">se asocia con mayores niveles de ansiedad, depresi\u00f3n, estr\u00e9s cr\u00f3nico e ideaci\u00f3n suicida<\/a>.<\/p>\n\n\n\n<p>Tambi\u00e9n es mucho m\u00e1s probable que consuman drogas de una forma adictiva o preocupante.&nbsp;<\/p>\n\n\n\n<p>\u201cHace que tengas que buscar formas de afrontar el miedo, el dolor, la tristeza, el enojo y la frustraci\u00f3n que sientes\u201d, dice Vega.<\/p>\n\n\n\n<p>Adem\u00e1s, muchas personas trans evitan acudir a servicios de salud por miedo a ser maltratadas, lo que agrava problemas m\u00e9dicos prevenibles.<\/p>\n\n\n\n<h2 class=\"wp-block-heading\">C\u00f3mo combatir la transfobia: educaci\u00f3n, familia y pol\u00edticas p\u00fablicas<\/h2>\n\n\n\n<p>Aunque el panorama es gris, la ciencia tambi\u00e9n ofrece pistas sobre c\u00f3mo se puede combatir.<\/p>\n\n\n\n<p>Una de las herramientas m\u00e1s poderosas es la educaci\u00f3n: los programas que explican la diversidad de g\u00e9nero y orientaci\u00f3n sexual de forma clara y con evidencia <a href=\"https:\/\/pubmed.ncbi.nlm.nih.gov\/32036103\/\" target=\"_blank\" rel=\"noreferrer noopener\">reducen prejuicios, especialmente cuando se implementan desde edades tempranas<\/a>.<\/p>\n\n\n\n<p>El apoyo desde los hogares tambi\u00e9n es esencial. Estudios muestran que <a href=\"https:\/\/pubmed.ncbi.nlm.nih.gov\/36187743\/\" target=\"_blank\" rel=\"noreferrer noopener\">el apoyo familiar puede ser un factor protector para la salud mental<\/a>.<\/p>\n\n\n\n<p>\u201cCuando su n\u00facleo primario les entiende y apoya, van a poder lidiar con todo lo de afuera mucho m\u00e1s f\u00e1cil\u201d, dice Vega. \u201cAunque sea un solo integrante de la familia, va a tener una mejor calidad de vida y va a ser mucho m\u00e1s feliz que una persona que es total y absolutamente rechazada\u201d.<\/p>\n\n\n\n<p>Otro elemento clave es el contacto. <a href=\"https:\/\/psycnet.apa.org\/record\/2022-51689-001\" target=\"_blank\" rel=\"noreferrer noopener\">Conocer e interactuar con personas trans<\/a> reduce significativamente los prejuicios, al transformar una idea abstracta en una experiencia humana, permitiendo que predomine la empat\u00eda.&nbsp;<\/p>\n\n\n\n<p>A nivel estructural, las pol\u00edticas p\u00fablicas tambi\u00e9n juegan un papel fundamental. Contar con leyes antidiscriminaci\u00f3n, acceso a servicios de salud inclusivos y el reconocimiento legal de la identidad de g\u00e9nero no solo protege derechos, sino que ayuda a transformar la perspectiva de las sociedades.<\/p>\n\n\n\n<p>\u201cEn M\u00e9xico hemos visto cambios porque a nivel legislativo se han hecho much\u00edsimas modificaciones para promover la aceptaci\u00f3n de la identidad de g\u00e9nero que no es binaria\u201d, dice Dom\u00ednguez.<\/p>\n\n\n\n<p>La evidencia sugiere que combinar educaci\u00f3n, apoyo familiar y pol\u00edticas p\u00fablicas puede reducir los prejuicios y prevenir la violencia.<\/p>\n\n\n\n<p>\u201cSer trans no los hace m\u00e1s o menos personas, m\u00e1s o menos humanos\u201d, concluye Vega.<\/p>\n\n\n\n<p><strong><em>\u00bfTe interes\u00f3 esta historia? \u00bfQuieres publicarla? Contacta a nuestra editora de contenido para m\u00e1s informaci\u00f3n:&nbsp;<a href=\"mailto:marianaleonm@tec.mx\" target=\"_blank\" rel=\"noreferrer noopener\">marianaleonm@tec.mx<\/a><\/em><\/strong><\/p>\n\n\n\n<p><\/p>\n","protected":false},"excerpt":{"rendered":"<p>La ciencia ha documentado por qu\u00e9 ocurre la transfobia, c\u00f3mo afecta la salud mental y qu\u00e9 estrategias ayudan a reducirla.<\/p>\n","protected":false},"author":12,"featured_media":183723,"comment_status":"closed","ping_status":"closed","sticky":false,"template":"","format":"standard","meta":{"_acf_changed":false,"_eb_attr":"","footnotes":""},"categories":[101],"tags":[227,349],"class_list":["post-183658","post","type-post","status-publish","format-standard","has-post-thumbnail","hentry","category-humano-social","tag-salud","tag-salud-mental"],"acf":[],"yoast_head":"<!-- This site is optimized with the Yoast SEO Premium plugin v21.0 (Yoast SEO v27.4) - https:\/\/yoast.com\/product\/yoast-seo-premium-wordpress\/ -->\n<title>Transfobia: causas, consecuencias y c\u00f3mo combatirla, seg\u00fan la ciencia | TecScience<\/title>\n<meta name=\"description\" content=\"La transfobia afecta la salud mental y la seguridad de personas trans y no binarias. La ciencia explica sus causas y qu\u00e9 estrategias ayudan a reducirla.\" \/>\n<meta name=\"robots\" content=\"index, follow, max-snippet:-1, max-image-preview:large, max-video-preview:-1\" \/>\n<link rel=\"canonical\" href=\"https:\/\/tecscience.tec.mx\/es\/humano-social\/transfobia-causas-consecuencias-como-combatirla\/\" \/>\n<meta property=\"og:locale\" content=\"es_ES\" \/>\n<meta property=\"og:type\" content=\"article\" \/>\n<meta property=\"og:title\" content=\"Transfobia: causas, consecuencias en la salud mental y c\u00f3mo combatirla\" \/>\n<meta property=\"og:description\" content=\"La transfobia afecta la salud mental y la seguridad de personas trans y no binarias. La ciencia explica sus causas y qu\u00e9 estrategias ayudan a reducirla.\" \/>\n<meta property=\"og:url\" content=\"https:\/\/tecscience.tec.mx\/es\/humano-social\/transfobia-causas-consecuencias-como-combatirla\/\" \/>\n<meta property=\"og:site_name\" content=\"TecScience\" \/>\n<meta property=\"article:publisher\" content=\"https:\/\/www.facebook.com\/TecScienceWeb\" \/>\n<meta property=\"article:published_time\" content=\"2026-03-28T00:55:19+00:00\" \/>\n<meta property=\"article:modified_time\" content=\"2026-04-07T01:32:34+00:00\" \/>\n<meta property=\"og:image\" content=\"https:\/\/tecscience.tec.mx\/es\/wp-content\/uploads\/sites\/8\/2026\/03\/tfobia.webp\" \/>\n\t<meta property=\"og:image:width\" content=\"750\" \/>\n\t<meta property=\"og:image:height\" content=\"500\" \/>\n\t<meta property=\"og:image:type\" content=\"image\/webp\" \/>\n<meta name=\"author\" content=\"In\u00e9s Guti\u00e9rrez Jaber\" \/>\n<meta name=\"twitter:card\" content=\"summary_large_image\" \/>\n<meta name=\"twitter:creator\" content=\"@TecScience_\" \/>\n<meta name=\"twitter:site\" content=\"@TecScience_\" \/>\n<meta name=\"twitter:label1\" content=\"Escrito por\" \/>\n\t<meta name=\"twitter:data1\" content=\"In\u00e9s Guti\u00e9rrez Jaber\" \/>\n\t<meta name=\"twitter:label2\" content=\"Tiempo de lectura\" \/>\n\t<meta name=\"twitter:data2\" content=\"6 minutos\" \/>\n<script type=\"application\/ld+json\" class=\"yoast-schema-graph\">{\"@context\":\"https:\\\/\\\/schema.org\",\"@graph\":[{\"@type\":\"Article\",\"@id\":\"https:\\\/\\\/tecscience.tec.mx\\\/es\\\/humano-social\\\/transfobia-causas-consecuencias-como-combatirla\\\/#article\",\"isPartOf\":{\"@id\":\"https:\\\/\\\/tecscience.tec.mx\\\/es\\\/humano-social\\\/transfobia-causas-consecuencias-como-combatirla\\\/\"},\"author\":{\"name\":\"In\u00e9s Guti\u00e9rrez Jaber\",\"@id\":\"https:\\\/\\\/tecscience.tec.mx\\\/es\\\/#\\\/schema\\\/person\\\/72a3b50d0dbd7d1124452069e14a2db9\"},\"headline\":\"Transfobia: causas, consecuencias en la salud mental y c\u00f3mo combatirla\",\"datePublished\":\"2026-03-28T00:55:19+00:00\",\"dateModified\":\"2026-04-07T01:32:34+00:00\",\"mainEntityOfPage\":{\"@id\":\"https:\\\/\\\/tecscience.tec.mx\\\/es\\\/humano-social\\\/transfobia-causas-consecuencias-como-combatirla\\\/\"},\"wordCount\":1288,\"publisher\":{\"@id\":\"https:\\\/\\\/tecscience.tec.mx\\\/es\\\/#organization\"},\"image\":{\"@id\":\"https:\\\/\\\/tecscience.tec.mx\\\/es\\\/humano-social\\\/transfobia-causas-consecuencias-como-combatirla\\\/#primaryimage\"},\"thumbnailUrl\":\"https:\\\/\\\/tecscience.tec.mx\\\/es\\\/wp-content\\\/uploads\\\/sites\\\/8\\\/2026\\\/03\\\/tfobia.webp\",\"keywords\":[\"Salud\",\"salud mental\"],\"articleSection\":[\"Humano y Social\"],\"inLanguage\":\"es\"},{\"@type\":\"WebPage\",\"@id\":\"https:\\\/\\\/tecscience.tec.mx\\\/es\\\/humano-social\\\/transfobia-causas-consecuencias-como-combatirla\\\/\",\"url\":\"https:\\\/\\\/tecscience.tec.mx\\\/es\\\/humano-social\\\/transfobia-causas-consecuencias-como-combatirla\\\/\",\"name\":\"Transfobia: causas, consecuencias y c\u00f3mo combatirla, seg\u00fan la ciencia | TecScience\",\"isPartOf\":{\"@id\":\"https:\\\/\\\/tecscience.tec.mx\\\/es\\\/#website\"},\"primaryImageOfPage\":{\"@id\":\"https:\\\/\\\/tecscience.tec.mx\\\/es\\\/humano-social\\\/transfobia-causas-consecuencias-como-combatirla\\\/#primaryimage\"},\"image\":{\"@id\":\"https:\\\/\\\/tecscience.tec.mx\\\/es\\\/humano-social\\\/transfobia-causas-consecuencias-como-combatirla\\\/#primaryimage\"},\"thumbnailUrl\":\"https:\\\/\\\/tecscience.tec.mx\\\/es\\\/wp-content\\\/uploads\\\/sites\\\/8\\\/2026\\\/03\\\/tfobia.webp\",\"datePublished\":\"2026-03-28T00:55:19+00:00\",\"dateModified\":\"2026-04-07T01:32:34+00:00\",\"description\":\"La transfobia afecta la salud mental y la seguridad de personas trans y no binarias. La ciencia explica sus causas y qu\u00e9 estrategias ayudan a reducirla.\",\"breadcrumb\":{\"@id\":\"https:\\\/\\\/tecscience.tec.mx\\\/es\\\/humano-social\\\/transfobia-causas-consecuencias-como-combatirla\\\/#breadcrumb\"},\"inLanguage\":\"es\",\"potentialAction\":[{\"@type\":\"ReadAction\",\"target\":[\"https:\\\/\\\/tecscience.tec.mx\\\/es\\\/humano-social\\\/transfobia-causas-consecuencias-como-combatirla\\\/\"]}]},{\"@type\":\"ImageObject\",\"inLanguage\":\"es\",\"@id\":\"https:\\\/\\\/tecscience.tec.mx\\\/es\\\/humano-social\\\/transfobia-causas-consecuencias-como-combatirla\\\/#primaryimage\",\"url\":\"https:\\\/\\\/tecscience.tec.mx\\\/es\\\/wp-content\\\/uploads\\\/sites\\\/8\\\/2026\\\/03\\\/tfobia.webp\",\"contentUrl\":\"https:\\\/\\\/tecscience.tec.mx\\\/es\\\/wp-content\\\/uploads\\\/sites\\\/8\\\/2026\\\/03\\\/tfobia.webp\",\"width\":750,\"height\":500},{\"@type\":\"BreadcrumbList\",\"@id\":\"https:\\\/\\\/tecscience.tec.mx\\\/es\\\/humano-social\\\/transfobia-causas-consecuencias-como-combatirla\\\/#breadcrumb\",\"itemListElement\":[{\"@type\":\"ListItem\",\"position\":1,\"name\":\"Home\",\"item\":\"https:\\\/\\\/tecscience.tec.mx\\\/es\\\/\"},{\"@type\":\"ListItem\",\"position\":2,\"name\":\"Transfobia: causas, consecuencias en la salud mental y c\u00f3mo combatirla\"}]},{\"@type\":\"WebSite\",\"@id\":\"https:\\\/\\\/tecscience.tec.mx\\\/es\\\/#website\",\"url\":\"https:\\\/\\\/tecscience.tec.mx\\\/es\\\/\",\"name\":\"TecScience\",\"description\":\"Bilingual platform in charge of communicating advances in research, science and innovation at Tec\",\"publisher\":{\"@id\":\"https:\\\/\\\/tecscience.tec.mx\\\/es\\\/#organization\"},\"potentialAction\":[{\"@type\":\"SearchAction\",\"target\":{\"@type\":\"EntryPoint\",\"urlTemplate\":\"https:\\\/\\\/tecscience.tec.mx\\\/es\\\/?s={search_term_string}\"},\"query-input\":{\"@type\":\"PropertyValueSpecification\",\"valueRequired\":true,\"valueName\":\"search_term_string\"}}],\"inLanguage\":\"es\"},{\"@type\":\"Organization\",\"@id\":\"https:\\\/\\\/tecscience.tec.mx\\\/es\\\/#organization\",\"name\":\"TecScience\",\"url\":\"https:\\\/\\\/tecscience.tec.mx\\\/es\\\/\",\"logo\":{\"@type\":\"ImageObject\",\"inLanguage\":\"es\",\"@id\":\"https:\\\/\\\/tecscience.tec.mx\\\/es\\\/#\\\/schema\\\/logo\\\/image\\\/\",\"url\":\"https:\\\/\\\/tecscience.tec.mx\\\/es\\\/wp-content\\\/uploads\\\/sites\\\/8\\\/2022\\\/11\\\/logo-negro-tecscience.svg\",\"contentUrl\":\"https:\\\/\\\/tecscience.tec.mx\\\/es\\\/wp-content\\\/uploads\\\/sites\\\/8\\\/2022\\\/11\\\/logo-negro-tecscience.svg\",\"width\":250,\"height\":38,\"caption\":\"TecScience\"},\"image\":{\"@id\":\"https:\\\/\\\/tecscience.tec.mx\\\/es\\\/#\\\/schema\\\/logo\\\/image\\\/\"},\"sameAs\":[\"https:\\\/\\\/www.facebook.com\\\/TecScienceWeb\",\"https:\\\/\\\/x.com\\\/TecScience_\",\"https:\\\/\\\/www.linkedin.com\\\/company\\\/tec-science\\\/\",\"https:\\\/\\\/www.instagram.com\\\/tecscienceweb\\\/\"],\"publishingPrinciples\":\"https:\\\/\\\/tecscience.tec.mx\\\/es\\\/guia-de-publicacion-para-articulos-de-divulgacion\\\/\",\"correctionsPolicy\":\"https:\\\/\\\/tecscience.tec.mx\\\/es\\\/equipo-editorial-tecscience\\\/\"},{\"@type\":\"Person\",\"@id\":\"https:\\\/\\\/tecscience.tec.mx\\\/es\\\/#\\\/schema\\\/person\\\/72a3b50d0dbd7d1124452069e14a2db9\",\"name\":\"In\u00e9s Guti\u00e9rrez Jaber\",\"image\":{\"@type\":\"ImageObject\",\"inLanguage\":\"es\",\"@id\":\"https:\\\/\\\/secure.gravatar.com\\\/avatar\\\/d136e90158f5aac8a8da8abe38806ceebb853d4d6d17967fb867b912b35483a9?s=96&d=mm&r=g\",\"url\":\"https:\\\/\\\/secure.gravatar.com\\\/avatar\\\/d136e90158f5aac8a8da8abe38806ceebb853d4d6d17967fb867b912b35483a9?s=96&d=mm&r=g\",\"contentUrl\":\"https:\\\/\\\/secure.gravatar.com\\\/avatar\\\/d136e90158f5aac8a8da8abe38806ceebb853d4d6d17967fb867b912b35483a9?s=96&d=mm&r=g\",\"caption\":\"In\u00e9s Guti\u00e9rrez Jaber\"},\"description\":\"Periodista de ciencia y artista visual. Mi trabajo ha sido publicado en medios como Science, Science News, Newsweek, Nexos, \u00bfC\u00f3mo ves?, entre otros. Estudi\u00e9 Biolog\u00eda en la Facultad de Ciencias de la UNAM y ah\u00ed descubr\u00ed mi pasi\u00f3n por comunicarle a todas las personas el conocimiento cient\u00edfico y su relevancia social. Creo que la ciencia, al fomentar el pensamiento cr\u00edtico, puede empoderar a la humanidad y, al ser la base de los avances tecnol\u00f3gicos, puede ayudarla a vivir en las mejores condiciones posibles.\",\"url\":\"https:\\\/\\\/tecscience.tec.mx\\\/es\\\/author\\\/igutierrez\\\/\"}]}<\/script>\n<!-- \/ Yoast SEO Premium plugin. -->","yoast_head_json":{"title":"Transfobia: causas, consecuencias y c\u00f3mo combatirla, seg\u00fan la ciencia | TecScience","description":"La transfobia afecta la salud mental y la seguridad de personas trans y no binarias. La ciencia explica sus causas y qu\u00e9 estrategias ayudan a reducirla.","robots":{"index":"index","follow":"follow","max-snippet":"max-snippet:-1","max-image-preview":"max-image-preview:large","max-video-preview":"max-video-preview:-1"},"canonical":"https:\/\/tecscience.tec.mx\/es\/humano-social\/transfobia-causas-consecuencias-como-combatirla\/","og_locale":"es_ES","og_type":"article","og_title":"Transfobia: causas, consecuencias en la salud mental y c\u00f3mo combatirla","og_description":"La transfobia afecta la salud mental y la seguridad de personas trans y no binarias. La ciencia explica sus causas y qu\u00e9 estrategias ayudan a reducirla.","og_url":"https:\/\/tecscience.tec.mx\/es\/humano-social\/transfobia-causas-consecuencias-como-combatirla\/","og_site_name":"TecScience","article_publisher":"https:\/\/www.facebook.com\/TecScienceWeb","article_published_time":"2026-03-28T00:55:19+00:00","article_modified_time":"2026-04-07T01:32:34+00:00","og_image":[{"width":750,"height":500,"url":"https:\/\/tecscience.tec.mx\/es\/wp-content\/uploads\/sites\/8\/2026\/03\/tfobia.webp","type":"image\/webp"}],"author":"In\u00e9s Guti\u00e9rrez Jaber","twitter_card":"summary_large_image","twitter_creator":"@TecScience_","twitter_site":"@TecScience_","twitter_misc":{"Escrito por":"In\u00e9s Guti\u00e9rrez Jaber","Tiempo de lectura":"6 minutos"},"schema":{"@context":"https:\/\/schema.org","@graph":[{"@type":"Article","@id":"https:\/\/tecscience.tec.mx\/es\/humano-social\/transfobia-causas-consecuencias-como-combatirla\/#article","isPartOf":{"@id":"https:\/\/tecscience.tec.mx\/es\/humano-social\/transfobia-causas-consecuencias-como-combatirla\/"},"author":{"name":"In\u00e9s Guti\u00e9rrez Jaber","@id":"https:\/\/tecscience.tec.mx\/es\/#\/schema\/person\/72a3b50d0dbd7d1124452069e14a2db9"},"headline":"Transfobia: causas, consecuencias en la salud mental y c\u00f3mo combatirla","datePublished":"2026-03-28T00:55:19+00:00","dateModified":"2026-04-07T01:32:34+00:00","mainEntityOfPage":{"@id":"https:\/\/tecscience.tec.mx\/es\/humano-social\/transfobia-causas-consecuencias-como-combatirla\/"},"wordCount":1288,"publisher":{"@id":"https:\/\/tecscience.tec.mx\/es\/#organization"},"image":{"@id":"https:\/\/tecscience.tec.mx\/es\/humano-social\/transfobia-causas-consecuencias-como-combatirla\/#primaryimage"},"thumbnailUrl":"https:\/\/tecscience.tec.mx\/es\/wp-content\/uploads\/sites\/8\/2026\/03\/tfobia.webp","keywords":["Salud","salud mental"],"articleSection":["Humano y Social"],"inLanguage":"es"},{"@type":"WebPage","@id":"https:\/\/tecscience.tec.mx\/es\/humano-social\/transfobia-causas-consecuencias-como-combatirla\/","url":"https:\/\/tecscience.tec.mx\/es\/humano-social\/transfobia-causas-consecuencias-como-combatirla\/","name":"Transfobia: causas, consecuencias y c\u00f3mo combatirla, seg\u00fan la ciencia | TecScience","isPartOf":{"@id":"https:\/\/tecscience.tec.mx\/es\/#website"},"primaryImageOfPage":{"@id":"https:\/\/tecscience.tec.mx\/es\/humano-social\/transfobia-causas-consecuencias-como-combatirla\/#primaryimage"},"image":{"@id":"https:\/\/tecscience.tec.mx\/es\/humano-social\/transfobia-causas-consecuencias-como-combatirla\/#primaryimage"},"thumbnailUrl":"https:\/\/tecscience.tec.mx\/es\/wp-content\/uploads\/sites\/8\/2026\/03\/tfobia.webp","datePublished":"2026-03-28T00:55:19+00:00","dateModified":"2026-04-07T01:32:34+00:00","description":"La transfobia afecta la salud mental y la seguridad de personas trans y no binarias. La ciencia explica sus causas y qu\u00e9 estrategias ayudan a reducirla.","breadcrumb":{"@id":"https:\/\/tecscience.tec.mx\/es\/humano-social\/transfobia-causas-consecuencias-como-combatirla\/#breadcrumb"},"inLanguage":"es","potentialAction":[{"@type":"ReadAction","target":["https:\/\/tecscience.tec.mx\/es\/humano-social\/transfobia-causas-consecuencias-como-combatirla\/"]}]},{"@type":"ImageObject","inLanguage":"es","@id":"https:\/\/tecscience.tec.mx\/es\/humano-social\/transfobia-causas-consecuencias-como-combatirla\/#primaryimage","url":"https:\/\/tecscience.tec.mx\/es\/wp-content\/uploads\/sites\/8\/2026\/03\/tfobia.webp","contentUrl":"https:\/\/tecscience.tec.mx\/es\/wp-content\/uploads\/sites\/8\/2026\/03\/tfobia.webp","width":750,"height":500},{"@type":"BreadcrumbList","@id":"https:\/\/tecscience.tec.mx\/es\/humano-social\/transfobia-causas-consecuencias-como-combatirla\/#breadcrumb","itemListElement":[{"@type":"ListItem","position":1,"name":"Home","item":"https:\/\/tecscience.tec.mx\/es\/"},{"@type":"ListItem","position":2,"name":"Transfobia: causas, consecuencias en la salud mental y c\u00f3mo combatirla"}]},{"@type":"WebSite","@id":"https:\/\/tecscience.tec.mx\/es\/#website","url":"https:\/\/tecscience.tec.mx\/es\/","name":"TecScience","description":"Bilingual platform in charge of communicating advances in research, science and innovation at Tec","publisher":{"@id":"https:\/\/tecscience.tec.mx\/es\/#organization"},"potentialAction":[{"@type":"SearchAction","target":{"@type":"EntryPoint","urlTemplate":"https:\/\/tecscience.tec.mx\/es\/?s={search_term_string}"},"query-input":{"@type":"PropertyValueSpecification","valueRequired":true,"valueName":"search_term_string"}}],"inLanguage":"es"},{"@type":"Organization","@id":"https:\/\/tecscience.tec.mx\/es\/#organization","name":"TecScience","url":"https:\/\/tecscience.tec.mx\/es\/","logo":{"@type":"ImageObject","inLanguage":"es","@id":"https:\/\/tecscience.tec.mx\/es\/#\/schema\/logo\/image\/","url":"https:\/\/tecscience.tec.mx\/es\/wp-content\/uploads\/sites\/8\/2022\/11\/logo-negro-tecscience.svg","contentUrl":"https:\/\/tecscience.tec.mx\/es\/wp-content\/uploads\/sites\/8\/2022\/11\/logo-negro-tecscience.svg","width":250,"height":38,"caption":"TecScience"},"image":{"@id":"https:\/\/tecscience.tec.mx\/es\/#\/schema\/logo\/image\/"},"sameAs":["https:\/\/www.facebook.com\/TecScienceWeb","https:\/\/x.com\/TecScience_","https:\/\/www.linkedin.com\/company\/tec-science\/","https:\/\/www.instagram.com\/tecscienceweb\/"],"publishingPrinciples":"https:\/\/tecscience.tec.mx\/es\/guia-de-publicacion-para-articulos-de-divulgacion\/","correctionsPolicy":"https:\/\/tecscience.tec.mx\/es\/equipo-editorial-tecscience\/"},{"@type":"Person","@id":"https:\/\/tecscience.tec.mx\/es\/#\/schema\/person\/72a3b50d0dbd7d1124452069e14a2db9","name":"In\u00e9s Guti\u00e9rrez Jaber","image":{"@type":"ImageObject","inLanguage":"es","@id":"https:\/\/secure.gravatar.com\/avatar\/d136e90158f5aac8a8da8abe38806ceebb853d4d6d17967fb867b912b35483a9?s=96&d=mm&r=g","url":"https:\/\/secure.gravatar.com\/avatar\/d136e90158f5aac8a8da8abe38806ceebb853d4d6d17967fb867b912b35483a9?s=96&d=mm&r=g","contentUrl":"https:\/\/secure.gravatar.com\/avatar\/d136e90158f5aac8a8da8abe38806ceebb853d4d6d17967fb867b912b35483a9?s=96&d=mm&r=g","caption":"In\u00e9s Guti\u00e9rrez Jaber"},"description":"Periodista de ciencia y artista visual. Mi trabajo ha sido publicado en medios como Science, Science News, Newsweek, Nexos, \u00bfC\u00f3mo ves?, entre otros. Estudi\u00e9 Biolog\u00eda en la Facultad de Ciencias de la UNAM y ah\u00ed descubr\u00ed mi pasi\u00f3n por comunicarle a todas las personas el conocimiento cient\u00edfico y su relevancia social. Creo que la ciencia, al fomentar el pensamiento cr\u00edtico, puede empoderar a la humanidad y, al ser la base de los avances tecnol\u00f3gicos, puede ayudarla a vivir en las mejores condiciones posibles.","url":"https:\/\/tecscience.tec.mx\/es\/author\/igutierrez\/"}]}},"_links":{"self":[{"href":"https:\/\/tecscience.tec.mx\/es\/wp-json\/wp\/v2\/posts\/183658","targetHints":{"allow":["GET"]}}],"collection":[{"href":"https:\/\/tecscience.tec.mx\/es\/wp-json\/wp\/v2\/posts"}],"about":[{"href":"https:\/\/tecscience.tec.mx\/es\/wp-json\/wp\/v2\/types\/post"}],"author":[{"embeddable":true,"href":"https:\/\/tecscience.tec.mx\/es\/wp-json\/wp\/v2\/users\/12"}],"replies":[{"embeddable":true,"href":"https:\/\/tecscience.tec.mx\/es\/wp-json\/wp\/v2\/comments?post=183658"}],"version-history":[{"count":2,"href":"https:\/\/tecscience.tec.mx\/es\/wp-json\/wp\/v2\/posts\/183658\/revisions"}],"predecessor-version":[{"id":184131,"href":"https:\/\/tecscience.tec.mx\/es\/wp-json\/wp\/v2\/posts\/183658\/revisions\/184131"}],"wp:featuredmedia":[{"embeddable":true,"href":"https:\/\/tecscience.tec.mx\/es\/wp-json\/wp\/v2\/media\/183723"}],"wp:attachment":[{"href":"https:\/\/tecscience.tec.mx\/es\/wp-json\/wp\/v2\/media?parent=183658"}],"wp:term":[{"taxonomy":"category","embeddable":true,"href":"https:\/\/tecscience.tec.mx\/es\/wp-json\/wp\/v2\/categories?post=183658"},{"taxonomy":"post_tag","embeddable":true,"href":"https:\/\/tecscience.tec.mx\/es\/wp-json\/wp\/v2\/tags?post=183658"}],"curies":[{"name":"wp","href":"https:\/\/api.w.org\/{rel}","templated":true}]}}