{"id":187095,"date":"2026-09-03T11:22:02","date_gmt":"2026-09-03T17:22:02","guid":{"rendered":"https:\/\/tecscience.tec.mx\/es\/?p=187095"},"modified":"2026-09-03T11:57:21","modified_gmt":"2026-09-03T17:57:21","slug":"tecscience-premio-nacional-periodismo-salud-2026","status":"publish","type":"post","link":"https:\/\/tecscience.tec.mx\/es\/educacion-y-humanismo\/tecscience-premio-nacional-periodismo-salud-2026\/","title":{"rendered":"TecScience gana el Premio Nacional de Periodismo en Salud 2026 por contar la ciencia de la menstruaci\u00f3n"},"content":{"rendered":"\n<p class=\"wp-block-paragraph\">La menstruaci\u00f3n ha acompa\u00f1ado a la humanidad y a las mujeres desde siempre, pero la ciencia apenas empieza a entenderla. La <strong>primera investigaci\u00f3n enfocada en comprender qu\u00e9 le ocurre al cerebro a lo largo del ciclo menstrual se public\u00f3 apenas en 2024<\/strong>, una muestra de cu\u00e1nto tiempo este proceso biol\u00f3gico permaneci\u00f3 fuera de las preguntas centrales de la investigaci\u00f3n cient\u00edfica.<\/p>\n\n\n\n<p class=\"wp-block-paragraph\">\u201cEste tab\u00fa no solo ha impactado la manera en que vivimos la menstruaci\u00f3n como individuos, sino cu\u00e1nto sabemos de ella cient\u00edficamente hablando\u201d, reflexion\u00f3 In\u00e9s Guti\u00e9rrez Jaber, reportera de TecScience, al recibir el <a href=\"https:\/\/www.opinion51.com\/premiosalud\/\" target=\"_blank\" rel=\"noreferrer noopener\">Tercer Premio Nacional de Periodismo en Salud 2026<\/a>.<\/p>\n\n\n\n<p class=\"wp-block-paragraph\">Su trabajo sobre esta nueva era de la investigaci\u00f3n menstrual, publicado en <strong>TecScience<\/strong>, fue reconocido con el <strong>primer lugar<\/strong> en la categor\u00eda de <strong>Contenido Escrito<\/strong>.<\/p>\n\n\n\n<p class=\"wp-block-paragraph\">El premio es entregado por Opini\u00f3n 51, Merck y medios de comunicaci\u00f3n aliados \u2014TV UNAM, El Economista, El Universal y S\u00edntesis TV\u2014, en una edici\u00f3n que recibi\u00f3 m\u00e1s de 80 postulaciones de periodistas de todo el pa\u00eds.<\/p>\n\n\n\n<figure class=\"wp-block-embed is-type-wp-embed is-provider-tecscience wp-block-embed-tecscience\"><div class=\"wp-block-embed__wrapper\">\n<blockquote class=\"wp-embedded-content\" data-secret=\"G6BUTJFvip\"><a href=\"https:\/\/tecscience.tec.mx\/es\/salud\/que-es-la-menstruacion\/\">Durante d\u00e9cadas ignoramos la menstruaci\u00f3n; ahora sabemos que cambia el cerebro<\/a><\/blockquote><iframe class=\"wp-embedded-content\" sandbox=\"allow-scripts\" security=\"restricted\" style=\"position: absolute; visibility: hidden;\" title=\"\u00abDurante d\u00e9cadas ignoramos la menstruaci\u00f3n; ahora sabemos que cambia el cerebro\u00bb \u2014 TecScience\" src=\"https:\/\/tecscience.tec.mx\/es\/salud\/que-es-la-menstruacion\/embed\/#?secret=vA7uhA42Bt#?secret=G6BUTJFvip\" data-secret=\"G6BUTJFvip\" width=\"600\" height=\"338\" frameborder=\"0\" marginwidth=\"0\" marginheight=\"0\" scrolling=\"no\"><\/iframe>\n<\/div><\/figure>\n\n\n\n<p class=\"wp-block-paragraph\">Para Guti\u00e9rrez, descubrir que el cerebro cambia en sinton\u00eda con las hormonas durante el ciclo menstrual tambi\u00e9n fue una experiencia personal.<\/p>\n\n\n\n<p class=\"wp-block-paragraph\">\u201cComo mujer, enterarme de que nuestro cerebro cambia en sinton\u00eda con nuestras hormonas fue liberador. Por primera vez sent\u00ed que alguien estaba intentando descifrar por qu\u00e9 la paso tan mal cuando me baja\u201d, comparti\u00f3 durante la premiaci\u00f3n.<\/p>\n\n\n\n<p class=\"wp-block-paragraph\">La investigaci\u00f3n, explic\u00f3, <strong>todav\u00eda deja muchas preguntas abiertas<\/strong>. El estudio no analiz\u00f3 la relaci\u00f3n entre los cambios cerebrales y las modificaciones en el comportamiento o las emociones, pero s\u00ed sent\u00f3 las bases para nuevas investigaciones sobre un proceso que durante mucho tiempo permaneci\u00f3 fuera de las prioridades cient\u00edficas.<\/p>\n\n\n\n<p class=\"wp-block-paragraph\">La historia continu\u00f3 en el podcast de TecScience, <em><a href=\"https:\/\/open.spotify.com\/show\/7DgCusvMmSaIx9gFibDnBg\" target=\"_blank\" rel=\"noreferrer noopener\">Historias para Mentes Curiosas<\/a><\/em>, donde Guti\u00e9rrez profundiz\u00f3 en los hallazgos junto a las investigadoras que dieron forma al reportaje.<\/p>\n\n\n\n<figure class=\"wp-block-embed is-type-rich is-provider-spotify wp-block-embed-spotify wp-embed-aspect-21-9 wp-has-aspect-ratio\"><div class=\"wp-block-embed__wrapper\">\n<iframe title=\"Spotify Embed: Ep. 139 - Menstruaci\u00f3n: lo que el cuerpo dice y la ciencia empieza a entender\" style=\"border-radius: 12px\" width=\"100%\" height=\"152\" frameborder=\"0\" allowfullscreen allow=\"autoplay; clipboard-write; encrypted-media; fullscreen; picture-in-picture\" loading=\"lazy\" src=\"https:\/\/open.spotify.com\/embed\/episode\/5bN16zur93xJ3Jgz8GKEEm?utm_source=oembed\"><\/iframe>\n<\/div><\/figure>\n\n\n\n<h2 class=\"wp-block-heading\">La menstruaci\u00f3n tambi\u00e9n es una historia de desigualdad <\/h2>\n\n\n\n<p class=\"wp-block-paragraph\">El reconocimiento llev\u00f3 a Guti\u00e9rrez a preguntarse qui\u00e9nes quedan fuera de esta nueva etapa de investigaci\u00f3n.<\/p>\n\n\n\n<p class=\"wp-block-paragraph\">\u201cComo periodista todav\u00eda me quedan muchas preguntas\u201d, dijo. Record\u00f3 que, aunque ella misma vive cada mes los efectos de la menstruaci\u00f3n, cuenta con condiciones de vida privilegiadas frente a otras mujeres y personas menstruantes.<\/p>\n\n\n\n<p class=\"wp-block-paragraph\">La periodista puso sobre la mesa las experiencias de quienes viven con endometriosis u otras alteraciones, as\u00ed como de mujeres privadas de la libertad, migrantes, personas en situaci\u00f3n de pobreza o quienes viven en comunidades marginadas.<\/p>\n\n\n\n<p class=\"wp-block-paragraph\">\u201c\u00bfC\u00f3mo nos aseguramos de que el proceso que hace posible que las personas menstruantes gestemos vida se viva con la dignidad que merece?\u201d, plante\u00f3.<\/p>\n\n\n\n<p class=\"wp-block-paragraph\">Para Guti\u00e9rrez, investigar y comunicar la menstruaci\u00f3n implica tambi\u00e9n dejar de considerarla \u00fanicamente como \u201cun asunto de las mujeres\u201d y comenzar a entenderla como un tema de salud p\u00fablica y justicia.<\/p>\n\n\n<blockquote class=\"instagram-media\" data-instgrm-captioned data-instgrm-permalink=\"https:\/\/www.instagram.com\/p\/DczyRaWFT89\/?utm_source=ig_embed&amp;utm_campaign=loading\" data-instgrm-version=\"14\" style=\"background:#FFF;border:0;border-radius:3px;margin: 1px;max-width:540px;min-width:326px;padding:0;width:99.375%;width:-webkit-calc(100% - 2px);width:calc(100% - 2px)\">\n<div style=\"padding:16px\"> <a href=\"https:\/\/www.instagram.com\/p\/DczyRaWFT89\/?utm_source=ig_embed&amp;utm_campaign=loading\" style=\"background:#FFFFFF;line-height:0;padding:0 0;text-align:center;text-decoration:none;width:100%\" target=\"_blank\"> <\/p>\n<div style=\"display: flex;flex-direction: row;align-items: center\">\n<div style=\"background-color: #F4F4F4;border-radius: 50%;flex-grow: 0;height: 40px;margin-right: 14px;width: 40px\"><\/div>\n<div style=\"display: flex;flex-direction: column;flex-grow: 1;justify-content: center\">\n<div style=\"background-color: #F4F4F4;border-radius: 4px;flex-grow: 0;height: 14px;margin-bottom: 6px;width: 100px\"><\/div>\n<div style=\"background-color: #F4F4F4;border-radius: 4px;flex-grow: 0;height: 14px;width: 60px\"><\/div>\n<\/div>\n<\/div>\n<div style=\"padding: 19% 0\"><\/div>\n<div style=\"display:block;height:50px;margin:0 auto 12px;width:50px\"><\/div>\n<div style=\"padding-top: 8px\">\n<div style=\"color:#3897f0;font-family:Arial,sans-serif;font-size:14px;font-style:normal;font-weight:550;line-height:18px\">Ver esta publicaci\u00f3n en Instagram<\/div>\n<\/div>\n<div style=\"padding: 12.5% 0\"><\/div>\n<div style=\"display: flex;flex-direction: row;margin-bottom: 14px;align-items: center\">\n<div>\n<div style=\"background-color: #F4F4F4;border-radius: 50%;height: 12.5px;width: 12.5px\"><\/div>\n<div style=\"background-color: #F4F4F4;height: 12.5px;width: 12.5px;flex-grow: 0;margin-right: 14px;margin-left: 2px\"><\/div>\n<div style=\"background-color: #F4F4F4;border-radius: 50%;height: 12.5px;width: 12.5px\"><\/div>\n<\/div>\n<div style=\"margin-left: 8px\">\n<div style=\"background-color: #F4F4F4;border-radius: 50%;flex-grow: 0;height: 20px;width: 20px\"><\/div>\n<div style=\"width: 0;height: 0;border-top: 2px solid transparent;border-left: 6px solid #f4f4f4;border-bottom: 2px solid transparent\"><\/div>\n<\/div>\n<div style=\"margin-left: auto\">\n<div style=\"width: 0px;border-top: 8px solid #F4F4F4;border-right: 8px solid transparent\"><\/div>\n<div style=\"background-color: #F4F4F4;flex-grow: 0;height: 12px;width: 16px\"><\/div>\n<div style=\"width: 0;height: 0;border-top: 8px solid #F4F4F4;border-left: 8px solid transparent\"><\/div>\n<\/div>\n<\/div>\n<div style=\"display: flex;flex-direction: column;flex-grow: 1;justify-content: center;margin-bottom: 24px\">\n<div style=\"background-color: #F4F4F4;border-radius: 4px;flex-grow: 0;height: 14px;margin-bottom: 6px;width: 224px\"><\/div>\n<div style=\"background-color: #F4F4F4;border-radius: 4px;flex-grow: 0;height: 14px;width: 144px\"><\/div>\n<\/div>\n<p><\/a><\/p>\n<p style=\"color:#c9c8cd;font-family:Arial,sans-serif;font-size:14px;line-height:17px;margin-bottom:0;margin-top:8px;overflow:hidden;padding:8px 0 7px;text-align:center;white-space:nowrap\"><a href=\"https:\/\/www.instagram.com\/p\/DczyRaWFT89\/?utm_source=ig_embed&amp;utm_campaign=loading\" style=\"color:#c9c8cd;font-family:Arial,sans-serif;font-size:14px;font-style:normal;font-weight:normal;line-height:17px;text-decoration:none\" target=\"_blank\">Una publicaci\u00f3n compartida por TecScience (@tecscienceweb)<\/a><\/p>\n<\/div>\n<\/blockquote>\n\n\n\n<h2 class=\"wp-block-heading\">El periodismo de salud frente a la IA<\/h2>\n\n\n\n<p class=\"wp-block-paragraph\">Durante la ceremonia, <a href=\"https:\/\/www.linkedin.com\/in\/cristian-von-schulz-hausmann\/\">Cristian Von Schulz Hausmann<\/a>, director general de Merck en M\u00e9xico, destac\u00f3 el papel que desempe\u00f1a el periodismo de salud en un entorno de exceso de informaci\u00f3n y herramientas de inteligencia artificial capaces de responder preguntas m\u00e9dicas.<\/p>\n\n\n\n<p class=\"wp-block-paragraph\">\u201c<strong>Qu\u00e9 f\u00e1cil es preguntarle al doctor en ChatGPT <\/strong>o cualquiera de sus agentes qu\u00e9 es lo que me pasa y qu\u00e9 tengo que hacer en vez de ir al m\u00e9dico\u201d, se\u00f1al\u00f3.<\/p>\n\n\n\n<p class=\"wp-block-paragraph\">El problema, explic\u00f3, es que estas herramientas no siempre pueden distinguir entre fuentes adecuadas y fuentes poco confiables y, en algunos casos, pueden generar informaci\u00f3n que no es real.<\/p>\n\n\n\n<p class=\"wp-block-paragraph\">Frente a este escenario, Von Schulz Hausmann consider\u00f3 que el trabajo de periodistas y medios adquiere una relevancia a\u00fan mayor: recopilar informaci\u00f3n cient\u00edfica, verificarla y convertirla en contenidos comprensibles que ayuden a las personas a reconocer se\u00f1ales de alerta y a tomar mejores decisiones sobre su salud.<\/p>\n\n\n\n<p class=\"wp-block-paragraph\">Ese trabajo puede ser especialmente importante en problemas de salud que suelen avanzar de manera silenciosa, como la diabetes en sus primeras etapas, la hipertensi\u00f3n, la obesidad y el sobrepeso, as\u00ed como en temas relacionados con el tabaquismo o el abuso de sustancias.<\/p>\n\n\n\n<p class=\"wp-block-paragraph\">\u201cLa profesi\u00f3n del periodista y del periodista independiente tambi\u00e9n requiere mucho esfuerzo personal\u201d, dijo Von Schulz Hausmann al referirse al reconocimiento como un incentivo para seguir haciendo periodismo de salud.<\/p>\n\n\n\n<figure class=\"wp-block-image aligncenter size-full\"><picture>\r\n                <source srcset=\"https:\/\/tecscience.tec.mx\/es\/wp-content\/uploads\/sites\/8\/2026\/09\/premio-nacional-de-periodismo-en-salud.webp\" type=\"image\/webp\">\r\n                <img fetchpriority=\"high\" decoding=\"async\" width=\"750\" height=\"500\" src=\"https:\/\/tecscience.tec.mx\/es\/wp-content\/uploads\/sites\/8\/2026\/09\/premio-nacional-de-periodismo-en-salud.jpg\" alt=\"\" class=\"wp-image-187123\" srcset=\"https:\/\/tecscience.tec.mx\/es\/wp-content\/uploads\/sites\/8\/2026\/09\/premio-nacional-de-periodismo-en-salud.jpg 750w, https:\/\/tecscience.tec.mx\/es\/wp-content\/uploads\/sites\/8\/2026\/09\/premio-nacional-de-periodismo-en-salud-300x200.jpg 300w\" sizes=\"(max-width: 750px) 100vw, 750px\" \/>\r\n            <\/picture><figcaption class=\"wp-element-caption\">\u201cLa menstruaci\u00f3n tiene que dejar de ser vista como algo de las mujeres y empezar a verse como lo que es: un asunto de salud p\u00fablica y de justicia\u201d: In\u00e9s Guti\u00e9rrez Jaber, durante su discurso al recibir el premio. (Foto: Camila Ordorica \/ TecScience)<\/figcaption><\/figure>\n\n\n\n<h2 class=\"wp-block-heading\">Un premio para el periodismo de salud<\/h2>\n\n\n\n<p class=\"wp-block-paragraph\">Este no es el primer reconocimiento que TecScience recibe en el Premio Nacional de Periodismo en Salud. En la edici\u00f3n de 2024, el podcast <em>Historias para Mentes Curiosas<\/em> obtuvo una <a href=\"\/es\/humano-social\/premio-nacional-de-periodismo-en-salud\/\" target=\"_blank\" rel=\"noreferrer noopener\">Menci\u00f3n Honor\u00edfica en la categor\u00eda de Contenido en Audio<\/a> por el episodio \u201cHongos y microdosis de psilocibina para combatir la depresi\u00f3n. Todo lo que debes saber\u201d.<\/p>\n\n\n\n<figure class=\"wp-block-embed is-type-rich is-provider-spotify wp-block-embed-spotify wp-embed-aspect-21-9 wp-has-aspect-ratio\"><div class=\"wp-block-embed__wrapper\">\n<iframe title=\"Spotify Embed: Ep. 127 - Hongos y microdosis de psilocibina para tratar la depresi\u00f3n. Todo lo que debes saber [Reestreno]\" style=\"border-radius: 12px\" width=\"100%\" height=\"152\" frameborder=\"0\" allowfullscreen allow=\"autoplay; clipboard-write; encrypted-media; fullscreen; picture-in-picture\" loading=\"lazy\" src=\"https:\/\/open.spotify.com\/embed\/episode\/7Lep2CFy1gL0GTmLRHWbUT?utm_source=oembed\"><\/iframe>\n<\/div><\/figure>\n\n\n\n<p class=\"wp-block-paragraph\">Adem\u00e1s de Contenido Escrito, el premio reconoci\u00f3 trabajos en las categor\u00edas de <strong>Video<\/strong>, <strong>Audio<\/strong>, <strong>Redes Sociales<\/strong> y <strong>Universitaria<\/strong>. Aqu\u00ed la lista de ganadores:<\/p>\n\n\n\n<p class=\"wp-block-paragraph\"><strong>Contenido Escrito<\/strong><\/p>\n\n\n\n<p class=\"wp-block-paragraph\"><strong>Galardonada:<\/strong> In\u00e9s Guti\u00e9rrez Jaber, por \u201cDurante d\u00e9cadas ignoramos la menstruaci\u00f3n; ahora sabemos que cambia el cerebro\u201d, publicado en TecScience.<\/p>\n\n\n\n<p class=\"wp-block-paragraph\"><strong>Menci\u00f3n Honor\u00edfica:<\/strong> Claudia Patricia Villalobos Monroy, por \u201cSustitutos de piel para tratamiento de pie diab\u00e9tico y quemaduras\u201d, publicado en IPN.<\/p>\n\n\n\n<p class=\"wp-block-paragraph\"><strong>Contenido en Video<\/strong><\/p>\n\n\n\n<p class=\"wp-block-paragraph\"><strong>Galardonado:<\/strong> Andr\u00e9s A. Sol\u00eds \u00c1lvarez, por \u201cSeguridad bajo estr\u00e9s. Polic\u00edas, militares y atenci\u00f3n psicol\u00f3gica\u201d, publicado en Meganoticias.<\/p>\n\n\n\n<p class=\"wp-block-paragraph\"><strong>Menci\u00f3n Honor\u00edfica:<\/strong> Arturo Ram\u00edrez Hern\u00e1ndez, por \u201cAs\u00ed es la realidad de los m\u00e9dicos residentes en M\u00e9xico\u201d, publicado en Siete24Mx.<\/p>\n\n\n\n<p class=\"wp-block-paragraph\"><strong>Contenido en Audio<\/strong><\/p>\n\n\n\n<p class=\"wp-block-paragraph\"><strong>Galardonados:<\/strong> Aleida Rueda, Luis Fernando Vargas, Camila Segura, Andr\u00e9s Azpiri, R\u00e9my Lozano y Ana Turian, por \u201cLa receta del drag\u00f3n\u201d, publicado en Radio Ambulante.<\/p>\n\n\n\n<p class=\"wp-block-paragraph\"><strong>Menci\u00f3n Honor\u00edfica:<\/strong> Maricarmen Climent y Carlos Antonio S\u00e1nchez, por \u201cProhibido embarazarse\u201d, publicado en Pan Pal Susto Podcast.<\/p>\n\n\n\n<p class=\"wp-block-paragraph\"><strong>Contenido en Redes Sociales<\/strong><\/p>\n\n\n\n<p class=\"wp-block-paragraph\"><strong>Galardonada:<\/strong> Jimena F\u00e9rez Vidal, por \u201cPor qu\u00e9 no probar alcohol en etapa adolescente\u201d, publicado en Madrehadisima.<\/p>\n\n\n\n<p class=\"wp-block-paragraph\"><strong>Categor\u00eda Universitaria<\/strong><\/p>\n\n\n\n<p class=\"wp-block-paragraph\"><strong>Galardonada:<\/strong> Ximena Guadalupe Guerrero Medina, por \u201cDetecci\u00f3n temprana del VPH: un biosensor que busca salvar vidas en M\u00e9xico\u201d, publicado en TV UNAM.<\/p>\n\n\n\n<p class=\"wp-block-paragraph\"><br><\/p>\n\n\n\n<figure class=\"wp-block-image aligncenter size-full\"><picture>\r\n                <source srcset=\"https:\/\/tecscience.tec.mx\/es\/wp-content\/uploads\/sites\/8\/2026\/09\/premio-nacional-de-periodismo-en-salud-2026-2.webp\" type=\"image\/webp\">\r\n                <img decoding=\"async\" width=\"750\" height=\"500\" src=\"https:\/\/tecscience.tec.mx\/es\/wp-content\/uploads\/sites\/8\/2026\/09\/premio-nacional-de-periodismo-en-salud-2026-2.jpg\" alt=\"\" class=\"wp-image-187121\" srcset=\"https:\/\/tecscience.tec.mx\/es\/wp-content\/uploads\/sites\/8\/2026\/09\/premio-nacional-de-periodismo-en-salud-2026-2.jpg 750w, https:\/\/tecscience.tec.mx\/es\/wp-content\/uploads\/sites\/8\/2026\/09\/premio-nacional-de-periodismo-en-salud-2026-2-300x200.jpg 300w\" sizes=\"(max-width: 750px) 100vw, 750px\" \/>\r\n            <\/picture><figcaption class=\"wp-element-caption\">Los ganadores de este a\u00f1o (Foto: TecScience)<br><br><\/figcaption><\/figure>\n\n\n\n<p class=\"wp-block-paragraph\"><em>\u00bfTe interes\u00f3 esta historia? \u00bfQuieres publicarla? Contacta a nuestra editora de contenido para m\u00e1s informaci\u00f3n: <a href=\"mailto:marianaleonm@tec.mx\">marianaleonm@tec.mx<\/a><\/em><\/p>\n","protected":false},"excerpt":{"rendered":"<p>In\u00e9s Guti\u00e9rrez Jaber fue reconocida por su investigaci\u00f3n period\u00edstica sobre los avances de la ciencia para entender c\u00f3mo cambia el cerebro a lo largo del ciclo menstrual.<\/p>\n","protected":false},"author":18,"featured_media":187134,"comment_status":"closed","ping_status":"closed","sticky":false,"template":"","format":"standard","meta":{"_acf_changed":false,"_eb_attr":"","footnotes":""},"categories":[974],"tags":[],"class_list":["post-187095","post","type-post","status-publish","format-standard","has-post-thumbnail","hentry","category-educacion-y-humanismo"],"acf":[],"yoast_head":"<!-- This site is optimized with the Yoast SEO Premium plugin v21.0 (Yoast SEO v28.3) - https:\/\/yoast.com\/product\/yoast-seo-premium-wordpress\/ -->\n<title>TecScience gana Premio Nacional de Periodismo en Salud 2026 | TecScience<\/title>\n<meta name=\"description\" content=\"In\u00e9s Guti\u00e9rrez Jaber, periodista de TecScience, gan\u00f3 el Premio Nacional de Periodismo en Salud 2026 por su investigaci\u00f3n sobre menstruaci\u00f3n y cerebro.\" \/>\n<meta name=\"robots\" content=\"index, follow, max-snippet:-1, max-image-preview:large, max-video-preview:-1\" \/>\n<link rel=\"canonical\" href=\"https:\/\/tecscience.tec.mx\/es\/educacion-y-humanismo\/tecscience-premio-nacional-periodismo-salud-2026\/\" \/>\n<meta property=\"og:locale\" content=\"es_ES\" \/>\n<meta property=\"og:type\" content=\"article\" \/>\n<meta property=\"og:title\" content=\"TecScience gana el Premio Nacional de Periodismo en Salud 2026 por contar la ciencia de la menstruaci\u00f3n\" \/>\n<meta property=\"og:description\" content=\"In\u00e9s Guti\u00e9rrez Jaber, periodista de TecScience, gan\u00f3 el Premio Nacional de Periodismo en Salud 2026 por su investigaci\u00f3n sobre menstruaci\u00f3n y cerebro.\" \/>\n<meta property=\"og:url\" content=\"https:\/\/tecscience.tec.mx\/es\/educacion-y-humanismo\/tecscience-premio-nacional-periodismo-salud-2026\/\" \/>\n<meta property=\"og:site_name\" content=\"TecScience\" \/>\n<meta property=\"article:publisher\" content=\"https:\/\/www.facebook.com\/TecScienceWeb\" \/>\n<meta property=\"article:published_time\" content=\"2026-09-03T17:22:02+00:00\" \/>\n<meta property=\"article:modified_time\" content=\"2026-09-03T17:57:21+00:00\" \/>\n<meta property=\"og:image\" content=\"https:\/\/tecscience.tec.mx\/es\/wp-content\/uploads\/sites\/8\/2026\/09\/premio-nacional-de-periodismo-en-salud-2.jpg\" \/>\n\t<meta property=\"og:image:width\" content=\"750\" \/>\n\t<meta property=\"og:image:height\" content=\"500\" \/>\n\t<meta property=\"og:image:type\" content=\"image\/jpeg\" \/>\n<meta name=\"author\" content=\"TecScience\" \/>\n<meta name=\"twitter:card\" content=\"summary_large_image\" \/>\n<meta name=\"twitter:creator\" content=\"@TecScience_\" \/>\n<meta name=\"twitter:site\" content=\"@TecScience_\" \/>\n<meta name=\"twitter:label1\" content=\"Escrito por\" \/>\n\t<meta name=\"twitter:data1\" content=\"TecScience\" \/>\n\t<meta name=\"twitter:label2\" content=\"Tiempo de lectura\" \/>\n\t<meta name=\"twitter:data2\" content=\"6 minutos\" \/>\n<script type=\"application\/ld+json\" class=\"yoast-schema-graph\">{\"@context\":\"https:\\\/\\\/schema.org\",\"@graph\":[{\"@type\":\"Article\",\"@id\":\"https:\\\/\\\/tecscience.tec.mx\\\/es\\\/educacion-y-humanismo\\\/tecscience-premio-nacional-periodismo-salud-2026\\\/#article\",\"isPartOf\":{\"@id\":\"https:\\\/\\\/tecscience.tec.mx\\\/es\\\/educacion-y-humanismo\\\/tecscience-premio-nacional-periodismo-salud-2026\\\/\"},\"author\":{\"name\":\"TecScience\",\"@id\":\"https:\\\/\\\/tecscience.tec.mx\\\/es\\\/#\\\/schema\\\/person\\\/2cb21529224a81080d5bb51f3ff1587e\"},\"headline\":\"TecScience gana el Premio Nacional de Periodismo en Salud 2026 por contar la ciencia de la menstruaci\u00f3n\",\"datePublished\":\"2026-09-03T17:22:02+00:00\",\"dateModified\":\"2026-09-03T17:57:21+00:00\",\"mainEntityOfPage\":{\"@id\":\"https:\\\/\\\/tecscience.tec.mx\\\/es\\\/educacion-y-humanismo\\\/tecscience-premio-nacional-periodismo-salud-2026\\\/\"},\"wordCount\":1146,\"publisher\":{\"@id\":\"https:\\\/\\\/tecscience.tec.mx\\\/es\\\/#organization\"},\"image\":{\"@id\":\"https:\\\/\\\/tecscience.tec.mx\\\/es\\\/educacion-y-humanismo\\\/tecscience-premio-nacional-periodismo-salud-2026\\\/#primaryimage\"},\"thumbnailUrl\":\"https:\\\/\\\/tecscience.tec.mx\\\/es\\\/wp-content\\\/uploads\\\/sites\\\/8\\\/2026\\\/09\\\/premio-nacional-de-periodismo-en-salud-2.jpg\",\"articleSection\":[\"Educaci\u00f3n y Humanismo\"],\"inLanguage\":\"es\"},{\"@type\":\"WebPage\",\"@id\":\"https:\\\/\\\/tecscience.tec.mx\\\/es\\\/educacion-y-humanismo\\\/tecscience-premio-nacional-periodismo-salud-2026\\\/\",\"url\":\"https:\\\/\\\/tecscience.tec.mx\\\/es\\\/educacion-y-humanismo\\\/tecscience-premio-nacional-periodismo-salud-2026\\\/\",\"name\":\"TecScience gana Premio Nacional de Periodismo en Salud 2026 | TecScience\",\"isPartOf\":{\"@id\":\"https:\\\/\\\/tecscience.tec.mx\\\/es\\\/#website\"},\"primaryImageOfPage\":{\"@id\":\"https:\\\/\\\/tecscience.tec.mx\\\/es\\\/educacion-y-humanismo\\\/tecscience-premio-nacional-periodismo-salud-2026\\\/#primaryimage\"},\"image\":{\"@id\":\"https:\\\/\\\/tecscience.tec.mx\\\/es\\\/educacion-y-humanismo\\\/tecscience-premio-nacional-periodismo-salud-2026\\\/#primaryimage\"},\"thumbnailUrl\":\"https:\\\/\\\/tecscience.tec.mx\\\/es\\\/wp-content\\\/uploads\\\/sites\\\/8\\\/2026\\\/09\\\/premio-nacional-de-periodismo-en-salud-2.jpg\",\"datePublished\":\"2026-09-03T17:22:02+00:00\",\"dateModified\":\"2026-09-03T17:57:21+00:00\",\"description\":\"In\u00e9s Guti\u00e9rrez Jaber, periodista de TecScience, gan\u00f3 el Premio Nacional de Periodismo en Salud 2026 por su investigaci\u00f3n sobre menstruaci\u00f3n y cerebro.\",\"breadcrumb\":{\"@id\":\"https:\\\/\\\/tecscience.tec.mx\\\/es\\\/educacion-y-humanismo\\\/tecscience-premio-nacional-periodismo-salud-2026\\\/#breadcrumb\"},\"inLanguage\":\"es\",\"potentialAction\":[{\"@type\":\"ReadAction\",\"target\":[\"https:\\\/\\\/tecscience.tec.mx\\\/es\\\/educacion-y-humanismo\\\/tecscience-premio-nacional-periodismo-salud-2026\\\/\"]}]},{\"@type\":\"ImageObject\",\"inLanguage\":\"es\",\"@id\":\"https:\\\/\\\/tecscience.tec.mx\\\/es\\\/educacion-y-humanismo\\\/tecscience-premio-nacional-periodismo-salud-2026\\\/#primaryimage\",\"url\":\"https:\\\/\\\/tecscience.tec.mx\\\/es\\\/wp-content\\\/uploads\\\/sites\\\/8\\\/2026\\\/09\\\/premio-nacional-de-periodismo-en-salud-2.jpg\",\"contentUrl\":\"https:\\\/\\\/tecscience.tec.mx\\\/es\\\/wp-content\\\/uploads\\\/sites\\\/8\\\/2026\\\/09\\\/premio-nacional-de-periodismo-en-salud-2.jpg\",\"width\":750,\"height\":500,\"caption\":\"In\u00e9s Guti\u00e9rrez Jaber sostiene el reconocimiento a la nota que document\u00f3 por qu\u00e9 la ciencia tard\u00f3 tanto en estudiar la menstruaci\u00f3n. (Foto: Camila Ordorica \\\/ TecScience)\"},{\"@type\":\"BreadcrumbList\",\"@id\":\"https:\\\/\\\/tecscience.tec.mx\\\/es\\\/educacion-y-humanismo\\\/tecscience-premio-nacional-periodismo-salud-2026\\\/#breadcrumb\",\"itemListElement\":[{\"@type\":\"ListItem\",\"position\":1,\"name\":\"Home\",\"item\":\"https:\\\/\\\/tecscience.tec.mx\\\/es\\\/\"},{\"@type\":\"ListItem\",\"position\":2,\"name\":\"TecScience gana el Premio Nacional de Periodismo en Salud 2026 por contar la ciencia de la menstruaci\u00f3n\"}]},{\"@type\":\"WebSite\",\"@id\":\"https:\\\/\\\/tecscience.tec.mx\\\/es\\\/#website\",\"url\":\"https:\\\/\\\/tecscience.tec.mx\\\/es\\\/\",\"name\":\"TecScience\",\"description\":\"Bilingual platform in charge of communicating advances in research, science and innovation at Tec\",\"publisher\":{\"@id\":\"https:\\\/\\\/tecscience.tec.mx\\\/es\\\/#organization\"},\"potentialAction\":[{\"@type\":\"SearchAction\",\"target\":{\"@type\":\"EntryPoint\",\"urlTemplate\":\"https:\\\/\\\/tecscience.tec.mx\\\/es\\\/?s={search_term_string}\"},\"query-input\":{\"@type\":\"PropertyValueSpecification\",\"valueRequired\":true,\"valueName\":\"search_term_string\"}}],\"inLanguage\":\"es\"},{\"@type\":\"Organization\",\"@id\":\"https:\\\/\\\/tecscience.tec.mx\\\/es\\\/#organization\",\"name\":\"TecScience\",\"url\":\"https:\\\/\\\/tecscience.tec.mx\\\/es\\\/\",\"logo\":{\"@type\":\"ImageObject\",\"inLanguage\":\"es\",\"@id\":\"https:\\\/\\\/tecscience.tec.mx\\\/es\\\/#\\\/schema\\\/logo\\\/image\\\/\",\"url\":\"https:\\\/\\\/tecscience.tec.mx\\\/es\\\/wp-content\\\/uploads\\\/sites\\\/8\\\/2022\\\/11\\\/logo-negro-tecscience.svg\",\"contentUrl\":\"https:\\\/\\\/tecscience.tec.mx\\\/es\\\/wp-content\\\/uploads\\\/sites\\\/8\\\/2022\\\/11\\\/logo-negro-tecscience.svg\",\"width\":250,\"height\":38,\"caption\":\"TecScience\"},\"image\":{\"@id\":\"https:\\\/\\\/tecscience.tec.mx\\\/es\\\/#\\\/schema\\\/logo\\\/image\\\/\"},\"sameAs\":[\"https:\\\/\\\/www.facebook.com\\\/TecScienceWeb\",\"https:\\\/\\\/x.com\\\/TecScience_\",\"https:\\\/\\\/www.linkedin.com\\\/company\\\/tec-science\\\/\",\"https:\\\/\\\/www.instagram.com\\\/tecscienceweb\\\/\"],\"publishingPrinciples\":\"https:\\\/\\\/tecscience.tec.mx\\\/es\\\/guia-de-publicacion-para-articulos-de-divulgacion\\\/\",\"correctionsPolicy\":\"https:\\\/\\\/tecscience.tec.mx\\\/es\\\/equipo-editorial-tecscience\\\/\"},{\"@type\":\"Person\",\"@id\":\"https:\\\/\\\/tecscience.tec.mx\\\/es\\\/#\\\/schema\\\/person\\\/2cb21529224a81080d5bb51f3ff1587e\",\"name\":\"TecScience\",\"image\":{\"@type\":\"ImageObject\",\"inLanguage\":\"es\",\"@id\":\"https:\\\/\\\/secure.gravatar.com\\\/avatar\\\/e6a0e74259e313ed3fefde7854d31aa0a2caf7e52ddf9c0baa19e015b7bb5751?s=96&d=mm&r=g\",\"url\":\"https:\\\/\\\/secure.gravatar.com\\\/avatar\\\/e6a0e74259e313ed3fefde7854d31aa0a2caf7e52ddf9c0baa19e015b7bb5751?s=96&d=mm&r=g\",\"contentUrl\":\"https:\\\/\\\/secure.gravatar.com\\\/avatar\\\/e6a0e74259e313ed3fefde7854d31aa0a2caf7e52ddf9c0baa19e015b7bb5751?s=96&d=mm&r=g\",\"caption\":\"TecScience\"},\"url\":\"https:\\\/\\\/tecscience.tec.mx\\\/es\\\/author\\\/tscience\\\/\"}]}<\/script>\n<!-- \/ Yoast SEO Premium plugin. -->","yoast_head_json":{"title":"TecScience gana Premio Nacional de Periodismo en Salud 2026 | TecScience","description":"In\u00e9s Guti\u00e9rrez Jaber, periodista de TecScience, gan\u00f3 el Premio Nacional de Periodismo en Salud 2026 por su investigaci\u00f3n sobre menstruaci\u00f3n y cerebro.","robots":{"index":"index","follow":"follow","max-snippet":"max-snippet:-1","max-image-preview":"max-image-preview:large","max-video-preview":"max-video-preview:-1"},"canonical":"https:\/\/tecscience.tec.mx\/es\/educacion-y-humanismo\/tecscience-premio-nacional-periodismo-salud-2026\/","og_locale":"es_ES","og_type":"article","og_title":"TecScience gana el Premio Nacional de Periodismo en Salud 2026 por contar la ciencia de la menstruaci\u00f3n","og_description":"In\u00e9s Guti\u00e9rrez Jaber, periodista de TecScience, gan\u00f3 el Premio Nacional de Periodismo en Salud 2026 por su investigaci\u00f3n sobre menstruaci\u00f3n y cerebro.","og_url":"https:\/\/tecscience.tec.mx\/es\/educacion-y-humanismo\/tecscience-premio-nacional-periodismo-salud-2026\/","og_site_name":"TecScience","article_publisher":"https:\/\/www.facebook.com\/TecScienceWeb","article_published_time":"2026-09-03T17:22:02+00:00","article_modified_time":"2026-09-03T17:57:21+00:00","og_image":[{"width":750,"height":500,"url":"https:\/\/tecscience.tec.mx\/es\/wp-content\/uploads\/sites\/8\/2026\/09\/premio-nacional-de-periodismo-en-salud-2.jpg","type":"image\/jpeg"}],"author":"TecScience","twitter_card":"summary_large_image","twitter_creator":"@TecScience_","twitter_site":"@TecScience_","twitter_misc":{"Escrito por":"TecScience","Tiempo de lectura":"6 minutos"},"schema":{"@context":"https:\/\/schema.org","@graph":[{"@type":"Article","@id":"https:\/\/tecscience.tec.mx\/es\/educacion-y-humanismo\/tecscience-premio-nacional-periodismo-salud-2026\/#article","isPartOf":{"@id":"https:\/\/tecscience.tec.mx\/es\/educacion-y-humanismo\/tecscience-premio-nacional-periodismo-salud-2026\/"},"author":{"name":"TecScience","@id":"https:\/\/tecscience.tec.mx\/es\/#\/schema\/person\/2cb21529224a81080d5bb51f3ff1587e"},"headline":"TecScience gana el Premio Nacional de Periodismo en Salud 2026 por contar la ciencia de la menstruaci\u00f3n","datePublished":"2026-09-03T17:22:02+00:00","dateModified":"2026-09-03T17:57:21+00:00","mainEntityOfPage":{"@id":"https:\/\/tecscience.tec.mx\/es\/educacion-y-humanismo\/tecscience-premio-nacional-periodismo-salud-2026\/"},"wordCount":1146,"publisher":{"@id":"https:\/\/tecscience.tec.mx\/es\/#organization"},"image":{"@id":"https:\/\/tecscience.tec.mx\/es\/educacion-y-humanismo\/tecscience-premio-nacional-periodismo-salud-2026\/#primaryimage"},"thumbnailUrl":"https:\/\/tecscience.tec.mx\/es\/wp-content\/uploads\/sites\/8\/2026\/09\/premio-nacional-de-periodismo-en-salud-2.jpg","articleSection":["Educaci\u00f3n y Humanismo"],"inLanguage":"es"},{"@type":"WebPage","@id":"https:\/\/tecscience.tec.mx\/es\/educacion-y-humanismo\/tecscience-premio-nacional-periodismo-salud-2026\/","url":"https:\/\/tecscience.tec.mx\/es\/educacion-y-humanismo\/tecscience-premio-nacional-periodismo-salud-2026\/","name":"TecScience gana Premio Nacional de Periodismo en Salud 2026 | TecScience","isPartOf":{"@id":"https:\/\/tecscience.tec.mx\/es\/#website"},"primaryImageOfPage":{"@id":"https:\/\/tecscience.tec.mx\/es\/educacion-y-humanismo\/tecscience-premio-nacional-periodismo-salud-2026\/#primaryimage"},"image":{"@id":"https:\/\/tecscience.tec.mx\/es\/educacion-y-humanismo\/tecscience-premio-nacional-periodismo-salud-2026\/#primaryimage"},"thumbnailUrl":"https:\/\/tecscience.tec.mx\/es\/wp-content\/uploads\/sites\/8\/2026\/09\/premio-nacional-de-periodismo-en-salud-2.jpg","datePublished":"2026-09-03T17:22:02+00:00","dateModified":"2026-09-03T17:57:21+00:00","description":"In\u00e9s Guti\u00e9rrez Jaber, periodista de TecScience, gan\u00f3 el Premio Nacional de Periodismo en Salud 2026 por su investigaci\u00f3n sobre menstruaci\u00f3n y cerebro.","breadcrumb":{"@id":"https:\/\/tecscience.tec.mx\/es\/educacion-y-humanismo\/tecscience-premio-nacional-periodismo-salud-2026\/#breadcrumb"},"inLanguage":"es","potentialAction":[{"@type":"ReadAction","target":["https:\/\/tecscience.tec.mx\/es\/educacion-y-humanismo\/tecscience-premio-nacional-periodismo-salud-2026\/"]}]},{"@type":"ImageObject","inLanguage":"es","@id":"https:\/\/tecscience.tec.mx\/es\/educacion-y-humanismo\/tecscience-premio-nacional-periodismo-salud-2026\/#primaryimage","url":"https:\/\/tecscience.tec.mx\/es\/wp-content\/uploads\/sites\/8\/2026\/09\/premio-nacional-de-periodismo-en-salud-2.jpg","contentUrl":"https:\/\/tecscience.tec.mx\/es\/wp-content\/uploads\/sites\/8\/2026\/09\/premio-nacional-de-periodismo-en-salud-2.jpg","width":750,"height":500,"caption":"In\u00e9s Guti\u00e9rrez Jaber sostiene el reconocimiento a la nota que document\u00f3 por qu\u00e9 la ciencia tard\u00f3 tanto en estudiar la menstruaci\u00f3n. (Foto: Camila Ordorica \/ TecScience)"},{"@type":"BreadcrumbList","@id":"https:\/\/tecscience.tec.mx\/es\/educacion-y-humanismo\/tecscience-premio-nacional-periodismo-salud-2026\/#breadcrumb","itemListElement":[{"@type":"ListItem","position":1,"name":"Home","item":"https:\/\/tecscience.tec.mx\/es\/"},{"@type":"ListItem","position":2,"name":"TecScience gana el Premio Nacional de Periodismo en Salud 2026 por contar la ciencia de la menstruaci\u00f3n"}]},{"@type":"WebSite","@id":"https:\/\/tecscience.tec.mx\/es\/#website","url":"https:\/\/tecscience.tec.mx\/es\/","name":"TecScience","description":"Bilingual platform in charge of communicating advances in research, science and innovation at Tec","publisher":{"@id":"https:\/\/tecscience.tec.mx\/es\/#organization"},"potentialAction":[{"@type":"SearchAction","target":{"@type":"EntryPoint","urlTemplate":"https:\/\/tecscience.tec.mx\/es\/?s={search_term_string}"},"query-input":{"@type":"PropertyValueSpecification","valueRequired":true,"valueName":"search_term_string"}}],"inLanguage":"es"},{"@type":"Organization","@id":"https:\/\/tecscience.tec.mx\/es\/#organization","name":"TecScience","url":"https:\/\/tecscience.tec.mx\/es\/","logo":{"@type":"ImageObject","inLanguage":"es","@id":"https:\/\/tecscience.tec.mx\/es\/#\/schema\/logo\/image\/","url":"https:\/\/tecscience.tec.mx\/es\/wp-content\/uploads\/sites\/8\/2022\/11\/logo-negro-tecscience.svg","contentUrl":"https:\/\/tecscience.tec.mx\/es\/wp-content\/uploads\/sites\/8\/2022\/11\/logo-negro-tecscience.svg","width":250,"height":38,"caption":"TecScience"},"image":{"@id":"https:\/\/tecscience.tec.mx\/es\/#\/schema\/logo\/image\/"},"sameAs":["https:\/\/www.facebook.com\/TecScienceWeb","https:\/\/x.com\/TecScience_","https:\/\/www.linkedin.com\/company\/tec-science\/","https:\/\/www.instagram.com\/tecscienceweb\/"],"publishingPrinciples":"https:\/\/tecscience.tec.mx\/es\/guia-de-publicacion-para-articulos-de-divulgacion\/","correctionsPolicy":"https:\/\/tecscience.tec.mx\/es\/equipo-editorial-tecscience\/"},{"@type":"Person","@id":"https:\/\/tecscience.tec.mx\/es\/#\/schema\/person\/2cb21529224a81080d5bb51f3ff1587e","name":"TecScience","image":{"@type":"ImageObject","inLanguage":"es","@id":"https:\/\/secure.gravatar.com\/avatar\/e6a0e74259e313ed3fefde7854d31aa0a2caf7e52ddf9c0baa19e015b7bb5751?s=96&d=mm&r=g","url":"https:\/\/secure.gravatar.com\/avatar\/e6a0e74259e313ed3fefde7854d31aa0a2caf7e52ddf9c0baa19e015b7bb5751?s=96&d=mm&r=g","contentUrl":"https:\/\/secure.gravatar.com\/avatar\/e6a0e74259e313ed3fefde7854d31aa0a2caf7e52ddf9c0baa19e015b7bb5751?s=96&d=mm&r=g","caption":"TecScience"},"url":"https:\/\/tecscience.tec.mx\/es\/author\/tscience\/"}]}},"_links":{"self":[{"href":"https:\/\/tecscience.tec.mx\/es\/wp-json\/wp\/v2\/posts\/187095","targetHints":{"allow":["GET"]}}],"collection":[{"href":"https:\/\/tecscience.tec.mx\/es\/wp-json\/wp\/v2\/posts"}],"about":[{"href":"https:\/\/tecscience.tec.mx\/es\/wp-json\/wp\/v2\/types\/post"}],"author":[{"embeddable":true,"href":"https:\/\/tecscience.tec.mx\/es\/wp-json\/wp\/v2\/users\/18"}],"replies":[{"embeddable":true,"href":"https:\/\/tecscience.tec.mx\/es\/wp-json\/wp\/v2\/comments?post=187095"}],"version-history":[{"count":2,"href":"https:\/\/tecscience.tec.mx\/es\/wp-json\/wp\/v2\/posts\/187095\/revisions"}],"predecessor-version":[{"id":187128,"href":"https:\/\/tecscience.tec.mx\/es\/wp-json\/wp\/v2\/posts\/187095\/revisions\/187128"}],"wp:featuredmedia":[{"embeddable":true,"href":"https:\/\/tecscience.tec.mx\/es\/wp-json\/wp\/v2\/media\/187134"}],"wp:attachment":[{"href":"https:\/\/tecscience.tec.mx\/es\/wp-json\/wp\/v2\/media?parent=187095"}],"wp:term":[{"taxonomy":"category","embeddable":true,"href":"https:\/\/tecscience.tec.mx\/es\/wp-json\/wp\/v2\/categories?post=187095"},{"taxonomy":"post_tag","embeddable":true,"href":"https:\/\/tecscience.tec.mx\/es\/wp-json\/wp\/v2\/tags?post=187095"}],"curies":[{"name":"wp","href":"https:\/\/api.w.org\/{rel}","templated":true}]}}